{"id":14061,"date":"2019-03-25T14:21:14","date_gmt":"2019-03-25T17:21:14","guid":{"rendered":"https:\/\/www.rivera.gub.uy\/portal\/?p=14061"},"modified":"2019-03-26T09:26:38","modified_gmt":"2019-03-26T12:26:38","slug":"rivera-es-un-territorio-priorizado-por-la-agencia-nacional-de-desarrollo","status":"publish","type":"post","link":"https:\/\/www.rivera.gub.uy\/portal\/rivera-es-un-territorio-priorizado-por-la-agencia-nacional-de-desarrollo\/","title":{"rendered":"Rivera, es un territorio priorizado por la Agencia Nacional de Desarrollo"},"content":{"rendered":"<p>Desde la Intendencia Departamental de Rivera (IDR), se fortalece el sector maderero, capacitando a peque\u00f1os aserraderos, con proyectos aprobados y financiados por la Agencia Nacional de Desarrollo (ANDE).<!--more--><\/p>\n<p>Este lunes, 25 de marzo, se present\u00f3 los avances del Centro de Competitividad Empresarial de Rivera, y contenidos del curso Gesti\u00f3n Empresarial de Peque\u00f1os Aserraderos.<\/p>\n<p>Fue propuesto por la Intendencia Departamental de Rivera, desde la Direcci\u00f3n General de Desarrollo y Medio Ambiente, articulado por la Unidad de Desarrollo, e impulsado por la Agencia Nacional de Desarrollo (ANDE), y el Programa Uruguay M\u00e1s Cerca de la Oficina de Planeamiento y Presupuesto (OPP), en el marco del Programa Fomento de la Competitividad Territorial.<\/p>\n<p>Va dirigido a empresarios del sector maderero (PYMES aserradero), por el proyecto \u201cDesarrollo y fortalecimiento de la cadena de valor del sector Maderero de Rivera, con \u00e9nfasis en la mejora de la productividad, de la competitividad y de la calidad del empleo\u201d \/ Red de Desarrollo Maderero de Rivera (REDEMA).<\/p>\n<p>El Coordinador de la Unidad de Desarrollo, Lic. Santiago Esteves, expres\u00f3:<br \/>\n\u201cEl Proyecto ya est\u00e1 entrando en su segundo a\u00f1o de ejecuci\u00f3n, atiende los aserraderos PYMES del Departamento __poniendo \u00e9nfasis en la cadena forestal maderera__\u201d\u2026 \u201c\u00e9ste proyecto tiene el objetivo de apoyar, y generar competitividad a peque\u00f1os aserraderos\u201d.<\/p>\n<div id='gallery-1' class='gallery galleryid-14061 gallery-columns-4 gallery-size-thumbnail'><figure class='gallery-item'>\n\t\t\t<div class='gallery-icon landscape'>\n\t\t\t\t<a href='https:\/\/www.rivera.gub.uy\/portal\/wp-content\/uploads\/2019\/03\/1-14.jpg'><img loading=\"lazy\" decoding=\"async\" width=\"141\" height=\"94\" src=\"https:\/\/www.rivera.gub.uy\/portal\/wp-content\/uploads\/2019\/03\/1-14-141x94.jpg\" class=\"attachment-thumbnail size-thumbnail\" alt=\"\" srcset=\"https:\/\/www.rivera.gub.uy\/portal\/wp-content\/uploads\/2019\/03\/1-14-141x94.jpg 141w, https:\/\/www.rivera.gub.uy\/portal\/wp-content\/uploads\/2019\/03\/1-14-282x188.jpg 282w, https:\/\/www.rivera.gub.uy\/portal\/wp-content\/uploads\/2019\/03\/1-14-768x512.jpg 768w, https:\/\/www.rivera.gub.uy\/portal\/wp-content\/uploads\/2019\/03\/1-14-939x626.jpg 939w, https:\/\/www.rivera.gub.uy\/portal\/wp-content\/uploads\/2019\/03\/1-14-600x400.jpg 600w, https:\/\/www.rivera.gub.uy\/portal\/wp-content\/uploads\/2019\/03\/1-14-820x547.jpg 820w, https:\/\/www.rivera.gub.uy\/portal\/wp-content\/uploads\/2019\/03\/1-14-272x182.jpg 272w\" sizes=\"auto, (max-width: 141px) 100vw, 141px\" \/><\/a>\n\t\t\t<\/div><\/figure><figure class='gallery-item'>\n\t\t\t<div class='gallery-icon landscape'>\n\t\t\t\t<a href='https:\/\/www.rivera.gub.uy\/portal\/wp-content\/uploads\/2019\/03\/2-13.jpg'><img loading=\"lazy\" decoding=\"async\" width=\"141\" height=\"94\" src=\"https:\/\/www.rivera.gub.uy\/portal\/wp-content\/uploads\/2019\/03\/2-13-141x94.jpg\" class=\"attachment-thumbnail size-thumbnail\" alt=\"\" srcset=\"https:\/\/www.rivera.gub.uy\/portal\/wp-content\/uploads\/2019\/03\/2-13-141x94.jpg 141w, https:\/\/www.rivera.gub.uy\/portal\/wp-content\/uploads\/2019\/03\/2-13-282x188.jpg 282w, https:\/\/www.rivera.gub.uy\/portal\/wp-content\/uploads\/2019\/03\/2-13-768x512.jpg 768w, https:\/\/www.rivera.gub.uy\/portal\/wp-content\/uploads\/2019\/03\/2-13-939x626.jpg 939w, https:\/\/www.rivera.gub.uy\/portal\/wp-content\/uploads\/2019\/03\/2-13-600x400.jpg 600w, https:\/\/www.rivera.gub.uy\/portal\/wp-content\/uploads\/2019\/03\/2-13-820x547.jpg 820w, https:\/\/www.rivera.gub.uy\/portal\/wp-content\/uploads\/2019\/03\/2-13-272x182.jpg 272w\" sizes=\"auto, (max-width: 141px) 100vw, 141px\" \/><\/a>\n\t\t\t<\/div><\/figure><figure class='gallery-item'>\n\t\t\t<div class='gallery-icon landscape'>\n\t\t\t\t<a href='https:\/\/www.rivera.gub.uy\/portal\/wp-content\/uploads\/2019\/03\/3-10.jpg'><img loading=\"lazy\" decoding=\"async\" width=\"141\" height=\"94\" src=\"https:\/\/www.rivera.gub.uy\/portal\/wp-content\/uploads\/2019\/03\/3-10-141x94.jpg\" class=\"attachment-thumbnail size-thumbnail\" alt=\"\" srcset=\"https:\/\/www.rivera.gub.uy\/portal\/wp-content\/uploads\/2019\/03\/3-10-141x94.jpg 141w, https:\/\/www.rivera.gub.uy\/portal\/wp-content\/uploads\/2019\/03\/3-10-282x188.jpg 282w, https:\/\/www.rivera.gub.uy\/portal\/wp-content\/uploads\/2019\/03\/3-10-768x512.jpg 768w, https:\/\/www.rivera.gub.uy\/portal\/wp-content\/uploads\/2019\/03\/3-10-939x626.jpg 939w, https:\/\/www.rivera.gub.uy\/portal\/wp-content\/uploads\/2019\/03\/3-10-600x400.jpg 600w, https:\/\/www.rivera.gub.uy\/portal\/wp-content\/uploads\/2019\/03\/3-10-820x547.jpg 820w, https:\/\/www.rivera.gub.uy\/portal\/wp-content\/uploads\/2019\/03\/3-10-272x182.jpg 272w\" sizes=\"auto, (max-width: 141px) 100vw, 141px\" \/><\/a>\n\t\t\t<\/div><\/figure><figure class='gallery-item'>\n\t\t\t<div class='gallery-icon landscape'>\n\t\t\t\t<a href='https:\/\/www.rivera.gub.uy\/portal\/wp-content\/uploads\/2019\/03\/4-10.jpg'><img loading=\"lazy\" decoding=\"async\" width=\"141\" height=\"94\" src=\"https:\/\/www.rivera.gub.uy\/portal\/wp-content\/uploads\/2019\/03\/4-10-141x94.jpg\" class=\"attachment-thumbnail size-thumbnail\" alt=\"\" srcset=\"https:\/\/www.rivera.gub.uy\/portal\/wp-content\/uploads\/2019\/03\/4-10-141x94.jpg 141w, https:\/\/www.rivera.gub.uy\/portal\/wp-content\/uploads\/2019\/03\/4-10-282x188.jpg 282w, https:\/\/www.rivera.gub.uy\/portal\/wp-content\/uploads\/2019\/03\/4-10-768x512.jpg 768w, https:\/\/www.rivera.gub.uy\/portal\/wp-content\/uploads\/2019\/03\/4-10-939x626.jpg 939w, https:\/\/www.rivera.gub.uy\/portal\/wp-content\/uploads\/2019\/03\/4-10-600x400.jpg 600w, https:\/\/www.rivera.gub.uy\/portal\/wp-content\/uploads\/2019\/03\/4-10-820x547.jpg 820w, https:\/\/www.rivera.gub.uy\/portal\/wp-content\/uploads\/2019\/03\/4-10-272x182.jpg 272w\" sizes=\"auto, (max-width: 141px) 100vw, 141px\" \/><\/a>\n\t\t\t<\/div><\/figure>\n\t\t<\/div>\n\n<p>Se trabaja para generar herramientas, para fortalecer los aserraderos, con capacitaciones; el curso de Gesti\u00f3n Empresarial, inici\u00f3 el d\u00eda 18 de marzo de 2019, se realiza en la alianza generada con REDEMA y el Centro de Competitividad Empresarial de Rivera.<\/p>\n<p>\u201cRivera es un territorio priorizado por ANDE, creemos que es el camino a seguir, en un territorio con actores locales con ganas de trabajar, con una estrategia departamental, donde la pol\u00edtica nacional no aterriza dispersa, y potencia los esfuerzos que ya se vienen realizando\u201d, palabras de Luc\u00eda Campanella, referente de la Agencia Nacional de Desarrollo, quien estuvo presente en el desayuno de prensa, realizado en el Centro de Competitividad Empresarial, en Agraciada N\u00ba 416.<\/p>\n<p><iframe loading=\"lazy\" width=\"1160\" height=\"653\" src=\"https:\/\/www.youtube.com\/embed\/-4g6vYq3r7A?feature=oembed\" frameborder=\"0\" allow=\"accelerometer; autoplay; encrypted-media; gyroscope; picture-in-picture\" allowfullscreen><\/iframe><\/p>\n","protected":false},"excerpt":{"rendered":"<p>Desde la Intendencia Departamental de Rivera (IDR), se fortalece el sector maderero, capacitando a peque\u00f1os aserraderos, con proyectos aprobados y financiados por la Agencia Nacional de Desarrollo (ANDE).<\/p>\n","protected":false},"author":7,"featured_media":14062,"comment_status":"open","ping_status":"open","sticky":false,"template":"","format":"standard","meta":{"footnotes":""},"categories":[1],"tags":[962,380,114,36,592,33],"class_list":["post-14061","post","type-post","status-publish","format-standard","has-post-thumbnail","hentry","category-novedades","tag-agencia-de-desarrollo","tag-dgdma","tag-idr","tag-intendencia","tag-redema","tag-rivera"],"_links":{"self":[{"href":"https:\/\/www.rivera.gub.uy\/portal\/wp-json\/wp\/v2\/posts\/14061","targetHints":{"allow":["GET"]}}],"collection":[{"href":"https:\/\/www.rivera.gub.uy\/portal\/wp-json\/wp\/v2\/posts"}],"about":[{"href":"https:\/\/www.rivera.gub.uy\/portal\/wp-json\/wp\/v2\/types\/post"}],"author":[{"embeddable":true,"href":"https:\/\/www.rivera.gub.uy\/portal\/wp-json\/wp\/v2\/users\/7"}],"replies":[{"embeddable":true,"href":"https:\/\/www.rivera.gub.uy\/portal\/wp-json\/wp\/v2\/comments?post=14061"}],"version-history":[{"count":3,"href":"https:\/\/www.rivera.gub.uy\/portal\/wp-json\/wp\/v2\/posts\/14061\/revisions"}],"predecessor-version":[{"id":14069,"href":"https:\/\/www.rivera.gub.uy\/portal\/wp-json\/wp\/v2\/posts\/14061\/revisions\/14069"}],"wp:featuredmedia":[{"embeddable":true,"href":"https:\/\/www.rivera.gub.uy\/portal\/wp-json\/wp\/v2\/media\/14062"}],"wp:attachment":[{"href":"https:\/\/www.rivera.gub.uy\/portal\/wp-json\/wp\/v2\/media?parent=14061"}],"wp:term":[{"taxonomy":"category","embeddable":true,"href":"https:\/\/www.rivera.gub.uy\/portal\/wp-json\/wp\/v2\/categories?post=14061"},{"taxonomy":"post_tag","embeddable":true,"href":"https:\/\/www.rivera.gub.uy\/portal\/wp-json\/wp\/v2\/tags?post=14061"}],"curies":[{"name":"wp","href":"https:\/\/api.w.org\/{rel}","templated":true}]}}