{"id":14076,"date":"2019-03-26T19:12:18","date_gmt":"2019-03-26T22:12:18","guid":{"rendered":"https:\/\/www.rivera.gub.uy\/portal\/?p=14076"},"modified":"2019-03-28T11:34:43","modified_gmt":"2019-03-28T14:34:43","slug":"se-entrega-a-la-comunidad-obra-que-jerarquiza-la-entrada-principal-a-rivera","status":"publish","type":"post","link":"https:\/\/www.rivera.gub.uy\/portal\/se-entrega-a-la-comunidad-obra-que-jerarquiza-la-entrada-principal-a-rivera\/","title":{"rendered":"Se entrega a la comunidad, obra que jerarquiza la entrada principal a Rivera"},"content":{"rendered":"<p><em>\u201cUna etapa m\u00e1s del proceso de transformaci\u00f3n que venimos haciendo en la ciudad de Rivera y el departamento\u201d<\/em>. Arq. Jos\u00e9 Mazzoni<!--more--><br \/>\nEn la ma\u00f1ana del martes 26, ante autoridades civiles y militares, periodistas y vecinos de la zona, el Intendente Departamental de Rivera, junto a su equipo de gobierno, oficializ\u00f3 la ceremonia donde se entreg\u00f3 formalmente a la comunidad, las obras de acondicionamiento de la calle Cnel. Jos\u00e9 Nemesio Escobar (8 cuadras, l\u00edmite Av. Guido Machado y Serralta), como primera etapa; la segunda etapa del proyecto, ser\u00e1 una obra de m\u00e1s de un kil\u00f3metro de distancia entre calle Ingeniero Francisco Serralta y Av. Italia (con vereda, iluminaci\u00f3n y pavimento).<\/p>\n<p><iframe loading=\"lazy\" width=\"1160\" height=\"653\" src=\"https:\/\/www.youtube.com\/embed\/z0NpIBEZRvo?feature=oembed\" frameborder=\"0\" allow=\"accelerometer; autoplay; encrypted-media; gyroscope; picture-in-picture\" allowfullscreen><\/iframe><\/p>\n<p>La Direcci\u00f3n General de Obras, es la encargada del proyecto y ejecuci\u00f3n de obras, su Director, Arq. Jos\u00e9 Mazzoni, inform\u00f3: \u201cse hicieron m\u00e1s de 16,000 m\u00b2 de pavimento, con un ancho de nueve metros y medio (9,50 mt) de los cuales, m\u00e1s de once mil (11,456 m\u00b2) son de de pavimento de hormig\u00f3n de 20 cm, __lo que permite soportar el tr\u00e1nsito que est\u00e1 previsto para esta arteria __&#8221;.<\/p>\n<div id='gallery-1' class='gallery galleryid-14076 gallery-columns-4 gallery-size-thumbnail'><figure class='gallery-item'>\n\t\t\t<div class='gallery-icon landscape'>\n\t\t\t\t<a href='https:\/\/www.rivera.gub.uy\/portal\/wp-content\/uploads\/2019\/03\/DSC_0420.jpg'><img loading=\"lazy\" decoding=\"async\" width=\"141\" height=\"94\" src=\"https:\/\/www.rivera.gub.uy\/portal\/wp-content\/uploads\/2019\/03\/DSC_0420-141x94.jpg\" class=\"attachment-thumbnail size-thumbnail\" alt=\"\" srcset=\"https:\/\/www.rivera.gub.uy\/portal\/wp-content\/uploads\/2019\/03\/DSC_0420-141x94.jpg 141w, https:\/\/www.rivera.gub.uy\/portal\/wp-content\/uploads\/2019\/03\/DSC_0420-282x188.jpg 282w, https:\/\/www.rivera.gub.uy\/portal\/wp-content\/uploads\/2019\/03\/DSC_0420-768x512.jpg 768w, https:\/\/www.rivera.gub.uy\/portal\/wp-content\/uploads\/2019\/03\/DSC_0420-939x626.jpg 939w, https:\/\/www.rivera.gub.uy\/portal\/wp-content\/uploads\/2019\/03\/DSC_0420-600x400.jpg 600w, https:\/\/www.rivera.gub.uy\/portal\/wp-content\/uploads\/2019\/03\/DSC_0420-820x547.jpg 820w, https:\/\/www.rivera.gub.uy\/portal\/wp-content\/uploads\/2019\/03\/DSC_0420-272x182.jpg 272w, https:\/\/www.rivera.gub.uy\/portal\/wp-content\/uploads\/2019\/03\/DSC_0420.jpg 1000w\" sizes=\"auto, (max-width: 141px) 100vw, 141px\" \/><\/a>\n\t\t\t<\/div><\/figure><figure class='gallery-item'>\n\t\t\t<div class='gallery-icon landscape'>\n\t\t\t\t<a href='https:\/\/www.rivera.gub.uy\/portal\/wp-content\/uploads\/2019\/03\/DSC_0439.jpg'><img loading=\"lazy\" decoding=\"async\" width=\"141\" height=\"94\" src=\"https:\/\/www.rivera.gub.uy\/portal\/wp-content\/uploads\/2019\/03\/DSC_0439-141x94.jpg\" class=\"attachment-thumbnail size-thumbnail\" alt=\"\" srcset=\"https:\/\/www.rivera.gub.uy\/portal\/wp-content\/uploads\/2019\/03\/DSC_0439-141x94.jpg 141w, https:\/\/www.rivera.gub.uy\/portal\/wp-content\/uploads\/2019\/03\/DSC_0439-282x188.jpg 282w, https:\/\/www.rivera.gub.uy\/portal\/wp-content\/uploads\/2019\/03\/DSC_0439-768x512.jpg 768w, https:\/\/www.rivera.gub.uy\/portal\/wp-content\/uploads\/2019\/03\/DSC_0439-939x626.jpg 939w, https:\/\/www.rivera.gub.uy\/portal\/wp-content\/uploads\/2019\/03\/DSC_0439-600x400.jpg 600w, https:\/\/www.rivera.gub.uy\/portal\/wp-content\/uploads\/2019\/03\/DSC_0439-820x547.jpg 820w, https:\/\/www.rivera.gub.uy\/portal\/wp-content\/uploads\/2019\/03\/DSC_0439-272x182.jpg 272w, https:\/\/www.rivera.gub.uy\/portal\/wp-content\/uploads\/2019\/03\/DSC_0439.jpg 1000w\" sizes=\"auto, (max-width: 141px) 100vw, 141px\" \/><\/a>\n\t\t\t<\/div><\/figure><figure class='gallery-item'>\n\t\t\t<div class='gallery-icon landscape'>\n\t\t\t\t<a href='https:\/\/www.rivera.gub.uy\/portal\/wp-content\/uploads\/2019\/03\/DSC_0459.jpg'><img loading=\"lazy\" decoding=\"async\" width=\"129\" height=\"94\" src=\"https:\/\/www.rivera.gub.uy\/portal\/wp-content\/uploads\/2019\/03\/DSC_0459-129x94.jpg\" class=\"attachment-thumbnail size-thumbnail\" alt=\"\" srcset=\"https:\/\/www.rivera.gub.uy\/portal\/wp-content\/uploads\/2019\/03\/DSC_0459-129x94.jpg 129w, https:\/\/www.rivera.gub.uy\/portal\/wp-content\/uploads\/2019\/03\/DSC_0459-259x188.jpg 259w, https:\/\/www.rivera.gub.uy\/portal\/wp-content\/uploads\/2019\/03\/DSC_0459-768x558.jpg 768w, https:\/\/www.rivera.gub.uy\/portal\/wp-content\/uploads\/2019\/03\/DSC_0459-862x626.jpg 862w, https:\/\/www.rivera.gub.uy\/portal\/wp-content\/uploads\/2019\/03\/DSC_0459-820x595.jpg 820w, https:\/\/www.rivera.gub.uy\/portal\/wp-content\/uploads\/2019\/03\/DSC_0459.jpg 1000w\" sizes=\"auto, (max-width: 129px) 100vw, 129px\" \/><\/a>\n\t\t\t<\/div><\/figure><figure class='gallery-item'>\n\t\t\t<div class='gallery-icon landscape'>\n\t\t\t\t<a href='https:\/\/www.rivera.gub.uy\/portal\/wp-content\/uploads\/2019\/03\/DSC_0461.jpg'><img loading=\"lazy\" decoding=\"async\" width=\"141\" height=\"94\" src=\"https:\/\/www.rivera.gub.uy\/portal\/wp-content\/uploads\/2019\/03\/DSC_0461-141x94.jpg\" class=\"attachment-thumbnail size-thumbnail\" alt=\"\" srcset=\"https:\/\/www.rivera.gub.uy\/portal\/wp-content\/uploads\/2019\/03\/DSC_0461-141x94.jpg 141w, https:\/\/www.rivera.gub.uy\/portal\/wp-content\/uploads\/2019\/03\/DSC_0461-282x188.jpg 282w, https:\/\/www.rivera.gub.uy\/portal\/wp-content\/uploads\/2019\/03\/DSC_0461-768x512.jpg 768w, https:\/\/www.rivera.gub.uy\/portal\/wp-content\/uploads\/2019\/03\/DSC_0461-939x626.jpg 939w, https:\/\/www.rivera.gub.uy\/portal\/wp-content\/uploads\/2019\/03\/DSC_0461-600x400.jpg 600w, https:\/\/www.rivera.gub.uy\/portal\/wp-content\/uploads\/2019\/03\/DSC_0461-820x547.jpg 820w, https:\/\/www.rivera.gub.uy\/portal\/wp-content\/uploads\/2019\/03\/DSC_0461-272x182.jpg 272w, https:\/\/www.rivera.gub.uy\/portal\/wp-content\/uploads\/2019\/03\/DSC_0461.jpg 1000w\" sizes=\"auto, (max-width: 141px) 100vw, 141px\" \/><\/a>\n\t\t\t<\/div><\/figure><figure class='gallery-item'>\n\t\t\t<div class='gallery-icon landscape'>\n\t\t\t\t<a href='https:\/\/www.rivera.gub.uy\/portal\/wp-content\/uploads\/2019\/03\/DSC_0474.jpg'><img loading=\"lazy\" decoding=\"async\" width=\"133\" height=\"94\" src=\"https:\/\/www.rivera.gub.uy\/portal\/wp-content\/uploads\/2019\/03\/DSC_0474-133x94.jpg\" class=\"attachment-thumbnail size-thumbnail\" alt=\"\" srcset=\"https:\/\/www.rivera.gub.uy\/portal\/wp-content\/uploads\/2019\/03\/DSC_0474-133x94.jpg 133w, https:\/\/www.rivera.gub.uy\/portal\/wp-content\/uploads\/2019\/03\/DSC_0474-267x188.jpg 267w, https:\/\/www.rivera.gub.uy\/portal\/wp-content\/uploads\/2019\/03\/DSC_0474-768x541.jpg 768w, https:\/\/www.rivera.gub.uy\/portal\/wp-content\/uploads\/2019\/03\/DSC_0474-888x626.jpg 888w, https:\/\/www.rivera.gub.uy\/portal\/wp-content\/uploads\/2019\/03\/DSC_0474-820x578.jpg 820w, https:\/\/www.rivera.gub.uy\/portal\/wp-content\/uploads\/2019\/03\/DSC_0474.jpg 1000w\" sizes=\"auto, (max-width: 133px) 100vw, 133px\" \/><\/a>\n\t\t\t<\/div><\/figure><figure class='gallery-item'>\n\t\t\t<div class='gallery-icon landscape'>\n\t\t\t\t<a href='https:\/\/www.rivera.gub.uy\/portal\/wp-content\/uploads\/2019\/03\/DSC_0481.jpg'><img loading=\"lazy\" decoding=\"async\" width=\"125\" height=\"94\" src=\"https:\/\/www.rivera.gub.uy\/portal\/wp-content\/uploads\/2019\/03\/DSC_0481-125x94.jpg\" class=\"attachment-thumbnail size-thumbnail\" alt=\"\" srcset=\"https:\/\/www.rivera.gub.uy\/portal\/wp-content\/uploads\/2019\/03\/DSC_0481-125x94.jpg 125w, https:\/\/www.rivera.gub.uy\/portal\/wp-content\/uploads\/2019\/03\/DSC_0481-251x188.jpg 251w, https:\/\/www.rivera.gub.uy\/portal\/wp-content\/uploads\/2019\/03\/DSC_0481-768x576.jpg 768w, https:\/\/www.rivera.gub.uy\/portal\/wp-content\/uploads\/2019\/03\/DSC_0481-835x626.jpg 835w, https:\/\/www.rivera.gub.uy\/portal\/wp-content\/uploads\/2019\/03\/DSC_0481-820x615.jpg 820w, https:\/\/www.rivera.gub.uy\/portal\/wp-content\/uploads\/2019\/03\/DSC_0481.jpg 1000w\" sizes=\"auto, (max-width: 125px) 100vw, 125px\" \/><\/a>\n\t\t\t<\/div><\/figure><figure class='gallery-item'>\n\t\t\t<div class='gallery-icon landscape'>\n\t\t\t\t<a href='https:\/\/www.rivera.gub.uy\/portal\/wp-content\/uploads\/2019\/03\/DSC_0486.jpg'><img loading=\"lazy\" decoding=\"async\" width=\"141\" height=\"94\" src=\"https:\/\/www.rivera.gub.uy\/portal\/wp-content\/uploads\/2019\/03\/DSC_0486-141x94.jpg\" class=\"attachment-thumbnail size-thumbnail\" alt=\"\" srcset=\"https:\/\/www.rivera.gub.uy\/portal\/wp-content\/uploads\/2019\/03\/DSC_0486-141x94.jpg 141w, https:\/\/www.rivera.gub.uy\/portal\/wp-content\/uploads\/2019\/03\/DSC_0486-282x188.jpg 282w, https:\/\/www.rivera.gub.uy\/portal\/wp-content\/uploads\/2019\/03\/DSC_0486-768x512.jpg 768w, https:\/\/www.rivera.gub.uy\/portal\/wp-content\/uploads\/2019\/03\/DSC_0486-939x626.jpg 939w, https:\/\/www.rivera.gub.uy\/portal\/wp-content\/uploads\/2019\/03\/DSC_0486-600x400.jpg 600w, https:\/\/www.rivera.gub.uy\/portal\/wp-content\/uploads\/2019\/03\/DSC_0486-820x547.jpg 820w, https:\/\/www.rivera.gub.uy\/portal\/wp-content\/uploads\/2019\/03\/DSC_0486-272x182.jpg 272w, https:\/\/www.rivera.gub.uy\/portal\/wp-content\/uploads\/2019\/03\/DSC_0486.jpg 1000w\" sizes=\"auto, (max-width: 141px) 100vw, 141px\" \/><\/a>\n\t\t\t<\/div><\/figure><figure class='gallery-item'>\n\t\t\t<div class='gallery-icon landscape'>\n\t\t\t\t<a href='https:\/\/www.rivera.gub.uy\/portal\/wp-content\/uploads\/2019\/03\/2-14.jpg'><img loading=\"lazy\" decoding=\"async\" width=\"150\" height=\"84\" src=\"https:\/\/www.rivera.gub.uy\/portal\/wp-content\/uploads\/2019\/03\/2-14-150x84.jpg\" class=\"attachment-thumbnail size-thumbnail\" alt=\"\" srcset=\"https:\/\/www.rivera.gub.uy\/portal\/wp-content\/uploads\/2019\/03\/2-14-150x84.jpg 150w, https:\/\/www.rivera.gub.uy\/portal\/wp-content\/uploads\/2019\/03\/2-14-300x169.jpg 300w, https:\/\/www.rivera.gub.uy\/portal\/wp-content\/uploads\/2019\/03\/2-14-768x432.jpg 768w, https:\/\/www.rivera.gub.uy\/portal\/wp-content\/uploads\/2019\/03\/2-14-1000x563.jpg 1000w, https:\/\/www.rivera.gub.uy\/portal\/wp-content\/uploads\/2019\/03\/2-14-820x461.jpg 820w\" sizes=\"auto, (max-width: 150px) 100vw, 150px\" \/><\/a>\n\t\t\t<\/div><\/figure>\n\t\t<\/div>\n\n<p><strong>Cnel. Jos\u00e9 Nemesio Escobar<\/strong><\/p>\n<p>La calle Cnel. Jos\u00e9 Nemesio Escobar, es una ruta de desv\u00edo de carga pesada, y dicha obra tambi\u00e9n fue proyectada, teniendo en cuenta que ser\u00e1 muy transitada, cuando est\u00e9 pronto el nuevo emprendimiento de la Terminal de \u00d3mnibus. El objetivo es dotar a la zona, de mejoras en la infraestructura, solucionando los problemas de circulaci\u00f3n, pluviales y transporte.<\/p>\n<p><strong>Obra Integral y Complementaria<\/strong><\/p>\n<p>Con acondicionamiento de espacios p\u00fablicos, iluminaci\u00f3n nueva (luminarias LED), colocaci\u00f3n de sem\u00e1foros, \u201c la inversi\u00f3n de la primera etapa de la obra es de m\u00e1s de cincuenta millones de pesos ($50.000.000), y esta complementa otras ya realizadas en la zona (modificaci\u00f3n de la obra en puente Paso de Castro, el inicio de las obras en el puente La Raca, obras y modificaciones en el Campus Universitario).<\/p>\n<p><strong>Punto clave<\/strong><\/p>\n<p>Librando al uso p\u00fablico una obra ubicada en un punto intermedio de varios barrios, que le da funcionalidad y agilidad a la ciudad __en materia de tr\u00e1nsito__ , jerarquizando la entrada principal a la ciudad, el Intendente Dr. Marne Osorio expres\u00f3, \u201cestaba requiriendo \u00e9sta intervenci\u00f3n, para darle acceso adicional a la ciudad\u201d, adem\u00e1s agradeci\u00f3 a todos y manifest\u00f3: \u201cun proyecto de \u00e9sta magnitud requiere de todas las capacidades de la IDR (administrativas, financieras)&#8221;, y agradeci\u00f3 principalmente a la comunidad, que ha estado presente desde la demanda y acompa\u00f1ando el proceso de obras; &#8220;a partir de este momento son los due\u00f1os de toda esta obra, como ha sido a lo largo de estos a\u00f1os, que hemos trabajado por el pueblo de Rivera\u201d.<\/p>\n<p><iframe loading=\"lazy\" width=\"1160\" height=\"653\" src=\"https:\/\/www.youtube.com\/embed\/87Mq5n7cJ7o?feature=oembed\" frameborder=\"0\" allow=\"accelerometer; autoplay; encrypted-media; gyroscope; picture-in-picture\" allowfullscreen><\/iframe><\/p>\n","protected":false},"excerpt":{"rendered":"<p>\u201cUna etapa m\u00e1s del proceso de transformaci\u00f3n que venimos haciendo en la ciudad de Rivera y el departamento\u201d. Arq. Jos\u00e9 Mazzoni<\/p>\n","protected":false},"author":7,"featured_media":14086,"comment_status":"open","ping_status":"open","sticky":false,"template":"","format":"standard","meta":{"footnotes":""},"categories":[3,1],"tags":[36,963,81,33],"class_list":["post-14076","post","type-post","status-publish","format-standard","has-post-thumbnail","hentry","category-multimedia","category-novedades","tag-intendencia","tag-nemesio-escobar","tag-obras","tag-rivera"],"_links":{"self":[{"href":"https:\/\/www.rivera.gub.uy\/portal\/wp-json\/wp\/v2\/posts\/14076","targetHints":{"allow":["GET"]}}],"collection":[{"href":"https:\/\/www.rivera.gub.uy\/portal\/wp-json\/wp\/v2\/posts"}],"about":[{"href":"https:\/\/www.rivera.gub.uy\/portal\/wp-json\/wp\/v2\/types\/post"}],"author":[{"embeddable":true,"href":"https:\/\/www.rivera.gub.uy\/portal\/wp-json\/wp\/v2\/users\/7"}],"replies":[{"embeddable":true,"href":"https:\/\/www.rivera.gub.uy\/portal\/wp-json\/wp\/v2\/comments?post=14076"}],"version-history":[{"count":9,"href":"https:\/\/www.rivera.gub.uy\/portal\/wp-json\/wp\/v2\/posts\/14076\/revisions"}],"predecessor-version":[{"id":14108,"href":"https:\/\/www.rivera.gub.uy\/portal\/wp-json\/wp\/v2\/posts\/14076\/revisions\/14108"}],"wp:featuredmedia":[{"embeddable":true,"href":"https:\/\/www.rivera.gub.uy\/portal\/wp-json\/wp\/v2\/media\/14086"}],"wp:attachment":[{"href":"https:\/\/www.rivera.gub.uy\/portal\/wp-json\/wp\/v2\/media?parent=14076"}],"wp:term":[{"taxonomy":"category","embeddable":true,"href":"https:\/\/www.rivera.gub.uy\/portal\/wp-json\/wp\/v2\/categories?post=14076"},{"taxonomy":"post_tag","embeddable":true,"href":"https:\/\/www.rivera.gub.uy\/portal\/wp-json\/wp\/v2\/tags?post=14076"}],"curies":[{"name":"wp","href":"https:\/\/api.w.org\/{rel}","templated":true}]}}