{"id":14101,"date":"2019-03-27T14:56:32","date_gmt":"2019-03-27T17:56:32","guid":{"rendered":"https:\/\/www.rivera.gub.uy\/portal\/?p=14101"},"modified":"2019-04-08T10:50:18","modified_gmt":"2019-04-08T13:50:18","slug":"llamado-a-alumnos-postulantes-para-proyecto-afro-fronterizo","status":"publish","type":"post","link":"https:\/\/www.rivera.gub.uy\/portal\/llamado-a-alumnos-postulantes-para-proyecto-afro-fronterizo\/","title":{"rendered":"Llamado a alumnos postulantes para Proyecto: \u201cAFRO FRONTERIZO\u201d"},"content":{"rendered":"<p>La Agencia de Desarrollo de Rivera y la Intendencia Departamental de Rivera a trav\u00e9s de la DGDMA por la Oficina de Inclusi\u00f3n Social, llevar\u00e1n adelante el Proyecto \u201cAFRO FRONTERIZO\u201d IDENTIDAD PALANCA DE DESARROLLO ECONOMICO TERRITORIAL, impulsado por el Programa Uruguay M\u00e1s Cerca de OPP en el marco del llamado a Iniciativas para el Desarrollo Econ\u00f3mico Territorial.<\/p>\n<p>En ese contexto, se convoca a alumnos interesados en realizar cursos de carpinter\u00eda y\u00a0construcci\u00f3n de tambores.<!--more--><\/p>\n<p>Requisitos para la inscripci\u00f3n:<\/p>\n<ul>\n<li>C\u00e9dula de identidad vigente<\/li>\n<li>Carne de salud vigente<\/li>\n<li>Mayor de 18 a\u00f1os<\/li>\n<li>Disponibilidad de d\u00edas y horarios: Lunes, Mi\u00e9rcoles y Jueves de 14hs a 17hs<\/li>\n<li>Se contemplar\u00e1 la Ley 19122<\/li>\n<li>Actitud pro activa y emprendedora<\/li>\n<\/ul>\n<p>La mencionada documentaci\u00f3n deber\u00e1 ser presentada:<\/p>\n<p>Personalmente en el 1 piso de IDR, Oficina de Inclusi\u00f3n social \u2013 DGDMA. Horario: de 8:30 hs a 14:30 hs, donde tambi\u00e9n se completar\u00e1 una ficha de inscripci\u00f3n.<\/p>\n<p>El plazo de inscripci\u00f3n vence el 05\/04\/2019 Inclusive.<\/p>\n<hr \/>\n<p><strong>Extensi\u00f3n de plazo de inscripci\u00f3n<\/strong><\/p>\n<p>El llamado a inscripci\u00f3n se extiende hasta el d\u00eda <strong>viernes 12 de abril<\/strong> del corriente, de 8:30 a 14:30 horas en la Intendencia Municipal de Rivera, en la Oficina de Inclusi\u00f3n Social.<\/p>\n<p>Los d\u00edas martes 9, mi\u00e9rcoles 10 y jueves 11 de abril del corriente, tambi\u00e9n se estar\u00e1 recibiendo inscripciones en el Club Cerro, (Nieto Clavera, 370) de las 17hs a las 19hs.<\/p>\n<p><strong>*Llamado aplicado por el Art. N\u00b0 4 de la Ley 19122 de Afrodescendencia.<\/strong><\/p>\n<p>TDR (<a href=\"https:\/\/www.rivera.gub.uy\/portal\/wp-content\/uploads\/2019\/03\/LLAMADO-prensa-postulantes-afro-fronterizo.pdf\" target=\"_blank\" rel=\"noopener noreferrer\">descargar<\/a>)<\/p>\n","protected":false},"excerpt":{"rendered":"<p>La Agencia de Desarrollo de Rivera y la Intendencia Departamental de Rivera a trav\u00e9s de la DGDMA por la Oficina de Inclusi\u00f3n Social, llevar\u00e1n adelante el Proyecto \u201cAFRO FRONTERIZO\u201d IDENTIDAD PALANCA DE DESARROLLO ECONOMICO TERRITORIAL, impulsado por el Programa Uruguay M\u00e1s Cerca de OPP en el marco del llamado a Iniciativas para el Desarrollo Econ\u00f3mico [&hellip;]<\/p>\n","protected":false},"author":7,"featured_media":6131,"comment_status":"open","ping_status":"open","sticky":false,"template":"","format":"standard","meta":{"footnotes":""},"categories":[8,1],"tags":[],"class_list":["post-14101","post","type-post","status-publish","format-standard","has-post-thumbnail","hentry","category-llamados-a-concursos","category-novedades"],"_links":{"self":[{"href":"https:\/\/www.rivera.gub.uy\/portal\/wp-json\/wp\/v2\/posts\/14101","targetHints":{"allow":["GET"]}}],"collection":[{"href":"https:\/\/www.rivera.gub.uy\/portal\/wp-json\/wp\/v2\/posts"}],"about":[{"href":"https:\/\/www.rivera.gub.uy\/portal\/wp-json\/wp\/v2\/types\/post"}],"author":[{"embeddable":true,"href":"https:\/\/www.rivera.gub.uy\/portal\/wp-json\/wp\/v2\/users\/7"}],"replies":[{"embeddable":true,"href":"https:\/\/www.rivera.gub.uy\/portal\/wp-json\/wp\/v2\/comments?post=14101"}],"version-history":[{"count":3,"href":"https:\/\/www.rivera.gub.uy\/portal\/wp-json\/wp\/v2\/posts\/14101\/revisions"}],"predecessor-version":[{"id":14424,"href":"https:\/\/www.rivera.gub.uy\/portal\/wp-json\/wp\/v2\/posts\/14101\/revisions\/14424"}],"wp:featuredmedia":[{"embeddable":true,"href":"https:\/\/www.rivera.gub.uy\/portal\/wp-json\/wp\/v2\/media\/6131"}],"wp:attachment":[{"href":"https:\/\/www.rivera.gub.uy\/portal\/wp-json\/wp\/v2\/media?parent=14101"}],"wp:term":[{"taxonomy":"category","embeddable":true,"href":"https:\/\/www.rivera.gub.uy\/portal\/wp-json\/wp\/v2\/categories?post=14101"},{"taxonomy":"post_tag","embeddable":true,"href":"https:\/\/www.rivera.gub.uy\/portal\/wp-json\/wp\/v2\/tags?post=14101"}],"curies":[{"name":"wp","href":"https:\/\/api.w.org\/{rel}","templated":true}]}}