{"id":14109,"date":"2019-03-28T11:55:36","date_gmt":"2019-03-28T14:55:36","guid":{"rendered":"https:\/\/www.rivera.gub.uy\/portal\/?p=14109"},"modified":"2019-03-28T12:05:56","modified_gmt":"2019-03-28T15:05:56","slug":"cuatro-atletas-olimpicos-riverenses-nos-dicen-que-los-suenos-si-se-cumplen","status":"publish","type":"post","link":"https:\/\/www.rivera.gub.uy\/portal\/cuatro-atletas-olimpicos-riverenses-nos-dicen-que-los-suenos-si-se-cumplen\/","title":{"rendered":"Cuatro Atletas Ol\u00edmpicos riverenses, nos dicen que los sue\u00f1os s\u00ed se cumplen"},"content":{"rendered":"<p>Reforzando el compromiso y celebrando sus logros, entre oro, plata y bronce, los atletas riverenses, se encontraron con el resultado final de su trabajo y compromiso, acompa\u00f1ados por un equipo humano que los entren\u00f3, apoy\u00f3 y financi\u00f3.<!--more--><\/p>\n<p>Desde la Intendencia Departamental de Rivera, a trav\u00e9s de la divisi\u00f3n Deportes, el Profesor de Educaci\u00f3n F\u00edsica, Nelson Costa __y colaboradores__, entren\u00f3 y logr\u00f3 llevarlos a el mayor evento humanitario y deportivo del mundo, donde refuerzan el compromiso con la inclusi\u00f3n social, Los Juegos Mundiales de Olimp\u00edadas Especiales ( 14 al 21 de marzo 2019) en Abu Dabi, capital de los Emiratos \u00c1rabes Unidos.<\/p>\n<p>En la ma\u00f1ana del martes 26, el Intendente Departamental, Dr. Marne Osorio, junto al Director General de Promoci\u00f3n y Acci\u00f3n Social y el Director de Deportes, recibi\u00f3 a los Atletas Ol\u00edmpicos, para felicitarlos en nombre del pueblo de Rivera.<\/p>\n<p>Los cuatro riverenses, que integraron la representaci\u00f3n de Uruguay, (un total de 45 atletas) son:<\/p>\n<ul>\n<li>Mar\u00eda Victoria Silveira &#8211; Medalla de Bronce en F\u00fatbol Femenino<\/li>\n<li>Marvin Dar\u00edn &#8211; Medalla de Oro en 1500mts y Plata en 800mts.<\/li>\n<li>Ezequiel Damaceno &#8211; Medalla de Oro en Triatl\u00f3n<\/li>\n<li>Xavier Cruz -Medalla de Oro en V\u00f3leibol de Playa<\/li>\n<\/ul>\n<p>Desde la Direcci\u00f3n de Deportes, el Prof. Nelson Costa, hace hincapi\u00e9 en resaltar que desde el a\u00f1o 2011, varios j\u00f3venes de nuestro departamento han participado en importantes eventos (Grecia, Puerto Rico, EE UU, Paraguay y Emiratos \u00c1rabes), \u201cno ser\u00eda posible sin el apoyo de la Intendencia (\u00f3mnibus, pasajes), es la \u00fanica Intendencia del pa\u00eds que tiene un Profesor de Educaci\u00f3n F\u00edsica, trabajando directamente con ellos\u201d.<\/p>\n<blockquote><p>\u201cNosotros estamos en ese papel, el de realizar sus sue\u00f1os y es un orgullo muy grande poder ayudar\u201d<\/p><\/blockquote>\n<p style=\"text-align: right\">Prof. Nelson Costa.<\/p>\n<p>&nbsp;<\/p>\n<p>Promover la inclusi\u00f3n social es el compromiso desde hace mucho tiempo, de la Intendencia Departamental de Rivera.<\/p>\n<div id='gallery-1' class='gallery galleryid-14109 gallery-columns-4 gallery-size-thumbnail'><figure class='gallery-item'>\n\t\t\t<div class='gallery-icon landscape'>\n\t\t\t\t<a href='https:\/\/www.rivera.gub.uy\/portal\/wp-content\/uploads\/2019\/03\/DSC_0881.jpg'><img loading=\"lazy\" decoding=\"async\" width=\"141\" height=\"94\" src=\"https:\/\/www.rivera.gub.uy\/portal\/wp-content\/uploads\/2019\/03\/DSC_0881-141x94.jpg\" class=\"attachment-thumbnail size-thumbnail\" alt=\"\" srcset=\"https:\/\/www.rivera.gub.uy\/portal\/wp-content\/uploads\/2019\/03\/DSC_0881-141x94.jpg 141w, https:\/\/www.rivera.gub.uy\/portal\/wp-content\/uploads\/2019\/03\/DSC_0881-282x188.jpg 282w, https:\/\/www.rivera.gub.uy\/portal\/wp-content\/uploads\/2019\/03\/DSC_0881-768x512.jpg 768w, https:\/\/www.rivera.gub.uy\/portal\/wp-content\/uploads\/2019\/03\/DSC_0881-939x626.jpg 939w, https:\/\/www.rivera.gub.uy\/portal\/wp-content\/uploads\/2019\/03\/DSC_0881-600x400.jpg 600w, https:\/\/www.rivera.gub.uy\/portal\/wp-content\/uploads\/2019\/03\/DSC_0881-820x547.jpg 820w, https:\/\/www.rivera.gub.uy\/portal\/wp-content\/uploads\/2019\/03\/DSC_0881-272x182.jpg 272w, https:\/\/www.rivera.gub.uy\/portal\/wp-content\/uploads\/2019\/03\/DSC_0881.jpg 1500w\" sizes=\"auto, (max-width: 141px) 100vw, 141px\" \/><\/a>\n\t\t\t<\/div><\/figure><figure class='gallery-item'>\n\t\t\t<div class='gallery-icon landscape'>\n\t\t\t\t<a href='https:\/\/www.rivera.gub.uy\/portal\/wp-content\/uploads\/2019\/03\/DSC_0870.jpg'><img loading=\"lazy\" decoding=\"async\" width=\"141\" height=\"94\" src=\"https:\/\/www.rivera.gub.uy\/portal\/wp-content\/uploads\/2019\/03\/DSC_0870-141x94.jpg\" class=\"attachment-thumbnail size-thumbnail\" alt=\"\" srcset=\"https:\/\/www.rivera.gub.uy\/portal\/wp-content\/uploads\/2019\/03\/DSC_0870-141x94.jpg 141w, https:\/\/www.rivera.gub.uy\/portal\/wp-content\/uploads\/2019\/03\/DSC_0870-282x188.jpg 282w, https:\/\/www.rivera.gub.uy\/portal\/wp-content\/uploads\/2019\/03\/DSC_0870-768x512.jpg 768w, https:\/\/www.rivera.gub.uy\/portal\/wp-content\/uploads\/2019\/03\/DSC_0870-939x626.jpg 939w, https:\/\/www.rivera.gub.uy\/portal\/wp-content\/uploads\/2019\/03\/DSC_0870-600x400.jpg 600w, https:\/\/www.rivera.gub.uy\/portal\/wp-content\/uploads\/2019\/03\/DSC_0870-820x547.jpg 820w, https:\/\/www.rivera.gub.uy\/portal\/wp-content\/uploads\/2019\/03\/DSC_0870-272x182.jpg 272w, https:\/\/www.rivera.gub.uy\/portal\/wp-content\/uploads\/2019\/03\/DSC_0870.jpg 1500w\" sizes=\"auto, (max-width: 141px) 100vw, 141px\" \/><\/a>\n\t\t\t<\/div><\/figure><figure class='gallery-item'>\n\t\t\t<div class='gallery-icon landscape'>\n\t\t\t\t<a href='https:\/\/www.rivera.gub.uy\/portal\/wp-content\/uploads\/2019\/03\/DSC_0849.jpg'><img loading=\"lazy\" decoding=\"async\" width=\"136\" height=\"94\" src=\"https:\/\/www.rivera.gub.uy\/portal\/wp-content\/uploads\/2019\/03\/DSC_0849-136x94.jpg\" class=\"attachment-thumbnail size-thumbnail\" alt=\"\" srcset=\"https:\/\/www.rivera.gub.uy\/portal\/wp-content\/uploads\/2019\/03\/DSC_0849-136x94.jpg 136w, https:\/\/www.rivera.gub.uy\/portal\/wp-content\/uploads\/2019\/03\/DSC_0849-271x188.jpg 271w, https:\/\/www.rivera.gub.uy\/portal\/wp-content\/uploads\/2019\/03\/DSC_0849-768x532.jpg 768w, https:\/\/www.rivera.gub.uy\/portal\/wp-content\/uploads\/2019\/03\/DSC_0849-904x626.jpg 904w, https:\/\/www.rivera.gub.uy\/portal\/wp-content\/uploads\/2019\/03\/DSC_0849-820x568.jpg 820w, https:\/\/www.rivera.gub.uy\/portal\/wp-content\/uploads\/2019\/03\/DSC_0849.jpg 1500w\" sizes=\"auto, (max-width: 136px) 100vw, 136px\" \/><\/a>\n\t\t\t<\/div><\/figure><figure class='gallery-item'>\n\t\t\t<div class='gallery-icon landscape'>\n\t\t\t\t<a href='https:\/\/www.rivera.gub.uy\/portal\/wp-content\/uploads\/2019\/03\/DSC_0841.jpg'><img loading=\"lazy\" decoding=\"async\" width=\"141\" height=\"94\" src=\"https:\/\/www.rivera.gub.uy\/portal\/wp-content\/uploads\/2019\/03\/DSC_0841-141x94.jpg\" class=\"attachment-thumbnail size-thumbnail\" alt=\"\" srcset=\"https:\/\/www.rivera.gub.uy\/portal\/wp-content\/uploads\/2019\/03\/DSC_0841-141x94.jpg 141w, https:\/\/www.rivera.gub.uy\/portal\/wp-content\/uploads\/2019\/03\/DSC_0841-282x188.jpg 282w, https:\/\/www.rivera.gub.uy\/portal\/wp-content\/uploads\/2019\/03\/DSC_0841-768x512.jpg 768w, https:\/\/www.rivera.gub.uy\/portal\/wp-content\/uploads\/2019\/03\/DSC_0841-939x626.jpg 939w, https:\/\/www.rivera.gub.uy\/portal\/wp-content\/uploads\/2019\/03\/DSC_0841-600x400.jpg 600w, https:\/\/www.rivera.gub.uy\/portal\/wp-content\/uploads\/2019\/03\/DSC_0841-820x547.jpg 820w, https:\/\/www.rivera.gub.uy\/portal\/wp-content\/uploads\/2019\/03\/DSC_0841-272x182.jpg 272w, https:\/\/www.rivera.gub.uy\/portal\/wp-content\/uploads\/2019\/03\/DSC_0841.jpg 1500w\" sizes=\"auto, (max-width: 141px) 100vw, 141px\" \/><\/a>\n\t\t\t<\/div><\/figure>\n\t\t<\/div>\n\n<p>&nbsp;<\/p>\n","protected":false},"excerpt":{"rendered":"<p>Reforzando el compromiso y celebrando sus logros, entre oro, plata y bronce, los atletas riverenses, se encontraron con el resultado final de su trabajo y compromiso, acompa\u00f1ados por un equipo humano que los entren\u00f3, apoy\u00f3 y financi\u00f3.<\/p>\n","protected":false},"author":7,"featured_media":14113,"comment_status":"open","ping_status":"open","sticky":false,"template":"","format":"standard","meta":{"footnotes":""},"categories":[1],"tags":[47,36,33],"class_list":["post-14109","post","type-post","status-publish","format-standard","has-post-thumbnail","hentry","category-novedades","tag-deportes","tag-intendencia","tag-rivera"],"_links":{"self":[{"href":"https:\/\/www.rivera.gub.uy\/portal\/wp-json\/wp\/v2\/posts\/14109","targetHints":{"allow":["GET"]}}],"collection":[{"href":"https:\/\/www.rivera.gub.uy\/portal\/wp-json\/wp\/v2\/posts"}],"about":[{"href":"https:\/\/www.rivera.gub.uy\/portal\/wp-json\/wp\/v2\/types\/post"}],"author":[{"embeddable":true,"href":"https:\/\/www.rivera.gub.uy\/portal\/wp-json\/wp\/v2\/users\/7"}],"replies":[{"embeddable":true,"href":"https:\/\/www.rivera.gub.uy\/portal\/wp-json\/wp\/v2\/comments?post=14109"}],"version-history":[{"count":4,"href":"https:\/\/www.rivera.gub.uy\/portal\/wp-json\/wp\/v2\/posts\/14109\/revisions"}],"predecessor-version":[{"id":14117,"href":"https:\/\/www.rivera.gub.uy\/portal\/wp-json\/wp\/v2\/posts\/14109\/revisions\/14117"}],"wp:featuredmedia":[{"embeddable":true,"href":"https:\/\/www.rivera.gub.uy\/portal\/wp-json\/wp\/v2\/media\/14113"}],"wp:attachment":[{"href":"https:\/\/www.rivera.gub.uy\/portal\/wp-json\/wp\/v2\/media?parent=14109"}],"wp:term":[{"taxonomy":"category","embeddable":true,"href":"https:\/\/www.rivera.gub.uy\/portal\/wp-json\/wp\/v2\/categories?post=14109"},{"taxonomy":"post_tag","embeddable":true,"href":"https:\/\/www.rivera.gub.uy\/portal\/wp-json\/wp\/v2\/tags?post=14109"}],"curies":[{"name":"wp","href":"https:\/\/api.w.org\/{rel}","templated":true}]}}