{"id":14284,"date":"2019-04-01T14:43:24","date_gmt":"2019-04-01T17:43:24","guid":{"rendered":"https:\/\/www.rivera.gub.uy\/portal\/?p=14284"},"modified":"2019-04-02T15:15:19","modified_gmt":"2019-04-02T18:15:19","slug":"comienzan-talleres-gratuitos-de-carpinteria-y-especializacion-en-construccion-de-tambores","status":"publish","type":"post","link":"https:\/\/www.rivera.gub.uy\/portal\/comienzan-talleres-gratuitos-de-carpinteria-y-especializacion-en-construccion-de-tambores\/","title":{"rendered":"Comienzan talleres gratuitos de Carpinter\u00eda y especializaci\u00f3n en construcci\u00f3n de Tambores"},"content":{"rendered":"<p>Desde la Direcci\u00f3n General de Desarrollo y Medio Ambiente de la Intendencia de Rivera, a trav\u00e9s de la oficina de Inclusi\u00f3n, su coordinadora Ximena Pique, informa detalles del proyecto Afro-Fronterizo, que se va a desarrollar en Club Cerro (ubicado en Cerro del Marco, ciudad de Rivera), donde se van a generar cursos de capacitaci\u00f3n y formaci\u00f3n, en carpinter\u00eda con especializaci\u00f3n en construcci\u00f3n de tambores.<\/p>\n<p>El proyecto est\u00e1 dentro del marco del programa de la Oficina de Inclusi\u00f3n Social, &#8220;trabajamos en apoyo a la comunidad Afrodescendiente (Rivera posee entre un 17 y 20% de la poblaci\u00f3n Afro) en el Departamento\u201d.<!--more--><\/p>\n<p>Se busca fortalecer el \u00e1mbito cultural, rescatar identidades y generar oportunidades de emprendedurismo en Rivera.<\/p>\n<p>Ya est\u00e1n abiertas las inscripciones que van hasta el viernes 5 de abril, con cupos para mayores de 18 a\u00f1os (ambos sexos). Para completar un formulario, hay que dirigirse a la Intendencia Departamental de Rivera, en la Oficina de Inclusi\u00f3n Social, (1er piso, de 08:15 a 15.00 hs.) y acceder al curso gratuito que comienza el 15 de abril.<\/p>\n<p>El taller tendr\u00e1 dos instancias :<\/p>\n<ol>\n<li>Curso b\u00e1sico de carpinter\u00eda<\/li>\n<li>Especializaci\u00f3n en construcci\u00f3n de Tambores<\/li>\n<\/ol>\n<p>El proyecto Afro-Fronterizo, est\u00e1 en el marco de Uruguay m\u00e1s cerca, coordinado por la Intendencia Departamental de Rivera, a trav\u00e9s de la Oficina de Inclusi\u00f3n Social, financiado por la OPP (Oficina de Planeamiento y Presupuesto), gerenciado por la Agencia de Desarrollo (ANDE).<\/p>\n<p>&nbsp;<\/p>\n<p><iframe loading=\"lazy\" width=\"1160\" height=\"653\" src=\"https:\/\/www.youtube.com\/embed\/oea7x755iRs?feature=oembed\" frameborder=\"0\" allow=\"accelerometer; autoplay; encrypted-media; gyroscope; picture-in-picture\" allowfullscreen><\/iframe><\/p>\n","protected":false},"excerpt":{"rendered":"<p>Desde la Direcci\u00f3n General de Desarrollo y Medio Ambiente de la Intendencia de Rivera, a trav\u00e9s de la oficina de Inclusi\u00f3n, su coordinadora Ximena Pique, informa detalles del proyecto Afro-Fronterizo, que se va a desarrollar en Club Cerro (ubicado en Cerro del Marco, ciudad de Rivera), donde se van a generar cursos de capacitaci\u00f3n y [&hellip;]<\/p>\n","protected":false},"author":7,"featured_media":14286,"comment_status":"open","ping_status":"open","sticky":false,"template":"","format":"standard","meta":{"footnotes":""},"categories":[3,1],"tags":[],"class_list":["post-14284","post","type-post","status-publish","format-standard","has-post-thumbnail","hentry","category-multimedia","category-novedades"],"_links":{"self":[{"href":"https:\/\/www.rivera.gub.uy\/portal\/wp-json\/wp\/v2\/posts\/14284","targetHints":{"allow":["GET"]}}],"collection":[{"href":"https:\/\/www.rivera.gub.uy\/portal\/wp-json\/wp\/v2\/posts"}],"about":[{"href":"https:\/\/www.rivera.gub.uy\/portal\/wp-json\/wp\/v2\/types\/post"}],"author":[{"embeddable":true,"href":"https:\/\/www.rivera.gub.uy\/portal\/wp-json\/wp\/v2\/users\/7"}],"replies":[{"embeddable":true,"href":"https:\/\/www.rivera.gub.uy\/portal\/wp-json\/wp\/v2\/comments?post=14284"}],"version-history":[{"count":3,"href":"https:\/\/www.rivera.gub.uy\/portal\/wp-json\/wp\/v2\/posts\/14284\/revisions"}],"predecessor-version":[{"id":14299,"href":"https:\/\/www.rivera.gub.uy\/portal\/wp-json\/wp\/v2\/posts\/14284\/revisions\/14299"}],"wp:featuredmedia":[{"embeddable":true,"href":"https:\/\/www.rivera.gub.uy\/portal\/wp-json\/wp\/v2\/media\/14286"}],"wp:attachment":[{"href":"https:\/\/www.rivera.gub.uy\/portal\/wp-json\/wp\/v2\/media?parent=14284"}],"wp:term":[{"taxonomy":"category","embeddable":true,"href":"https:\/\/www.rivera.gub.uy\/portal\/wp-json\/wp\/v2\/categories?post=14284"},{"taxonomy":"post_tag","embeddable":true,"href":"https:\/\/www.rivera.gub.uy\/portal\/wp-json\/wp\/v2\/tags?post=14284"}],"curies":[{"name":"wp","href":"https:\/\/api.w.org\/{rel}","templated":true}]}}