{"id":14313,"date":"2019-04-03T09:24:47","date_gmt":"2019-04-03T12:24:47","guid":{"rendered":"https:\/\/www.rivera.gub.uy\/portal\/?p=14313"},"modified":"2019-04-03T18:19:18","modified_gmt":"2019-04-03T21:19:18","slug":"intendente-de-rivera-visito-obras-en-barrios-rivera-chico-la-raca-y-la-pedrera","status":"publish","type":"post","link":"https:\/\/www.rivera.gub.uy\/portal\/intendente-de-rivera-visito-obras-en-barrios-rivera-chico-la-raca-y-la-pedrera\/","title":{"rendered":"Intendente de Rivera, visit\u00f3 obras en barrios Rivera Chico, La Raca y La Pedrera"},"content":{"rendered":"<p>\u201cVerificando avances de obras y atendiendo las demandas y particularidades que surgen de cada vecino\u201d<\/p>\n<p>En la ma\u00f1ana del martes 2 de abril, el Intendente Departamental de Rivera, Dr. Marne Osorio Lima, acompa\u00f1ado del Secretario General, Cr. Richard Sander, parte de su equipo de Gobierno, Ediles Departamentales y prensa local; visitaron varios frentes de obras en diferentes barrios de la ciudad, llegando primeramente al barrio Rivera Chico, seguidamente se dirigi\u00f3 a la obra en Puente, La Raca; culminando la recorrida, en barrio La Pedrera.<!--more--><\/p>\n<div id='gallery-1' class='gallery galleryid-14313 gallery-columns-4 gallery-size-thumbnail'><figure class='gallery-item'>\n\t\t\t<div class='gallery-icon landscape'>\n\t\t\t\t<a href='https:\/\/www.rivera.gub.uy\/portal\/wp-content\/uploads\/2019\/04\/DSC_0643.jpg'><img loading=\"lazy\" decoding=\"async\" width=\"132\" height=\"94\" src=\"https:\/\/www.rivera.gub.uy\/portal\/wp-content\/uploads\/2019\/04\/DSC_0643-132x94.jpg\" class=\"attachment-thumbnail size-thumbnail\" alt=\"\" srcset=\"https:\/\/www.rivera.gub.uy\/portal\/wp-content\/uploads\/2019\/04\/DSC_0643-132x94.jpg 132w, https:\/\/www.rivera.gub.uy\/portal\/wp-content\/uploads\/2019\/04\/DSC_0643-263x188.jpg 263w, https:\/\/www.rivera.gub.uy\/portal\/wp-content\/uploads\/2019\/04\/DSC_0643-768x549.jpg 768w, https:\/\/www.rivera.gub.uy\/portal\/wp-content\/uploads\/2019\/04\/DSC_0643-876x626.jpg 876w, https:\/\/www.rivera.gub.uy\/portal\/wp-content\/uploads\/2019\/04\/DSC_0643-820x586.jpg 820w\" sizes=\"auto, (max-width: 132px) 100vw, 132px\" \/><\/a>\n\t\t\t<\/div><\/figure><figure class='gallery-item'>\n\t\t\t<div class='gallery-icon landscape'>\n\t\t\t\t<a href='https:\/\/www.rivera.gub.uy\/portal\/wp-content\/uploads\/2019\/04\/DSC_0656.jpg'><img loading=\"lazy\" decoding=\"async\" width=\"132\" height=\"94\" src=\"https:\/\/www.rivera.gub.uy\/portal\/wp-content\/uploads\/2019\/04\/DSC_0656-132x94.jpg\" class=\"attachment-thumbnail size-thumbnail\" alt=\"\" srcset=\"https:\/\/www.rivera.gub.uy\/portal\/wp-content\/uploads\/2019\/04\/DSC_0656-132x94.jpg 132w, https:\/\/www.rivera.gub.uy\/portal\/wp-content\/uploads\/2019\/04\/DSC_0656-263x188.jpg 263w, https:\/\/www.rivera.gub.uy\/portal\/wp-content\/uploads\/2019\/04\/DSC_0656-768x549.jpg 768w, https:\/\/www.rivera.gub.uy\/portal\/wp-content\/uploads\/2019\/04\/DSC_0656-876x626.jpg 876w, https:\/\/www.rivera.gub.uy\/portal\/wp-content\/uploads\/2019\/04\/DSC_0656-820x586.jpg 820w\" sizes=\"auto, (max-width: 132px) 100vw, 132px\" \/><\/a>\n\t\t\t<\/div><\/figure><figure class='gallery-item'>\n\t\t\t<div class='gallery-icon landscape'>\n\t\t\t\t<a href='https:\/\/www.rivera.gub.uy\/portal\/wp-content\/uploads\/2019\/04\/DSC_0668.jpg'><img loading=\"lazy\" decoding=\"async\" width=\"132\" height=\"94\" src=\"https:\/\/www.rivera.gub.uy\/portal\/wp-content\/uploads\/2019\/04\/DSC_0668-132x94.jpg\" class=\"attachment-thumbnail size-thumbnail\" alt=\"\" srcset=\"https:\/\/www.rivera.gub.uy\/portal\/wp-content\/uploads\/2019\/04\/DSC_0668-132x94.jpg 132w, https:\/\/www.rivera.gub.uy\/portal\/wp-content\/uploads\/2019\/04\/DSC_0668-263x188.jpg 263w, https:\/\/www.rivera.gub.uy\/portal\/wp-content\/uploads\/2019\/04\/DSC_0668-768x549.jpg 768w, https:\/\/www.rivera.gub.uy\/portal\/wp-content\/uploads\/2019\/04\/DSC_0668-876x626.jpg 876w, https:\/\/www.rivera.gub.uy\/portal\/wp-content\/uploads\/2019\/04\/DSC_0668-820x586.jpg 820w\" sizes=\"auto, (max-width: 132px) 100vw, 132px\" \/><\/a>\n\t\t\t<\/div><\/figure><figure class='gallery-item'>\n\t\t\t<div class='gallery-icon landscape'>\n\t\t\t\t<a href='https:\/\/www.rivera.gub.uy\/portal\/wp-content\/uploads\/2019\/04\/DSC_0687.jpg'><img loading=\"lazy\" decoding=\"async\" width=\"132\" height=\"94\" src=\"https:\/\/www.rivera.gub.uy\/portal\/wp-content\/uploads\/2019\/04\/DSC_0687-132x94.jpg\" class=\"attachment-thumbnail size-thumbnail\" alt=\"\" srcset=\"https:\/\/www.rivera.gub.uy\/portal\/wp-content\/uploads\/2019\/04\/DSC_0687-132x94.jpg 132w, https:\/\/www.rivera.gub.uy\/portal\/wp-content\/uploads\/2019\/04\/DSC_0687-263x188.jpg 263w, https:\/\/www.rivera.gub.uy\/portal\/wp-content\/uploads\/2019\/04\/DSC_0687-768x549.jpg 768w, https:\/\/www.rivera.gub.uy\/portal\/wp-content\/uploads\/2019\/04\/DSC_0687-876x626.jpg 876w, https:\/\/www.rivera.gub.uy\/portal\/wp-content\/uploads\/2019\/04\/DSC_0687-820x586.jpg 820w\" sizes=\"auto, (max-width: 132px) 100vw, 132px\" \/><\/a>\n\t\t\t<\/div><\/figure><figure class='gallery-item'>\n\t\t\t<div class='gallery-icon landscape'>\n\t\t\t\t<a href='https:\/\/www.rivera.gub.uy\/portal\/wp-content\/uploads\/2019\/04\/DSC_0693.jpg'><img loading=\"lazy\" decoding=\"async\" width=\"132\" height=\"94\" src=\"https:\/\/www.rivera.gub.uy\/portal\/wp-content\/uploads\/2019\/04\/DSC_0693-132x94.jpg\" class=\"attachment-thumbnail size-thumbnail\" alt=\"\" srcset=\"https:\/\/www.rivera.gub.uy\/portal\/wp-content\/uploads\/2019\/04\/DSC_0693-132x94.jpg 132w, https:\/\/www.rivera.gub.uy\/portal\/wp-content\/uploads\/2019\/04\/DSC_0693-263x188.jpg 263w, https:\/\/www.rivera.gub.uy\/portal\/wp-content\/uploads\/2019\/04\/DSC_0693-768x549.jpg 768w, https:\/\/www.rivera.gub.uy\/portal\/wp-content\/uploads\/2019\/04\/DSC_0693-876x626.jpg 876w, https:\/\/www.rivera.gub.uy\/portal\/wp-content\/uploads\/2019\/04\/DSC_0693-820x586.jpg 820w\" sizes=\"auto, (max-width: 132px) 100vw, 132px\" \/><\/a>\n\t\t\t<\/div><\/figure><figure class='gallery-item'>\n\t\t\t<div class='gallery-icon landscape'>\n\t\t\t\t<a href='https:\/\/www.rivera.gub.uy\/portal\/wp-content\/uploads\/2019\/04\/DSC_0697.jpg'><img loading=\"lazy\" decoding=\"async\" width=\"132\" height=\"94\" src=\"https:\/\/www.rivera.gub.uy\/portal\/wp-content\/uploads\/2019\/04\/DSC_0697-132x94.jpg\" class=\"attachment-thumbnail size-thumbnail\" alt=\"\" srcset=\"https:\/\/www.rivera.gub.uy\/portal\/wp-content\/uploads\/2019\/04\/DSC_0697-132x94.jpg 132w, https:\/\/www.rivera.gub.uy\/portal\/wp-content\/uploads\/2019\/04\/DSC_0697-263x188.jpg 263w, https:\/\/www.rivera.gub.uy\/portal\/wp-content\/uploads\/2019\/04\/DSC_0697-768x549.jpg 768w, https:\/\/www.rivera.gub.uy\/portal\/wp-content\/uploads\/2019\/04\/DSC_0697-876x626.jpg 876w, https:\/\/www.rivera.gub.uy\/portal\/wp-content\/uploads\/2019\/04\/DSC_0697-820x586.jpg 820w\" sizes=\"auto, (max-width: 132px) 100vw, 132px\" \/><\/a>\n\t\t\t<\/div><\/figure><figure class='gallery-item'>\n\t\t\t<div class='gallery-icon landscape'>\n\t\t\t\t<a href='https:\/\/www.rivera.gub.uy\/portal\/wp-content\/uploads\/2019\/04\/DSC_0714.jpg'><img loading=\"lazy\" decoding=\"async\" width=\"132\" height=\"94\" src=\"https:\/\/www.rivera.gub.uy\/portal\/wp-content\/uploads\/2019\/04\/DSC_0714-132x94.jpg\" class=\"attachment-thumbnail size-thumbnail\" alt=\"\" srcset=\"https:\/\/www.rivera.gub.uy\/portal\/wp-content\/uploads\/2019\/04\/DSC_0714-132x94.jpg 132w, https:\/\/www.rivera.gub.uy\/portal\/wp-content\/uploads\/2019\/04\/DSC_0714-263x188.jpg 263w, https:\/\/www.rivera.gub.uy\/portal\/wp-content\/uploads\/2019\/04\/DSC_0714-768x549.jpg 768w, https:\/\/www.rivera.gub.uy\/portal\/wp-content\/uploads\/2019\/04\/DSC_0714-876x626.jpg 876w, https:\/\/www.rivera.gub.uy\/portal\/wp-content\/uploads\/2019\/04\/DSC_0714-820x586.jpg 820w\" sizes=\"auto, (max-width: 132px) 100vw, 132px\" \/><\/a>\n\t\t\t<\/div><\/figure><figure class='gallery-item'>\n\t\t\t<div class='gallery-icon portrait'>\n\t\t\t\t<a href='https:\/\/www.rivera.gub.uy\/portal\/wp-content\/uploads\/2019\/04\/DSC_0716.jpg'><img loading=\"lazy\" decoding=\"async\" width=\"67\" height=\"94\" src=\"https:\/\/www.rivera.gub.uy\/portal\/wp-content\/uploads\/2019\/04\/DSC_0716-67x94.jpg\" class=\"attachment-thumbnail size-thumbnail\" alt=\"\" srcset=\"https:\/\/www.rivera.gub.uy\/portal\/wp-content\/uploads\/2019\/04\/DSC_0716-67x94.jpg 67w, https:\/\/www.rivera.gub.uy\/portal\/wp-content\/uploads\/2019\/04\/DSC_0716-134x188.jpg 134w, https:\/\/www.rivera.gub.uy\/portal\/wp-content\/uploads\/2019\/04\/DSC_0716-768x1075.jpg 768w, https:\/\/www.rivera.gub.uy\/portal\/wp-content\/uploads\/2019\/04\/DSC_0716-447x626.jpg 447w, https:\/\/www.rivera.gub.uy\/portal\/wp-content\/uploads\/2019\/04\/DSC_0716-820x1148.jpg 820w, https:\/\/www.rivera.gub.uy\/portal\/wp-content\/uploads\/2019\/04\/DSC_0716.jpg 1800w\" sizes=\"auto, (max-width: 67px) 100vw, 67px\" \/><\/a>\n\t\t\t<\/div><\/figure>\n\t\t<\/div>\n\n<p>&nbsp;<\/p>\n<p><strong>Rivera Chico<\/strong><\/p>\n<p>En barrio Rivera Chico (contra V\u00eda F\u00e9rrea), verific\u00f3 avances de obras (cord\u00f3n cuneta, pluviales, pavimentaci\u00f3n con adoquines) \u201cvecinos contentos y agradecidos, y planteando algunas mejoras m\u00e1s\u201d, resalt\u00f3 el Intendente de Rivera.<\/p>\n<p><iframe loading=\"lazy\" width=\"1160\" height=\"653\" src=\"https:\/\/www.youtube.com\/embed\/nyh6wx1HAz8?feature=oembed\" frameborder=\"0\" allow=\"accelerometer; autoplay; encrypted-media; gyroscope; picture-in-picture\" allowfullscreen><\/iframe><\/p>\n<p><strong>Puente La Raca<\/strong><\/p>\n<p>En pleno proceso de ejecuci\u00f3n de obra, un puente que conectar\u00e1 de este a oeste con toda la ciudad, un punto estrat\u00e9gico que une varios barrios como: Pueblo Nuevo, Bisio, La Pedrera, Bella Vista, con acceso directo a la principal avenida (Sarand\u00ed), pasando por barrio La Raca.<\/p>\n<p>La obra del Puente La Raca, no es aislada, cuenta con pavimentaci\u00f3n en hormig\u00f3n importante, que contin\u00faa con pavimentaci\u00f3n en carpeta asf\u00e1ltica.<\/p>\n<p><iframe loading=\"lazy\" width=\"1160\" height=\"653\" src=\"https:\/\/www.youtube.com\/embed\/NECPnCVqCNo?feature=oembed\" frameborder=\"0\" allow=\"accelerometer; autoplay; encrypted-media; gyroscope; picture-in-picture\" allowfullscreen><\/iframe><\/p>\n<p><strong>La Pedrera<\/strong><\/p>\n<p>Se viene ejecutando una obra de urbanizaci\u00f3n muy importante, en un barrio con problemas de pluviales, \u201cen los pr\u00f3ximos cuatro meses, vamos a terminar la obra de pluviales que resuelve los problemas, adem\u00e1s obras de cord\u00f3n cuneta, pavimentaci\u00f3n nueva y reforzando el alumbrado p\u00fablico\u201d, inform\u00f3 el Intendente, Marne Osorio Lima; quien agreg\u00f3, que al terminar la obra se va a integrar la zona al resto del barrio y al Parque de la Pedrera.<\/p>\n<p><iframe loading=\"lazy\" width=\"1160\" height=\"653\" src=\"https:\/\/www.youtube.com\/embed\/2XNN23MZJVs?feature=oembed\" frameborder=\"0\" allow=\"accelerometer; autoplay; encrypted-media; gyroscope; picture-in-picture\" allowfullscreen><\/iframe><\/p>\n","protected":false},"excerpt":{"rendered":"<p>\u201cVerificando avances de obras y atendiendo las demandas y particularidades que surgen de cada vecino\u201d En la ma\u00f1ana del martes 2 de abril, el Intendente Departamental de Rivera, Dr. Marne Osorio Lima, acompa\u00f1ado del Secretario General, Cr. Richard Sander, parte de su equipo de Gobierno, Ediles Departamentales y prensa local; visitaron varios frentes de obras [&hellip;]<\/p>\n","protected":false},"author":7,"featured_media":14319,"comment_status":"open","ping_status":"open","sticky":false,"template":"","format":"standard","meta":{"footnotes":""},"categories":[3,1],"tags":[],"class_list":["post-14313","post","type-post","status-publish","format-standard","has-post-thumbnail","hentry","category-multimedia","category-novedades"],"_links":{"self":[{"href":"https:\/\/www.rivera.gub.uy\/portal\/wp-json\/wp\/v2\/posts\/14313","targetHints":{"allow":["GET"]}}],"collection":[{"href":"https:\/\/www.rivera.gub.uy\/portal\/wp-json\/wp\/v2\/posts"}],"about":[{"href":"https:\/\/www.rivera.gub.uy\/portal\/wp-json\/wp\/v2\/types\/post"}],"author":[{"embeddable":true,"href":"https:\/\/www.rivera.gub.uy\/portal\/wp-json\/wp\/v2\/users\/7"}],"replies":[{"embeddable":true,"href":"https:\/\/www.rivera.gub.uy\/portal\/wp-json\/wp\/v2\/comments?post=14313"}],"version-history":[{"count":5,"href":"https:\/\/www.rivera.gub.uy\/portal\/wp-json\/wp\/v2\/posts\/14313\/revisions"}],"predecessor-version":[{"id":14348,"href":"https:\/\/www.rivera.gub.uy\/portal\/wp-json\/wp\/v2\/posts\/14313\/revisions\/14348"}],"wp:featuredmedia":[{"embeddable":true,"href":"https:\/\/www.rivera.gub.uy\/portal\/wp-json\/wp\/v2\/media\/14319"}],"wp:attachment":[{"href":"https:\/\/www.rivera.gub.uy\/portal\/wp-json\/wp\/v2\/media?parent=14313"}],"wp:term":[{"taxonomy":"category","embeddable":true,"href":"https:\/\/www.rivera.gub.uy\/portal\/wp-json\/wp\/v2\/categories?post=14313"},{"taxonomy":"post_tag","embeddable":true,"href":"https:\/\/www.rivera.gub.uy\/portal\/wp-json\/wp\/v2\/tags?post=14313"}],"curies":[{"name":"wp","href":"https:\/\/api.w.org\/{rel}","templated":true}]}}