{"id":14323,"date":"2019-04-03T10:25:26","date_gmt":"2019-04-03T13:25:26","guid":{"rendered":"https:\/\/www.rivera.gub.uy\/portal\/?p=14323"},"modified":"2019-04-03T10:28:19","modified_gmt":"2019-04-03T13:28:19","slug":"llamado-abierto-licenciado-a-en-trabajo-social-o-asistente-social","status":"publish","type":"post","link":"https:\/\/www.rivera.gub.uy\/portal\/llamado-abierto-licenciado-a-en-trabajo-social-o-asistente-social\/","title":{"rendered":"Llamado abierto: Licenciado\/a en trabajo social o Asistente Social"},"content":{"rendered":"<p>Informaci\u00f3n General<\/p>\n<p>Tipo de v\u00ednculo: Contrato a t\u00e9rmino (6 meses)<\/p>\n<p>Nombre del puesto: Licenciado\/a en trabajo social o Asistente Social.<\/p>\n<p>Puestos: 2<\/p>\n<p>Cupo Afrodescendientes: 1 puesto.<\/p>\n<p>Cupo General: 1 puesto.<\/p>\n<p>Per\u00edodo de inscripci\u00f3n: mi\u00e9rcoles 3 al viernes 12 de abril del 2019.<!--more--><\/p>\n<p>Documentacion requerida:<\/p>\n<ul>\n<li>Curriculum vitae actualizado<\/li>\n<li>Escaneo de titulo<\/li>\n<li>Escaneo de Carn\u00e9 de Salud<\/li>\n<li>Constancia de inscripci\u00f3n de empresa (formulario 6951 o 6351)<\/li>\n<\/ul>\n<p>Medio: enviar dicha documentaci\u00f3n a <a href=\"mailto:curriculumvitae.idr@gmail.com\">curriculumvitae.idr@gmail.com<\/a>, bajo el asunto \u201cllamado UGSU \u2013 Cupo General\u201d o \u201cllamado UGSU \u2013 Cupo Afro\u201d.<\/p>\n<p>Tipo de Proceso: selecci\u00f3n.<\/p>\n<p>Para acceder a la Informaci\u00f3n completa, deber\u00e1 descargar el TDR ajdunto.<\/p>\n<p>TDR (<a href=\"https:\/\/www.rivera.gub.uy\/portal\/wp-content\/uploads\/2019\/04\/TDR-Equipo-Social-V\u00eda-F\u00e9rrea.pdf\" target=\"_blank\" rel=\"noopener noreferrer\">descargar<\/a>)<\/p>\n","protected":false},"excerpt":{"rendered":"<p>Informaci\u00f3n General Tipo de v\u00ednculo: Contrato a t\u00e9rmino (6 meses) Nombre del puesto: Licenciado\/a en trabajo social o Asistente Social. Puestos: 2 Cupo Afrodescendientes: 1 puesto. Cupo General: 1 puesto. Per\u00edodo de inscripci\u00f3n: mi\u00e9rcoles 3 al viernes 12 de abril del 2019.<\/p>\n","protected":false},"author":7,"featured_media":6131,"comment_status":"open","ping_status":"open","sticky":false,"template":"","format":"standard","meta":{"footnotes":""},"categories":[8,1],"tags":[964,36,241,33],"class_list":["post-14323","post","type-post","status-publish","format-standard","has-post-thumbnail","hentry","category-llamados-a-concursos","category-novedades","tag-asistente-social","tag-intendencia","tag-llamado","tag-rivera"],"_links":{"self":[{"href":"https:\/\/www.rivera.gub.uy\/portal\/wp-json\/wp\/v2\/posts\/14323","targetHints":{"allow":["GET"]}}],"collection":[{"href":"https:\/\/www.rivera.gub.uy\/portal\/wp-json\/wp\/v2\/posts"}],"about":[{"href":"https:\/\/www.rivera.gub.uy\/portal\/wp-json\/wp\/v2\/types\/post"}],"author":[{"embeddable":true,"href":"https:\/\/www.rivera.gub.uy\/portal\/wp-json\/wp\/v2\/users\/7"}],"replies":[{"embeddable":true,"href":"https:\/\/www.rivera.gub.uy\/portal\/wp-json\/wp\/v2\/comments?post=14323"}],"version-history":[{"count":3,"href":"https:\/\/www.rivera.gub.uy\/portal\/wp-json\/wp\/v2\/posts\/14323\/revisions"}],"predecessor-version":[{"id":14327,"href":"https:\/\/www.rivera.gub.uy\/portal\/wp-json\/wp\/v2\/posts\/14323\/revisions\/14327"}],"wp:featuredmedia":[{"embeddable":true,"href":"https:\/\/www.rivera.gub.uy\/portal\/wp-json\/wp\/v2\/media\/6131"}],"wp:attachment":[{"href":"https:\/\/www.rivera.gub.uy\/portal\/wp-json\/wp\/v2\/media?parent=14323"}],"wp:term":[{"taxonomy":"category","embeddable":true,"href":"https:\/\/www.rivera.gub.uy\/portal\/wp-json\/wp\/v2\/categories?post=14323"},{"taxonomy":"post_tag","embeddable":true,"href":"https:\/\/www.rivera.gub.uy\/portal\/wp-json\/wp\/v2\/tags?post=14323"}],"curies":[{"name":"wp","href":"https:\/\/api.w.org\/{rel}","templated":true}]}}