{"id":14477,"date":"2019-04-11T14:07:54","date_gmt":"2019-04-11T17:07:54","guid":{"rendered":"https:\/\/www.rivera.gub.uy\/portal\/?p=14477"},"modified":"2019-04-11T14:08:03","modified_gmt":"2019-04-11T17:08:03","slug":"inscripciones-abiertas-para-participar-en-clases-de-danzas-folcloricas-tango-milonga-y-talleres-de-canto","status":"publish","type":"post","link":"https:\/\/www.rivera.gub.uy\/portal\/inscripciones-abiertas-para-participar-en-clases-de-danzas-folcloricas-tango-milonga-y-talleres-de-canto\/","title":{"rendered":"Inscripciones abiertas para participar en clases de Danzas Folcl\u00f3ricas , Tango, Milonga y Talleres de Canto"},"content":{"rendered":"<p>Desde la Intendencia Departamental de Rivera, a trav\u00e9s de la divisi\u00f3n Cultura, su director, \u00c1lex \u00c1lvez, informa las novedades de la Casa de la Cultura, ubicada en Presidente Viera N\u00ba1084, abierto de 8 hs a 16 hs, con inscripciones abiertas para participar en clases de Danzas Folcl\u00f3ricas, para ni\u00f1os , j\u00f3venes y adultos, clases de Tango y Milonga, para ni\u00f1os y adolescentes (de 8 a 17 a\u00f1os) y para Talleres de canto.<!--more--><\/p>\n<p>La profesora, Teresita Ribeiro, dirige el coro, Voces de mi Ciudad, y adem\u00e1s dirige los talleres de canto y lectura musical; es el primer escal\u00f3n antes de hacer parte del Coro Municipal, si as\u00ed lo desean.<\/p>\n<p><strong>Clase abierta de Coro, s\u00e1bado 27 de abril<\/strong><\/p>\n<p>\u00bfQuer\u00e9s aprender a cantar?, el d\u00eda 27 de abril en Casa de la Cultura, se realizar\u00e1 una clase abierta, a cargo de los integrantes del coro, a las 19,30 hs, \u201cinvitamos a la poblaci\u00f3n a participar del trabajo que hace la profesora __que es muy importante__, y los que integran las clases de canto tambi\u00e9n, y por qu\u00e9 no, sumarse y aprovechar la oportunidad para inscribirse\u201d Director de Cultura, Alex Alvez.<\/p>\n<p><strong>Cultura Departamental<\/strong><\/p>\n<p>Los elencos departamentales son: Ballet Folcl\u00f3rico Departamental, Escuela Municipal de Tango, Coro Municipal Voces de mi Ciudad.<\/p>\n<div id='gallery-1' class='gallery galleryid-14477 gallery-columns-3 gallery-size-thumbnail'><figure class='gallery-item'>\n\t\t\t<div class='gallery-icon landscape'>\n\t\t\t\t<a href='https:\/\/www.rivera.gub.uy\/portal\/wp-content\/uploads\/2019\/04\/DSC_0001.jpg'><img loading=\"lazy\" decoding=\"async\" width=\"144\" height=\"94\" src=\"https:\/\/www.rivera.gub.uy\/portal\/wp-content\/uploads\/2019\/04\/DSC_0001-144x94.jpg\" class=\"attachment-thumbnail size-thumbnail\" alt=\"\" srcset=\"https:\/\/www.rivera.gub.uy\/portal\/wp-content\/uploads\/2019\/04\/DSC_0001-144x94.jpg 144w, https:\/\/www.rivera.gub.uy\/portal\/wp-content\/uploads\/2019\/04\/DSC_0001-288x188.jpg 288w, https:\/\/www.rivera.gub.uy\/portal\/wp-content\/uploads\/2019\/04\/DSC_0001-768x501.jpg 768w, https:\/\/www.rivera.gub.uy\/portal\/wp-content\/uploads\/2019\/04\/DSC_0001-960x626.jpg 960w, https:\/\/www.rivera.gub.uy\/portal\/wp-content\/uploads\/2019\/04\/DSC_0001-820x535.jpg 820w\" sizes=\"auto, (max-width: 144px) 100vw, 144px\" \/><\/a>\n\t\t\t<\/div><\/figure><figure class='gallery-item'>\n\t\t\t<div class='gallery-icon landscape'>\n\t\t\t\t<a href='https:\/\/www.rivera.gub.uy\/portal\/wp-content\/uploads\/2019\/04\/DSC_0404.jpg'><img loading=\"lazy\" decoding=\"async\" width=\"144\" height=\"94\" src=\"https:\/\/www.rivera.gub.uy\/portal\/wp-content\/uploads\/2019\/04\/DSC_0404-144x94.jpg\" class=\"attachment-thumbnail size-thumbnail\" alt=\"\" srcset=\"https:\/\/www.rivera.gub.uy\/portal\/wp-content\/uploads\/2019\/04\/DSC_0404-144x94.jpg 144w, https:\/\/www.rivera.gub.uy\/portal\/wp-content\/uploads\/2019\/04\/DSC_0404-288x188.jpg 288w, https:\/\/www.rivera.gub.uy\/portal\/wp-content\/uploads\/2019\/04\/DSC_0404-768x501.jpg 768w, https:\/\/www.rivera.gub.uy\/portal\/wp-content\/uploads\/2019\/04\/DSC_0404-960x626.jpg 960w, https:\/\/www.rivera.gub.uy\/portal\/wp-content\/uploads\/2019\/04\/DSC_0404-820x535.jpg 820w\" sizes=\"auto, (max-width: 144px) 100vw, 144px\" \/><\/a>\n\t\t\t<\/div><\/figure><figure class='gallery-item'>\n\t\t\t<div class='gallery-icon landscape'>\n\t\t\t\t<a href='https:\/\/www.rivera.gub.uy\/portal\/wp-content\/uploads\/2019\/04\/2-3.jpg'><img loading=\"lazy\" decoding=\"async\" width=\"144\" height=\"94\" src=\"https:\/\/www.rivera.gub.uy\/portal\/wp-content\/uploads\/2019\/04\/2-3-144x94.jpg\" class=\"attachment-thumbnail size-thumbnail\" alt=\"\" srcset=\"https:\/\/www.rivera.gub.uy\/portal\/wp-content\/uploads\/2019\/04\/2-3-144x94.jpg 144w, https:\/\/www.rivera.gub.uy\/portal\/wp-content\/uploads\/2019\/04\/2-3-288x188.jpg 288w, https:\/\/www.rivera.gub.uy\/portal\/wp-content\/uploads\/2019\/04\/2-3-768x501.jpg 768w, https:\/\/www.rivera.gub.uy\/portal\/wp-content\/uploads\/2019\/04\/2-3-960x626.jpg 960w, https:\/\/www.rivera.gub.uy\/portal\/wp-content\/uploads\/2019\/04\/2-3-820x535.jpg 820w\" sizes=\"auto, (max-width: 144px) 100vw, 144px\" \/><\/a>\n\t\t\t<\/div><\/figure>\n\t\t<\/div>\n\n","protected":false},"excerpt":{"rendered":"<p>Desde la Intendencia Departamental de Rivera, a trav\u00e9s de la divisi\u00f3n Cultura, su director, \u00c1lex \u00c1lvez, informa las novedades de la Casa de la Cultura, ubicada en Presidente Viera N\u00ba1084, abierto de 8 hs a 16 hs, con inscripciones abiertas para participar en clases de Danzas Folcl\u00f3ricas, para ni\u00f1os , j\u00f3venes y adultos, clases de [&hellip;]<\/p>\n","protected":false},"author":7,"featured_media":14479,"comment_status":"open","ping_status":"open","sticky":false,"template":"","format":"standard","meta":{"footnotes":""},"categories":[6,1],"tags":[285,223,65,970,36,969,33,220,247],"class_list":["post-14477","post","type-post","status-publish","format-standard","has-post-thumbnail","hentry","category-cultura","category-novedades","tag-canto","tag-coro","tag-cultura","tag-folclore","tag-intendencia","tag-milonga","tag-rivera","tag-tango","tag-teatro"],"_links":{"self":[{"href":"https:\/\/www.rivera.gub.uy\/portal\/wp-json\/wp\/v2\/posts\/14477","targetHints":{"allow":["GET"]}}],"collection":[{"href":"https:\/\/www.rivera.gub.uy\/portal\/wp-json\/wp\/v2\/posts"}],"about":[{"href":"https:\/\/www.rivera.gub.uy\/portal\/wp-json\/wp\/v2\/types\/post"}],"author":[{"embeddable":true,"href":"https:\/\/www.rivera.gub.uy\/portal\/wp-json\/wp\/v2\/users\/7"}],"replies":[{"embeddable":true,"href":"https:\/\/www.rivera.gub.uy\/portal\/wp-json\/wp\/v2\/comments?post=14477"}],"version-history":[{"count":1,"href":"https:\/\/www.rivera.gub.uy\/portal\/wp-json\/wp\/v2\/posts\/14477\/revisions"}],"predecessor-version":[{"id":14481,"href":"https:\/\/www.rivera.gub.uy\/portal\/wp-json\/wp\/v2\/posts\/14477\/revisions\/14481"}],"wp:featuredmedia":[{"embeddable":true,"href":"https:\/\/www.rivera.gub.uy\/portal\/wp-json\/wp\/v2\/media\/14479"}],"wp:attachment":[{"href":"https:\/\/www.rivera.gub.uy\/portal\/wp-json\/wp\/v2\/media?parent=14477"}],"wp:term":[{"taxonomy":"category","embeddable":true,"href":"https:\/\/www.rivera.gub.uy\/portal\/wp-json\/wp\/v2\/categories?post=14477"},{"taxonomy":"post_tag","embeddable":true,"href":"https:\/\/www.rivera.gub.uy\/portal\/wp-json\/wp\/v2\/tags?post=14477"}],"curies":[{"name":"wp","href":"https:\/\/api.w.org\/{rel}","templated":true}]}}