{"id":14856,"date":"2019-05-07T15:08:53","date_gmt":"2019-05-07T18:08:53","guid":{"rendered":"https:\/\/www.rivera.gub.uy\/portal\/?p=14856"},"modified":"2019-05-08T08:19:04","modified_gmt":"2019-05-08T11:19:04","slug":"educacion-ambiental-en-escuelas-y-liceos-de-rivera","status":"publish","type":"post","link":"https:\/\/www.rivera.gub.uy\/portal\/educacion-ambiental-en-escuelas-y-liceos-de-rivera\/","title":{"rendered":"Educaci\u00f3n Ambiental en escuelas y liceos de Rivera"},"content":{"rendered":"<p>El proyecto &#8220;Acacia Negra&#8221; inici\u00f3 un nuevo ciclo de Educaci\u00f3n Ambiental en escuelas y liceos.<\/p>\n<p>Dicho ciclo es dictado por t\u00e9cnicos de las Divisiones Medio Ambiente y Estrategias de la IDR en conjunto con docentes del Centro Universitario de Rivera.<!--more--><\/p>\n<p>La finalidad de &#8220;Acacia Negra&#8221; es sensibilizar a los estudiantes en el cuidado del ambiente y difundir dicho proyecto, el cual es ejecutado, en las cercan\u00edas de los centros educativos involucrados, por la IDR y la Facultad de Ciencias (UDELAR).<\/p>\n<p>En la primera semana del ciclo, se ha trabajo con la escuela N\u00ba 112 de Barrio Bisio y durante los meses de mayo y junio se prev\u00e9 llegar a las escuelas de Fuente Oriente (N\u00ba44) e Insausti (N\u00ba110).<\/p>\n<p>Las actividades realizadas tienen un fuerte contenido l\u00fadico y juegos en equipo, con el objetivo de lograr en los j\u00f3venes un compromiso enfocado al cuidado de su entorno y el impacto de las especies ex\u00f3ticas (como la Acacia Negra) para nuestras especies nativas.<\/p>\n<p>El proyecto es co-financiado por Agencia Nacional de Innovaci\u00f3n e Investigaci\u00f3n (ANII) y tiene previsto, entre otras actividades, la recuperaci\u00f3n de las m\u00e1rgenes del arroyo Cu\u00f1apir\u00fa haci\u00e9ndolas utilizables para la poblaci\u00f3n de nuestra ciudad.<\/p>\n<div id='gallery-1' class='gallery galleryid-14856 gallery-columns-4 gallery-size-thumbnail'><figure class='gallery-item'>\n\t\t\t<div class='gallery-icon landscape'>\n\t\t\t\t<a href='https:\/\/www.rivera.gub.uy\/portal\/wp-content\/uploads\/2019\/05\/1.jpg'><img loading=\"lazy\" decoding=\"async\" width=\"125\" height=\"94\" src=\"https:\/\/www.rivera.gub.uy\/portal\/wp-content\/uploads\/2019\/05\/1-125x94.jpg\" class=\"attachment-thumbnail size-thumbnail\" alt=\"\" srcset=\"https:\/\/www.rivera.gub.uy\/portal\/wp-content\/uploads\/2019\/05\/1-125x94.jpg 125w, https:\/\/www.rivera.gub.uy\/portal\/wp-content\/uploads\/2019\/05\/1-251x188.jpg 251w, https:\/\/www.rivera.gub.uy\/portal\/wp-content\/uploads\/2019\/05\/1-768x576.jpg 768w, https:\/\/www.rivera.gub.uy\/portal\/wp-content\/uploads\/2019\/05\/1-835x626.jpg 835w, https:\/\/www.rivera.gub.uy\/portal\/wp-content\/uploads\/2019\/05\/1-820x615.jpg 820w\" sizes=\"auto, (max-width: 125px) 100vw, 125px\" \/><\/a>\n\t\t\t<\/div><\/figure><figure class='gallery-item'>\n\t\t\t<div class='gallery-icon landscape'>\n\t\t\t\t<a href='https:\/\/www.rivera.gub.uy\/portal\/wp-content\/uploads\/2019\/05\/2.jpg'><img loading=\"lazy\" decoding=\"async\" width=\"125\" height=\"94\" src=\"https:\/\/www.rivera.gub.uy\/portal\/wp-content\/uploads\/2019\/05\/2-125x94.jpg\" class=\"attachment-thumbnail size-thumbnail\" alt=\"\" srcset=\"https:\/\/www.rivera.gub.uy\/portal\/wp-content\/uploads\/2019\/05\/2-125x94.jpg 125w, https:\/\/www.rivera.gub.uy\/portal\/wp-content\/uploads\/2019\/05\/2-251x188.jpg 251w, https:\/\/www.rivera.gub.uy\/portal\/wp-content\/uploads\/2019\/05\/2-768x576.jpg 768w, https:\/\/www.rivera.gub.uy\/portal\/wp-content\/uploads\/2019\/05\/2-835x626.jpg 835w, https:\/\/www.rivera.gub.uy\/portal\/wp-content\/uploads\/2019\/05\/2-820x615.jpg 820w\" sizes=\"auto, (max-width: 125px) 100vw, 125px\" \/><\/a>\n\t\t\t<\/div><\/figure><figure class='gallery-item'>\n\t\t\t<div class='gallery-icon landscape'>\n\t\t\t\t<a href='https:\/\/www.rivera.gub.uy\/portal\/wp-content\/uploads\/2019\/05\/3.jpg'><img loading=\"lazy\" decoding=\"async\" width=\"125\" height=\"94\" src=\"https:\/\/www.rivera.gub.uy\/portal\/wp-content\/uploads\/2019\/05\/3-125x94.jpg\" class=\"attachment-thumbnail size-thumbnail\" alt=\"\" srcset=\"https:\/\/www.rivera.gub.uy\/portal\/wp-content\/uploads\/2019\/05\/3-125x94.jpg 125w, https:\/\/www.rivera.gub.uy\/portal\/wp-content\/uploads\/2019\/05\/3-251x188.jpg 251w, https:\/\/www.rivera.gub.uy\/portal\/wp-content\/uploads\/2019\/05\/3-768x576.jpg 768w, https:\/\/www.rivera.gub.uy\/portal\/wp-content\/uploads\/2019\/05\/3-835x626.jpg 835w, https:\/\/www.rivera.gub.uy\/portal\/wp-content\/uploads\/2019\/05\/3-820x615.jpg 820w\" sizes=\"auto, (max-width: 125px) 100vw, 125px\" \/><\/a>\n\t\t\t<\/div><\/figure><figure class='gallery-item'>\n\t\t\t<div class='gallery-icon landscape'>\n\t\t\t\t<a href='https:\/\/www.rivera.gub.uy\/portal\/wp-content\/uploads\/2019\/05\/4.jpg'><img loading=\"lazy\" decoding=\"async\" width=\"125\" height=\"94\" src=\"https:\/\/www.rivera.gub.uy\/portal\/wp-content\/uploads\/2019\/05\/4-125x94.jpg\" class=\"attachment-thumbnail size-thumbnail\" alt=\"\" srcset=\"https:\/\/www.rivera.gub.uy\/portal\/wp-content\/uploads\/2019\/05\/4-125x94.jpg 125w, https:\/\/www.rivera.gub.uy\/portal\/wp-content\/uploads\/2019\/05\/4-251x188.jpg 251w, https:\/\/www.rivera.gub.uy\/portal\/wp-content\/uploads\/2019\/05\/4-768x576.jpg 768w, https:\/\/www.rivera.gub.uy\/portal\/wp-content\/uploads\/2019\/05\/4-835x626.jpg 835w, https:\/\/www.rivera.gub.uy\/portal\/wp-content\/uploads\/2019\/05\/4-820x615.jpg 820w\" sizes=\"auto, (max-width: 125px) 100vw, 125px\" \/><\/a>\n\t\t\t<\/div><\/figure>\n\t\t<\/div>\n\n","protected":false},"excerpt":{"rendered":"<p>El proyecto &#8220;Acacia Negra&#8221; inici\u00f3 un nuevo ciclo de Educaci\u00f3n Ambiental en escuelas y liceos. Dicho ciclo es dictado por t\u00e9cnicos de las Divisiones Medio Ambiente y Estrategias de la IDR en conjunto con docentes del Centro Universitario de Rivera.<\/p>\n","protected":false},"author":7,"featured_media":14860,"comment_status":"open","ping_status":"open","sticky":false,"template":"","format":"standard","meta":{"footnotes":""},"categories":[9,1,18,13],"tags":[667,974,346,36,79,33],"class_list":["post-14856","post","type-post","status-publish","format-standard","has-post-thumbnail","hentry","category-desarrollo-empresarial","category-novedades","category-participacion","category-proyectos-estrategicos","tag-acacia-negra","tag-articulaciones","tag-estrategias","tag-intendencia","tag-medio-ambiente","tag-rivera"],"_links":{"self":[{"href":"https:\/\/www.rivera.gub.uy\/portal\/wp-json\/wp\/v2\/posts\/14856","targetHints":{"allow":["GET"]}}],"collection":[{"href":"https:\/\/www.rivera.gub.uy\/portal\/wp-json\/wp\/v2\/posts"}],"about":[{"href":"https:\/\/www.rivera.gub.uy\/portal\/wp-json\/wp\/v2\/types\/post"}],"author":[{"embeddable":true,"href":"https:\/\/www.rivera.gub.uy\/portal\/wp-json\/wp\/v2\/users\/7"}],"replies":[{"embeddable":true,"href":"https:\/\/www.rivera.gub.uy\/portal\/wp-json\/wp\/v2\/comments?post=14856"}],"version-history":[{"count":4,"href":"https:\/\/www.rivera.gub.uy\/portal\/wp-json\/wp\/v2\/posts\/14856\/revisions"}],"predecessor-version":[{"id":14883,"href":"https:\/\/www.rivera.gub.uy\/portal\/wp-json\/wp\/v2\/posts\/14856\/revisions\/14883"}],"wp:featuredmedia":[{"embeddable":true,"href":"https:\/\/www.rivera.gub.uy\/portal\/wp-json\/wp\/v2\/media\/14860"}],"wp:attachment":[{"href":"https:\/\/www.rivera.gub.uy\/portal\/wp-json\/wp\/v2\/media?parent=14856"}],"wp:term":[{"taxonomy":"category","embeddable":true,"href":"https:\/\/www.rivera.gub.uy\/portal\/wp-json\/wp\/v2\/categories?post=14856"},{"taxonomy":"post_tag","embeddable":true,"href":"https:\/\/www.rivera.gub.uy\/portal\/wp-json\/wp\/v2\/tags?post=14856"}],"curies":[{"name":"wp","href":"https:\/\/api.w.org\/{rel}","templated":true}]}}