{"id":14910,"date":"2019-05-10T08:51:41","date_gmt":"2019-05-10T11:51:41","guid":{"rendered":"https:\/\/www.rivera.gub.uy\/portal\/?p=14910"},"modified":"2019-05-10T08:51:41","modified_gmt":"2019-05-10T11:51:41","slug":"plan-nacional-y-red-internacional-sobre-cambio-climatico","status":"publish","type":"post","link":"https:\/\/www.rivera.gub.uy\/portal\/plan-nacional-y-red-internacional-sobre-cambio-climatico\/","title":{"rendered":"Plan Nacional y Red Internacional sobre Cambio Clim\u00e1tico"},"content":{"rendered":"<p>Rivera, invitada a participar de un Plan Nacional y una Red Internacional, sobre Cambio Clim\u00e1tico.<\/p>\n<p>\u201cEstamos recibiendo, el primer plan de adaptaci\u00f3n Clim\u00e1tico del Pa\u00eds, generado desde el Departamento de Rivera, invitando a Tacuaremb\u00f3, para darle un abordaje m\u00e1s regional, con productos importantes en materia de diagn\u00f3sticos, con instrumentos que se aplican a todos los aspectos del cambio clim\u00e1tico y generando mensajes claros en las acciones que tenemos que brindar a nivel territorio\u201d. Dr. Marne Osorio Lima.<!--more--><\/p>\n<p>En la ma\u00f1ana del mi\u00e9rcoles 8 de mayo, en la Sala de Conferencias de la Intendencia de Rivera, se vivieron instancias importantes para el Departamento, con dos anuncios que \u201cnos enorgullece\u201d, como lo expres\u00f3 el Intendente, Marne Osorio.<\/p>\n<p>Rivera, fue elegida a participar de un programa nacional, Movilidad Urbana- Ciudades Sostenibles, un proyecto que se realizar\u00e1 por aproximadamente dos a\u00f1os, conjuntamente con tres Ministerios (MTOP, MVOTMA, MEF), y la Uni\u00f3n Europea con Euroclima.<\/p>\n<p>El segundo anuncio que se realiz\u00f3 en la conferencia fue, que Rivera, tambi\u00e9n es elegida para participar de un Plan Nacional de Adaptaci\u00f3n al Cambio Clim\u00e1tico \u201cNAP Ciudades\u201d , y trabajar\u00e1 conjuntamente con el Ministerio de Vivienda Ordenamiento Territorial y Medio Ambiente, la Agencia Uruguaya de Cooperaci\u00f3n Internacional y el Fondo Verde para el Clima, del Programa Naciones Unidas para el Desarrollo.<\/p>\n<div id='gallery-1' class='gallery galleryid-14910 gallery-columns-3 gallery-size-thumbnail'><figure class='gallery-item'>\n\t\t\t<div class='gallery-icon landscape'>\n\t\t\t\t<a href='https:\/\/www.rivera.gub.uy\/portal\/wp-content\/uploads\/2019\/05\/DSC_0387.jpg'><img loading=\"lazy\" decoding=\"async\" width=\"144\" height=\"94\" src=\"https:\/\/www.rivera.gub.uy\/portal\/wp-content\/uploads\/2019\/05\/DSC_0387-144x94.jpg\" class=\"attachment-thumbnail size-thumbnail\" alt=\"\" srcset=\"https:\/\/www.rivera.gub.uy\/portal\/wp-content\/uploads\/2019\/05\/DSC_0387-144x94.jpg 144w, https:\/\/www.rivera.gub.uy\/portal\/wp-content\/uploads\/2019\/05\/DSC_0387-288x188.jpg 288w, https:\/\/www.rivera.gub.uy\/portal\/wp-content\/uploads\/2019\/05\/DSC_0387-768x501.jpg 768w, https:\/\/www.rivera.gub.uy\/portal\/wp-content\/uploads\/2019\/05\/DSC_0387-960x626.jpg 960w, https:\/\/www.rivera.gub.uy\/portal\/wp-content\/uploads\/2019\/05\/DSC_0387-820x535.jpg 820w\" sizes=\"auto, (max-width: 144px) 100vw, 144px\" \/><\/a>\n\t\t\t<\/div><\/figure><figure class='gallery-item'>\n\t\t\t<div class='gallery-icon landscape'>\n\t\t\t\t<a href='https:\/\/www.rivera.gub.uy\/portal\/wp-content\/uploads\/2019\/05\/DSC_0396.jpg'><img loading=\"lazy\" decoding=\"async\" width=\"144\" height=\"94\" src=\"https:\/\/www.rivera.gub.uy\/portal\/wp-content\/uploads\/2019\/05\/DSC_0396-144x94.jpg\" class=\"attachment-thumbnail size-thumbnail\" alt=\"\" srcset=\"https:\/\/www.rivera.gub.uy\/portal\/wp-content\/uploads\/2019\/05\/DSC_0396-144x94.jpg 144w, https:\/\/www.rivera.gub.uy\/portal\/wp-content\/uploads\/2019\/05\/DSC_0396-288x188.jpg 288w, https:\/\/www.rivera.gub.uy\/portal\/wp-content\/uploads\/2019\/05\/DSC_0396-768x501.jpg 768w, https:\/\/www.rivera.gub.uy\/portal\/wp-content\/uploads\/2019\/05\/DSC_0396-960x626.jpg 960w, https:\/\/www.rivera.gub.uy\/portal\/wp-content\/uploads\/2019\/05\/DSC_0396-820x535.jpg 820w\" sizes=\"auto, (max-width: 144px) 100vw, 144px\" \/><\/a>\n\t\t\t<\/div><\/figure><figure class='gallery-item'>\n\t\t\t<div class='gallery-icon landscape'>\n\t\t\t\t<a href='https:\/\/www.rivera.gub.uy\/portal\/wp-content\/uploads\/2019\/05\/DSC_0423.jpg'><img loading=\"lazy\" decoding=\"async\" width=\"144\" height=\"94\" src=\"https:\/\/www.rivera.gub.uy\/portal\/wp-content\/uploads\/2019\/05\/DSC_0423-144x94.jpg\" class=\"attachment-thumbnail size-thumbnail\" alt=\"\" srcset=\"https:\/\/www.rivera.gub.uy\/portal\/wp-content\/uploads\/2019\/05\/DSC_0423-144x94.jpg 144w, https:\/\/www.rivera.gub.uy\/portal\/wp-content\/uploads\/2019\/05\/DSC_0423-288x188.jpg 288w, https:\/\/www.rivera.gub.uy\/portal\/wp-content\/uploads\/2019\/05\/DSC_0423-768x501.jpg 768w, https:\/\/www.rivera.gub.uy\/portal\/wp-content\/uploads\/2019\/05\/DSC_0423-960x626.jpg 960w, https:\/\/www.rivera.gub.uy\/portal\/wp-content\/uploads\/2019\/05\/DSC_0423-820x535.jpg 820w\" sizes=\"auto, (max-width: 144px) 100vw, 144px\" \/><\/a>\n\t\t\t<\/div><\/figure><figure class='gallery-item'>\n\t\t\t<div class='gallery-icon landscape'>\n\t\t\t\t<a href='https:\/\/www.rivera.gub.uy\/portal\/wp-content\/uploads\/2019\/05\/DSC_0437.jpg'><img loading=\"lazy\" decoding=\"async\" width=\"144\" height=\"94\" src=\"https:\/\/www.rivera.gub.uy\/portal\/wp-content\/uploads\/2019\/05\/DSC_0437-144x94.jpg\" class=\"attachment-thumbnail size-thumbnail\" alt=\"\" srcset=\"https:\/\/www.rivera.gub.uy\/portal\/wp-content\/uploads\/2019\/05\/DSC_0437-144x94.jpg 144w, https:\/\/www.rivera.gub.uy\/portal\/wp-content\/uploads\/2019\/05\/DSC_0437-288x188.jpg 288w, https:\/\/www.rivera.gub.uy\/portal\/wp-content\/uploads\/2019\/05\/DSC_0437-768x501.jpg 768w, https:\/\/www.rivera.gub.uy\/portal\/wp-content\/uploads\/2019\/05\/DSC_0437-960x626.jpg 960w, https:\/\/www.rivera.gub.uy\/portal\/wp-content\/uploads\/2019\/05\/DSC_0437-820x535.jpg 820w\" sizes=\"auto, (max-width: 144px) 100vw, 144px\" \/><\/a>\n\t\t\t<\/div><\/figure><figure class='gallery-item'>\n\t\t\t<div class='gallery-icon landscape'>\n\t\t\t\t<a href='https:\/\/www.rivera.gub.uy\/portal\/wp-content\/uploads\/2019\/05\/DSC_0451.jpg'><img loading=\"lazy\" decoding=\"async\" width=\"144\" height=\"94\" src=\"https:\/\/www.rivera.gub.uy\/portal\/wp-content\/uploads\/2019\/05\/DSC_0451-144x94.jpg\" class=\"attachment-thumbnail size-thumbnail\" alt=\"\" srcset=\"https:\/\/www.rivera.gub.uy\/portal\/wp-content\/uploads\/2019\/05\/DSC_0451-144x94.jpg 144w, https:\/\/www.rivera.gub.uy\/portal\/wp-content\/uploads\/2019\/05\/DSC_0451-288x188.jpg 288w, https:\/\/www.rivera.gub.uy\/portal\/wp-content\/uploads\/2019\/05\/DSC_0451-768x501.jpg 768w, https:\/\/www.rivera.gub.uy\/portal\/wp-content\/uploads\/2019\/05\/DSC_0451-960x626.jpg 960w, https:\/\/www.rivera.gub.uy\/portal\/wp-content\/uploads\/2019\/05\/DSC_0451-820x535.jpg 820w\" sizes=\"auto, (max-width: 144px) 100vw, 144px\" \/><\/a>\n\t\t\t<\/div><\/figure><figure class='gallery-item'>\n\t\t\t<div class='gallery-icon landscape'>\n\t\t\t\t<a href='https:\/\/www.rivera.gub.uy\/portal\/wp-content\/uploads\/2019\/05\/DSC_0452.jpg'><img loading=\"lazy\" decoding=\"async\" width=\"144\" height=\"94\" src=\"https:\/\/www.rivera.gub.uy\/portal\/wp-content\/uploads\/2019\/05\/DSC_0452-144x94.jpg\" class=\"attachment-thumbnail size-thumbnail\" alt=\"\" srcset=\"https:\/\/www.rivera.gub.uy\/portal\/wp-content\/uploads\/2019\/05\/DSC_0452-144x94.jpg 144w, https:\/\/www.rivera.gub.uy\/portal\/wp-content\/uploads\/2019\/05\/DSC_0452-288x188.jpg 288w, https:\/\/www.rivera.gub.uy\/portal\/wp-content\/uploads\/2019\/05\/DSC_0452-768x501.jpg 768w, https:\/\/www.rivera.gub.uy\/portal\/wp-content\/uploads\/2019\/05\/DSC_0452-960x626.jpg 960w, https:\/\/www.rivera.gub.uy\/portal\/wp-content\/uploads\/2019\/05\/DSC_0452-820x535.jpg 820w\" sizes=\"auto, (max-width: 144px) 100vw, 144px\" \/><\/a>\n\t\t\t<\/div><\/figure>\n\t\t<\/div>\n\n<p><strong>Rivera, Vanguardista en Pol\u00edticas P\u00fablicas<\/strong><\/p>\n<p>Se present\u00f3 el Plan Municipal Bi-Departamental de Adaptaci\u00f3n al Cambio Clim\u00e1tico, para los departamentos de Rivera y Tacuaremb\u00f3. El Intendente de Rivera, expres\u00f3: \u201cvamos a empezar a promover, la transformaci\u00f3n de la matriz energ\u00e9tica del transporte p\u00fablico (el\u00e9ctricos), con energ\u00edas sustentables y una segunda invitaci\u00f3n de una Red Internacional, para que Rivera, forme parte del Plan Nacional de Adaptaci\u00f3n al Cambio Clim\u00e1tico \u201cNAP Ciudades\u201d &#8230; \u201c es un orgullo que nos inviten, y una oportunidad, por ser una puerta de ingreso de recursos, para financiar proyectos, que propendan a generar esas capacidades\u201d.<\/p>\n<p>El Intendente Departamental de Tacuaremb\u00f3, Dr. Eber Da Rosa, rectific\u00f3 el compromiso de seguir trabajando conjuntamente con la Intendencia de Rivera, impulsando talleres de trabajo con la poblaci\u00f3n, para tomar conciencia de los cuidados del Medio Ambiente\u201d.<\/p>\n<p>Los disertantes del d\u00eda fueron: el Director General de Desarrollo y Medio Ambiente, Q.F. Alejandro Bert\u00f3n, el Director General de Tr\u00e1nsito y Transporte, Mauricio Gonz\u00e1lez, desde Bolivia, el director Ejecutivo de Fundaci\u00f3n NATIVA, Dr. Iv\u00e1n Arnold y el alcalde de Robor\u00e9 (Bolivia), Dr. Iv\u00e1n Quezada, quien resalt\u00f3: \u201cquedo admirado con Rivera, por el manejo y trabajo realizado en la recolecci\u00f3n de residuos y su tratamiento\u201d, adem\u00e1s el Secretario General de Fundaci\u00f3n INDRA de Uruguay, Ing. Santiago Larguero; y el Director de Cambio Clim\u00e1tico del MVOTMA y presidente del Grupo de Coordinaci\u00f3n del Sistema Nacional Respuesta al Cambio Clim\u00e1tico (SNRCC), Arq. Ignacio Lorenzo.<\/p>\n<p><iframe loading=\"lazy\" width=\"1160\" height=\"653\" src=\"https:\/\/www.youtube.com\/embed\/Xsr5PjVkIWs?feature=oembed\" frameborder=\"0\" allow=\"accelerometer; autoplay; encrypted-media; gyroscope; picture-in-picture\" allowfullscreen><\/iframe><\/p>\n","protected":false},"excerpt":{"rendered":"<p>Rivera, invitada a participar de un Plan Nacional y una Red Internacional, sobre Cambio Clim\u00e1tico. \u201cEstamos recibiendo, el primer plan de adaptaci\u00f3n Clim\u00e1tico del Pa\u00eds, generado desde el Departamento de Rivera, invitando a Tacuaremb\u00f3, para darle un abordaje m\u00e1s regional, con productos importantes en materia de diagn\u00f3sticos, con instrumentos que se aplican a todos los [&hellip;]<\/p>\n","protected":false},"author":7,"featured_media":14913,"comment_status":"open","ping_status":"open","sticky":false,"template":"","format":"standard","meta":{"footnotes":""},"categories":[3,1,18,13],"tags":[],"class_list":["post-14910","post","type-post","status-publish","format-standard","has-post-thumbnail","hentry","category-multimedia","category-novedades","category-participacion","category-proyectos-estrategicos"],"_links":{"self":[{"href":"https:\/\/www.rivera.gub.uy\/portal\/wp-json\/wp\/v2\/posts\/14910","targetHints":{"allow":["GET"]}}],"collection":[{"href":"https:\/\/www.rivera.gub.uy\/portal\/wp-json\/wp\/v2\/posts"}],"about":[{"href":"https:\/\/www.rivera.gub.uy\/portal\/wp-json\/wp\/v2\/types\/post"}],"author":[{"embeddable":true,"href":"https:\/\/www.rivera.gub.uy\/portal\/wp-json\/wp\/v2\/users\/7"}],"replies":[{"embeddable":true,"href":"https:\/\/www.rivera.gub.uy\/portal\/wp-json\/wp\/v2\/comments?post=14910"}],"version-history":[{"count":1,"href":"https:\/\/www.rivera.gub.uy\/portal\/wp-json\/wp\/v2\/posts\/14910\/revisions"}],"predecessor-version":[{"id":14917,"href":"https:\/\/www.rivera.gub.uy\/portal\/wp-json\/wp\/v2\/posts\/14910\/revisions\/14917"}],"wp:featuredmedia":[{"embeddable":true,"href":"https:\/\/www.rivera.gub.uy\/portal\/wp-json\/wp\/v2\/media\/14913"}],"wp:attachment":[{"href":"https:\/\/www.rivera.gub.uy\/portal\/wp-json\/wp\/v2\/media?parent=14910"}],"wp:term":[{"taxonomy":"category","embeddable":true,"href":"https:\/\/www.rivera.gub.uy\/portal\/wp-json\/wp\/v2\/categories?post=14910"},{"taxonomy":"post_tag","embeddable":true,"href":"https:\/\/www.rivera.gub.uy\/portal\/wp-json\/wp\/v2\/tags?post=14910"}],"curies":[{"name":"wp","href":"https:\/\/api.w.org\/{rel}","templated":true}]}}