{"id":15093,"date":"2019-05-20T10:42:28","date_gmt":"2019-05-20T13:42:28","guid":{"rendered":"https:\/\/www.rivera.gub.uy\/portal\/?p=15093"},"modified":"2019-05-20T10:45:27","modified_gmt":"2019-05-20T13:45:27","slug":"llamado-abierto-para-mecanico","status":"publish","type":"post","link":"https:\/\/www.rivera.gub.uy\/portal\/llamado-abierto-para-mecanico\/","title":{"rendered":"Llamado abierto para Mec\u00e1nico"},"content":{"rendered":"<p>Tipo de v\u00ednculo: Contrato a t\u00e9rmino.<\/p>\n<p>Nombre del puesto: Mec\u00e1nico<\/p>\n<p>Puestos: 8<\/p>\n<p>Per\u00edodo de inscripci\u00f3n: mi\u00e9rcoles 22 y jueves 23 de mayo.<!--more--><\/p>\n<p>Lugar: Oficinas de RR.HH \u2013 1\u00ba subsuelo al fondo<\/p>\n<p>Documentaci\u00f3n requerida para la inscripci\u00f3n:<\/p>\n<ul>\n<li>Fotocopia de C\u00e9dula de Identidad vigente<\/li>\n<li>Certificados que acrediten la formaci\u00f3n (<a href=\"https:\/\/www.rivera.gub.uy\/portal\/wp-content\/uploads\/2019\/05\/TDR-Mec\u00e1nicos-Jun_2019.pdf\" target=\"_blank\" rel=\"noopener noreferrer\">ver requisitos en TDR publicado<\/a>)<\/li>\n<li>Curriculum Vitae donde figure detallada la experiencia laboral (a\u00f1os y empresas)<\/li>\n<li>Constancias de las empresas donde realiz\u00f3 las tareas del llamado<\/li>\n<\/ul>\n<p>Para acceder a la Informaci\u00f3n completa, deber\u00e1 descargar el TDR adjunto.<\/p>\n<p>TDR (<a href=\"https:\/\/www.rivera.gub.uy\/portal\/wp-content\/uploads\/2019\/05\/TDR-Mec\u00e1nicos-Jun_2019.pdf\" target=\"_blank\" rel=\"noopener noreferrer\">descargar<\/a>)<\/p>\n","protected":false},"excerpt":{"rendered":"<p>Tipo de v\u00ednculo: Contrato a t\u00e9rmino. Nombre del puesto: Mec\u00e1nico Puestos: 8 Per\u00edodo de inscripci\u00f3n: mi\u00e9rcoles 22 y jueves 23 de mayo.<\/p>\n","protected":false},"author":7,"featured_media":6131,"comment_status":"open","ping_status":"open","sticky":false,"template":"","format":"standard","meta":{"footnotes":""},"categories":[8,1],"tags":[36,241,238,33],"class_list":["post-15093","post","type-post","status-publish","format-standard","has-post-thumbnail","hentry","category-llamados-a-concursos","category-novedades","tag-intendencia","tag-llamado","tag-mecanico","tag-rivera"],"_links":{"self":[{"href":"https:\/\/www.rivera.gub.uy\/portal\/wp-json\/wp\/v2\/posts\/15093","targetHints":{"allow":["GET"]}}],"collection":[{"href":"https:\/\/www.rivera.gub.uy\/portal\/wp-json\/wp\/v2\/posts"}],"about":[{"href":"https:\/\/www.rivera.gub.uy\/portal\/wp-json\/wp\/v2\/types\/post"}],"author":[{"embeddable":true,"href":"https:\/\/www.rivera.gub.uy\/portal\/wp-json\/wp\/v2\/users\/7"}],"replies":[{"embeddable":true,"href":"https:\/\/www.rivera.gub.uy\/portal\/wp-json\/wp\/v2\/comments?post=15093"}],"version-history":[{"count":3,"href":"https:\/\/www.rivera.gub.uy\/portal\/wp-json\/wp\/v2\/posts\/15093\/revisions"}],"predecessor-version":[{"id":15098,"href":"https:\/\/www.rivera.gub.uy\/portal\/wp-json\/wp\/v2\/posts\/15093\/revisions\/15098"}],"wp:featuredmedia":[{"embeddable":true,"href":"https:\/\/www.rivera.gub.uy\/portal\/wp-json\/wp\/v2\/media\/6131"}],"wp:attachment":[{"href":"https:\/\/www.rivera.gub.uy\/portal\/wp-json\/wp\/v2\/media?parent=15093"}],"wp:term":[{"taxonomy":"category","embeddable":true,"href":"https:\/\/www.rivera.gub.uy\/portal\/wp-json\/wp\/v2\/categories?post=15093"},{"taxonomy":"post_tag","embeddable":true,"href":"https:\/\/www.rivera.gub.uy\/portal\/wp-json\/wp\/v2\/tags?post=15093"}],"curies":[{"name":"wp","href":"https:\/\/api.w.org\/{rel}","templated":true}]}}