{"id":15121,"date":"2019-05-21T15:32:10","date_gmt":"2019-05-21T18:32:10","guid":{"rendered":"https:\/\/www.rivera.gub.uy\/portal\/?p=15121"},"modified":"2019-05-21T15:32:16","modified_gmt":"2019-05-21T18:32:16","slug":"el-sabado-25-en-plaza-artigas-se-celebra-la-9na-edicion-del-uva-vino-point","status":"publish","type":"post","link":"https:\/\/www.rivera.gub.uy\/portal\/el-sabado-25-en-plaza-artigas-se-celebra-la-9na-edicion-del-uva-vino-point\/","title":{"rendered":"El s\u00e1bado 25 en Plaza Artigas, se celebra la 9na. edici\u00f3n del Uva &amp; Vino Point"},"content":{"rendered":"<p>En la ma\u00f1ana del martes 21 de mayo, en el Centro de Visitantes de Plaza Internacional, se realiz\u00f3 el lanzamiento de la 9na edici\u00f3n del evento, Uva &amp; Vino Point, de Vinos del Uruguay.<\/p>\n<p>Estuvieron presentes, desde la Intendencia Departamental de Rivera, el director de Turismo, Lic. Carlos Martorell, la coordinadora de Turismo Enol\u00f3gico, del Ministerio de Turismo (MINTUR), Alejandra Cabrera, la referente del \u00c1rea de Competitividad Enoturismo, del Instituto Nacional de Vitivinicultora (INAVI), Rosita Moreno Tagliab\u00fae, la referente de Regi\u00f3n Norte del MINTUR, Paula Alves y la representante de la productora que organiza el evento, Natalila Rehermann (MERDE Productora).<!--more--><\/p>\n<p>En Plaza Artigas, se llevar\u00e1 a cabo \u00e9ste s\u00e1bado 25 de mayo, desde las 12hs, hasta las 18hs, con entrada libre.<br \/>\nHabr\u00e1 degustaci\u00f3n de los mejores vinos nacionales (tickets valor 200 pesos, incluye una copa del evento y 5 degustaciones), y platos t\u00edpicos de la zona.<\/p>\n<p>El director de Turismo de la IDR, Lic. Carlos Martorell, hace hincapi\u00e9 en recordar que en el a\u00f1o 2015, se traz\u00f3 un plan estrat\u00e9gico en lo que respecta al desarrollo de festivales, relacionados a la Enogastronom\u00eda, como elemento Tur\u00edstico y cuentan con el apoyo de INAVI, a trav\u00e9s del Ministerio de Turismo.<\/p>\n<p><strong>UVA &amp; VINO Point<\/strong><\/p>\n<p>Uva &amp; Vino Point, es un evento Marca Pa\u00eds, que cuenta con el apoyo de Mintur y la Intendencia Departamental de Rivera, y contar\u00e1 con diferentes ofertas gastron\u00f3micas locales y de Tacuaremb\u00f3. M\u00e1s de 12 bodegas nacionales llegan de todo el Uruguay, adem\u00e1s las propuestas art\u00edsticas, grupo de Tango que llega desde la ciudad de Montevideo, y la Orquesta Departamental de Rivera, que ser\u00e1 la encargada de ponerle el sello de oro a la celebraci\u00f3n.<\/p>\n<p>NO se suspende<\/p>\n<p>Si hay pronostico de lluvias, el plan B, es trasladar el evento a Shopping Melanc\u00eda.<\/p>\n<div id='gallery-1' class='gallery galleryid-15121 gallery-columns-2 gallery-size-thumbnail'><figure class='gallery-item'>\n\t\t\t<div class='gallery-icon landscape'>\n\t\t\t\t<a href='https:\/\/www.rivera.gub.uy\/portal\/wp-content\/uploads\/2019\/05\/DSC_0009-2.jpg'><img loading=\"lazy\" decoding=\"async\" width=\"132\" height=\"94\" src=\"https:\/\/www.rivera.gub.uy\/portal\/wp-content\/uploads\/2019\/05\/DSC_0009-2-132x94.jpg\" class=\"attachment-thumbnail size-thumbnail\" alt=\"\" srcset=\"https:\/\/www.rivera.gub.uy\/portal\/wp-content\/uploads\/2019\/05\/DSC_0009-2-132x94.jpg 132w, https:\/\/www.rivera.gub.uy\/portal\/wp-content\/uploads\/2019\/05\/DSC_0009-2-263x188.jpg 263w, https:\/\/www.rivera.gub.uy\/portal\/wp-content\/uploads\/2019\/05\/DSC_0009-2-768x549.jpg 768w, https:\/\/www.rivera.gub.uy\/portal\/wp-content\/uploads\/2019\/05\/DSC_0009-2-876x626.jpg 876w, https:\/\/www.rivera.gub.uy\/portal\/wp-content\/uploads\/2019\/05\/DSC_0009-2-820x586.jpg 820w\" sizes=\"auto, (max-width: 132px) 100vw, 132px\" \/><\/a>\n\t\t\t<\/div><\/figure><figure class='gallery-item'>\n\t\t\t<div class='gallery-icon landscape'>\n\t\t\t\t<a href='https:\/\/www.rivera.gub.uy\/portal\/wp-content\/uploads\/2019\/05\/DSC_0038.jpg'><img loading=\"lazy\" decoding=\"async\" width=\"144\" height=\"94\" src=\"https:\/\/www.rivera.gub.uy\/portal\/wp-content\/uploads\/2019\/05\/DSC_0038-144x94.jpg\" class=\"attachment-thumbnail size-thumbnail\" alt=\"\" srcset=\"https:\/\/www.rivera.gub.uy\/portal\/wp-content\/uploads\/2019\/05\/DSC_0038-144x94.jpg 144w, https:\/\/www.rivera.gub.uy\/portal\/wp-content\/uploads\/2019\/05\/DSC_0038-288x188.jpg 288w, https:\/\/www.rivera.gub.uy\/portal\/wp-content\/uploads\/2019\/05\/DSC_0038-768x501.jpg 768w, https:\/\/www.rivera.gub.uy\/portal\/wp-content\/uploads\/2019\/05\/DSC_0038-960x626.jpg 960w, https:\/\/www.rivera.gub.uy\/portal\/wp-content\/uploads\/2019\/05\/DSC_0038-820x535.jpg 820w\" sizes=\"auto, (max-width: 144px) 100vw, 144px\" \/><\/a>\n\t\t\t<\/div><\/figure>\n\t\t<\/div>\n\n","protected":false},"excerpt":{"rendered":"<p>En la ma\u00f1ana del martes 21 de mayo, en el Centro de Visitantes de Plaza Internacional, se realiz\u00f3 el lanzamiento de la 9na edici\u00f3n del evento, Uva &amp; Vino Point, de Vinos del Uruguay. Estuvieron presentes, desde la Intendencia Departamental de Rivera, el director de Turismo, Lic. Carlos Martorell, la coordinadora de Turismo Enol\u00f3gico, del [&hellip;]<\/p>\n","protected":false},"author":7,"featured_media":15123,"comment_status":"open","ping_status":"open","sticky":false,"template":"","format":"standard","meta":{"footnotes":""},"categories":[1],"tags":[],"class_list":["post-15121","post","type-post","status-publish","format-standard","has-post-thumbnail","hentry","category-novedades"],"_links":{"self":[{"href":"https:\/\/www.rivera.gub.uy\/portal\/wp-json\/wp\/v2\/posts\/15121","targetHints":{"allow":["GET"]}}],"collection":[{"href":"https:\/\/www.rivera.gub.uy\/portal\/wp-json\/wp\/v2\/posts"}],"about":[{"href":"https:\/\/www.rivera.gub.uy\/portal\/wp-json\/wp\/v2\/types\/post"}],"author":[{"embeddable":true,"href":"https:\/\/www.rivera.gub.uy\/portal\/wp-json\/wp\/v2\/users\/7"}],"replies":[{"embeddable":true,"href":"https:\/\/www.rivera.gub.uy\/portal\/wp-json\/wp\/v2\/comments?post=15121"}],"version-history":[{"count":2,"href":"https:\/\/www.rivera.gub.uy\/portal\/wp-json\/wp\/v2\/posts\/15121\/revisions"}],"predecessor-version":[{"id":15125,"href":"https:\/\/www.rivera.gub.uy\/portal\/wp-json\/wp\/v2\/posts\/15121\/revisions\/15125"}],"wp:featuredmedia":[{"embeddable":true,"href":"https:\/\/www.rivera.gub.uy\/portal\/wp-json\/wp\/v2\/media\/15123"}],"wp:attachment":[{"href":"https:\/\/www.rivera.gub.uy\/portal\/wp-json\/wp\/v2\/media?parent=15121"}],"wp:term":[{"taxonomy":"category","embeddable":true,"href":"https:\/\/www.rivera.gub.uy\/portal\/wp-json\/wp\/v2\/categories?post=15121"},{"taxonomy":"post_tag","embeddable":true,"href":"https:\/\/www.rivera.gub.uy\/portal\/wp-json\/wp\/v2\/tags?post=15121"}],"curies":[{"name":"wp","href":"https:\/\/api.w.org\/{rel}","templated":true}]}}