{"id":15159,"date":"2019-05-24T08:50:55","date_gmt":"2019-05-24T11:50:55","guid":{"rendered":"https:\/\/www.rivera.gub.uy\/portal\/?p=15159"},"modified":"2019-05-24T08:50:55","modified_gmt":"2019-05-24T11:50:55","slug":"se-realizo-taller-sobre-movilidad-sostenible-en-uruguay","status":"publish","type":"post","link":"https:\/\/www.rivera.gub.uy\/portal\/se-realizo-taller-sobre-movilidad-sostenible-en-uruguay\/","title":{"rendered":"Se realiz\u00f3 taller sobre  \u201cMovilidad sostenible en Uruguay\u201d"},"content":{"rendered":"<p>El proyecto que fue presentado, en Montevideo, por dos direcciones Generales de la IDR, y fue aprobado.<\/p>\n<p>\u201cCon una visi\u00f3n estrat\u00e9gica y a largo plazo, cimentada en procesos de planificaci\u00f3n para desarrollar ciudades y ver cambios tangibles, as\u00ed se trabaja desde el a\u00f1o 2000, dejando de lado pol\u00edticas que solo solucionan problemas del d\u00eda a d\u00eda\u201d. Jos\u00e9 Mazzoni.<!--more--><\/p>\n<p>En el sal\u00f3n de actos de la Intendencia Departamental de Rivera, en la ma\u00f1ana del mi\u00e9rcoles 22 de mayo, se llev\u00f3 adelante un taller sobre el proyecto de \u201c Movilidad Sostenible en Uruguay\u201d, ante autoridades Nacionales (MIEM, MVOTMA, Oficina de Presidencia de la Rep\u00fablica), Departamentales, personas vinculadas al transporte (p\u00fablico, urbano e interdepartamental), instituciones civiles, militares y policiales.<\/p>\n<p>Estuvieron presentes, conformando la mesa de conferencias y dando la bienvenida, el Director General de Obras, el Director General de Desarrollo y Medio Ambiente, el Director General de Tr\u00e1nsito y Transporte, de la IDR, y la Asesora Ambiental (direcci\u00f3n Nacional de Energ\u00eda, MIEM), Beatriz Oliver, quien present\u00f3 el proyecto \u201cMOV\u00c9S\u201d.<\/p>\n<p>Al terminar la parte oratoria, los participantes del taller y algunos funcionarios; se sumaron a las mesas de trabajo.<\/p>\n<p>Consultado el Director General de Obras, Arq. Jos\u00e9 Mazzoni, inform\u00f3: \u201ces un proyecto financiado por la Uni\u00f3n Europea (EUROCLIMA, Acuerdo de Par\u00eds, 2015). \u00c9sta actividad, se lleva adelante en 5 departamentos del Uruguay, y est\u00e1 dirigida a todos los que est\u00e1n involucrados en el tema transporte, movilidad __ apuntando a un objetivo general, en tema de sustentabilidad.<br \/>\nLos que participan del taller, aportan ideas, para un proceso que durar\u00e1 todo el a\u00f1o, al terminar, llega el resultado final, donde el gobierno Departamental, hace su aporte al proyecto\u201d.<\/p>\n<p>Hubo una instancia importante de participaci\u00f3n, \u201cesperemos que la jornada sea productiva, pensando a 10 a\u00f1os, 20 a\u00f1os, estamos trabajando para _un Rivera_ 2030, estamos acoplados con los lineamientos internacionales, sobre ese tema\u201d agreg\u00f3 Mazzoni .<\/p>\n<p>El director General de Tr\u00e1nsito y Transporte, Mauricio Gonz\u00e1lez, destac\u00f3: \u201cPresentamos un proyecto en Montevideo, conjuntamente con la Direcci\u00f3n General de Desarrollo y Medio Ambiente, en movilidad sostenible, fuimos seleccionados, y actualmente estamos en la segunda etapa\u201d<\/p>\n<p><strong>Movilidad Sostenible<\/strong><\/p>\n<p>Hay pol\u00edticas que potencian la movilidad sostenible, quienes deben contemplar varios objetivos; entre ellos configurar un modelo de transporte m\u00e1s eficiente, para mejorar la competitividad del sistema productivo, por ende, mejorando la integraci\u00f3n social de los ciudadanos.<\/p>\n<div id='gallery-1' class='gallery galleryid-15159 gallery-columns-4 gallery-size-thumbnail'><figure class='gallery-item'>\n\t\t\t<div class='gallery-icon landscape'>\n\t\t\t\t<a href='https:\/\/www.rivera.gub.uy\/portal\/wp-content\/uploads\/2019\/05\/DSC_0063.jpg'><img loading=\"lazy\" decoding=\"async\" width=\"144\" height=\"94\" src=\"https:\/\/www.rivera.gub.uy\/portal\/wp-content\/uploads\/2019\/05\/DSC_0063-144x94.jpg\" class=\"attachment-thumbnail size-thumbnail\" alt=\"\" srcset=\"https:\/\/www.rivera.gub.uy\/portal\/wp-content\/uploads\/2019\/05\/DSC_0063-144x94.jpg 144w, https:\/\/www.rivera.gub.uy\/portal\/wp-content\/uploads\/2019\/05\/DSC_0063-288x188.jpg 288w, https:\/\/www.rivera.gub.uy\/portal\/wp-content\/uploads\/2019\/05\/DSC_0063-768x501.jpg 768w, https:\/\/www.rivera.gub.uy\/portal\/wp-content\/uploads\/2019\/05\/DSC_0063-960x626.jpg 960w, https:\/\/www.rivera.gub.uy\/portal\/wp-content\/uploads\/2019\/05\/DSC_0063-820x535.jpg 820w\" sizes=\"auto, (max-width: 144px) 100vw, 144px\" \/><\/a>\n\t\t\t<\/div><\/figure><figure class='gallery-item'>\n\t\t\t<div class='gallery-icon landscape'>\n\t\t\t\t<a href='https:\/\/www.rivera.gub.uy\/portal\/wp-content\/uploads\/2019\/05\/DSC_0064.jpg'><img loading=\"lazy\" decoding=\"async\" width=\"144\" height=\"94\" src=\"https:\/\/www.rivera.gub.uy\/portal\/wp-content\/uploads\/2019\/05\/DSC_0064-144x94.jpg\" class=\"attachment-thumbnail size-thumbnail\" alt=\"\" srcset=\"https:\/\/www.rivera.gub.uy\/portal\/wp-content\/uploads\/2019\/05\/DSC_0064-144x94.jpg 144w, https:\/\/www.rivera.gub.uy\/portal\/wp-content\/uploads\/2019\/05\/DSC_0064-288x188.jpg 288w, https:\/\/www.rivera.gub.uy\/portal\/wp-content\/uploads\/2019\/05\/DSC_0064-768x501.jpg 768w, https:\/\/www.rivera.gub.uy\/portal\/wp-content\/uploads\/2019\/05\/DSC_0064-960x626.jpg 960w, https:\/\/www.rivera.gub.uy\/portal\/wp-content\/uploads\/2019\/05\/DSC_0064-820x535.jpg 820w\" sizes=\"auto, (max-width: 144px) 100vw, 144px\" \/><\/a>\n\t\t\t<\/div><\/figure><figure class='gallery-item'>\n\t\t\t<div class='gallery-icon landscape'>\n\t\t\t\t<a href='https:\/\/www.rivera.gub.uy\/portal\/wp-content\/uploads\/2019\/05\/DSC_0073.jpg'><img loading=\"lazy\" decoding=\"async\" width=\"144\" height=\"94\" src=\"https:\/\/www.rivera.gub.uy\/portal\/wp-content\/uploads\/2019\/05\/DSC_0073-144x94.jpg\" class=\"attachment-thumbnail size-thumbnail\" alt=\"\" srcset=\"https:\/\/www.rivera.gub.uy\/portal\/wp-content\/uploads\/2019\/05\/DSC_0073-144x94.jpg 144w, https:\/\/www.rivera.gub.uy\/portal\/wp-content\/uploads\/2019\/05\/DSC_0073-288x188.jpg 288w, https:\/\/www.rivera.gub.uy\/portal\/wp-content\/uploads\/2019\/05\/DSC_0073-768x501.jpg 768w, https:\/\/www.rivera.gub.uy\/portal\/wp-content\/uploads\/2019\/05\/DSC_0073-960x626.jpg 960w, https:\/\/www.rivera.gub.uy\/portal\/wp-content\/uploads\/2019\/05\/DSC_0073-820x535.jpg 820w\" sizes=\"auto, (max-width: 144px) 100vw, 144px\" \/><\/a>\n\t\t\t<\/div><\/figure><figure class='gallery-item'>\n\t\t\t<div class='gallery-icon landscape'>\n\t\t\t\t<a href='https:\/\/www.rivera.gub.uy\/portal\/wp-content\/uploads\/2019\/05\/DSC_0100.jpg'><img loading=\"lazy\" decoding=\"async\" width=\"144\" height=\"94\" src=\"https:\/\/www.rivera.gub.uy\/portal\/wp-content\/uploads\/2019\/05\/DSC_0100-144x94.jpg\" class=\"attachment-thumbnail size-thumbnail\" alt=\"\" srcset=\"https:\/\/www.rivera.gub.uy\/portal\/wp-content\/uploads\/2019\/05\/DSC_0100-144x94.jpg 144w, https:\/\/www.rivera.gub.uy\/portal\/wp-content\/uploads\/2019\/05\/DSC_0100-288x188.jpg 288w, https:\/\/www.rivera.gub.uy\/portal\/wp-content\/uploads\/2019\/05\/DSC_0100-768x501.jpg 768w, https:\/\/www.rivera.gub.uy\/portal\/wp-content\/uploads\/2019\/05\/DSC_0100-960x626.jpg 960w, https:\/\/www.rivera.gub.uy\/portal\/wp-content\/uploads\/2019\/05\/DSC_0100-820x535.jpg 820w\" sizes=\"auto, (max-width: 144px) 100vw, 144px\" \/><\/a>\n\t\t\t<\/div><\/figure><figure class='gallery-item'>\n\t\t\t<div class='gallery-icon landscape'>\n\t\t\t\t<a href='https:\/\/www.rivera.gub.uy\/portal\/wp-content\/uploads\/2019\/05\/DSC_0117.jpg'><img loading=\"lazy\" decoding=\"async\" width=\"144\" height=\"94\" src=\"https:\/\/www.rivera.gub.uy\/portal\/wp-content\/uploads\/2019\/05\/DSC_0117-144x94.jpg\" class=\"attachment-thumbnail size-thumbnail\" alt=\"\" srcset=\"https:\/\/www.rivera.gub.uy\/portal\/wp-content\/uploads\/2019\/05\/DSC_0117-144x94.jpg 144w, https:\/\/www.rivera.gub.uy\/portal\/wp-content\/uploads\/2019\/05\/DSC_0117-288x188.jpg 288w, https:\/\/www.rivera.gub.uy\/portal\/wp-content\/uploads\/2019\/05\/DSC_0117-768x501.jpg 768w, https:\/\/www.rivera.gub.uy\/portal\/wp-content\/uploads\/2019\/05\/DSC_0117-960x626.jpg 960w, https:\/\/www.rivera.gub.uy\/portal\/wp-content\/uploads\/2019\/05\/DSC_0117-820x535.jpg 820w\" sizes=\"auto, (max-width: 144px) 100vw, 144px\" \/><\/a>\n\t\t\t<\/div><\/figure><figure class='gallery-item'>\n\t\t\t<div class='gallery-icon landscape'>\n\t\t\t\t<a href='https:\/\/www.rivera.gub.uy\/portal\/wp-content\/uploads\/2019\/05\/DSC_0128.jpg'><img loading=\"lazy\" decoding=\"async\" width=\"144\" height=\"94\" src=\"https:\/\/www.rivera.gub.uy\/portal\/wp-content\/uploads\/2019\/05\/DSC_0128-144x94.jpg\" class=\"attachment-thumbnail size-thumbnail\" alt=\"\" srcset=\"https:\/\/www.rivera.gub.uy\/portal\/wp-content\/uploads\/2019\/05\/DSC_0128-144x94.jpg 144w, https:\/\/www.rivera.gub.uy\/portal\/wp-content\/uploads\/2019\/05\/DSC_0128-288x188.jpg 288w, https:\/\/www.rivera.gub.uy\/portal\/wp-content\/uploads\/2019\/05\/DSC_0128-768x501.jpg 768w, https:\/\/www.rivera.gub.uy\/portal\/wp-content\/uploads\/2019\/05\/DSC_0128-960x626.jpg 960w, https:\/\/www.rivera.gub.uy\/portal\/wp-content\/uploads\/2019\/05\/DSC_0128-820x535.jpg 820w\" sizes=\"auto, (max-width: 144px) 100vw, 144px\" \/><\/a>\n\t\t\t<\/div><\/figure><figure class='gallery-item'>\n\t\t\t<div class='gallery-icon landscape'>\n\t\t\t\t<a href='https:\/\/www.rivera.gub.uy\/portal\/wp-content\/uploads\/2019\/05\/DSC_0149.jpg'><img loading=\"lazy\" decoding=\"async\" width=\"144\" height=\"94\" src=\"https:\/\/www.rivera.gub.uy\/portal\/wp-content\/uploads\/2019\/05\/DSC_0149-144x94.jpg\" class=\"attachment-thumbnail size-thumbnail\" alt=\"\" srcset=\"https:\/\/www.rivera.gub.uy\/portal\/wp-content\/uploads\/2019\/05\/DSC_0149-144x94.jpg 144w, https:\/\/www.rivera.gub.uy\/portal\/wp-content\/uploads\/2019\/05\/DSC_0149-288x188.jpg 288w, https:\/\/www.rivera.gub.uy\/portal\/wp-content\/uploads\/2019\/05\/DSC_0149-768x501.jpg 768w, https:\/\/www.rivera.gub.uy\/portal\/wp-content\/uploads\/2019\/05\/DSC_0149-960x626.jpg 960w, https:\/\/www.rivera.gub.uy\/portal\/wp-content\/uploads\/2019\/05\/DSC_0149-820x535.jpg 820w\" sizes=\"auto, (max-width: 144px) 100vw, 144px\" \/><\/a>\n\t\t\t<\/div><\/figure>\n\t\t<\/div>\n\n","protected":false},"excerpt":{"rendered":"<p>El proyecto que fue presentado, en Montevideo, por dos direcciones Generales de la IDR, y fue aprobado. \u201cCon una visi\u00f3n estrat\u00e9gica y a largo plazo, cimentada en procesos de planificaci\u00f3n para desarrollar ciudades y ver cambios tangibles, as\u00ed se trabaja desde el a\u00f1o 2000, dejando de lado pol\u00edticas que solo solucionan problemas del d\u00eda a [&hellip;]<\/p>\n","protected":false},"author":7,"featured_media":15163,"comment_status":"open","ping_status":"open","sticky":false,"template":"","format":"standard","meta":{"footnotes":""},"categories":[1],"tags":[979,81,33],"class_list":["post-15159","post","type-post","status-publish","format-standard","has-post-thumbnail","hentry","category-novedades","tag-intendendencia","tag-obras","tag-rivera"],"_links":{"self":[{"href":"https:\/\/www.rivera.gub.uy\/portal\/wp-json\/wp\/v2\/posts\/15159","targetHints":{"allow":["GET"]}}],"collection":[{"href":"https:\/\/www.rivera.gub.uy\/portal\/wp-json\/wp\/v2\/posts"}],"about":[{"href":"https:\/\/www.rivera.gub.uy\/portal\/wp-json\/wp\/v2\/types\/post"}],"author":[{"embeddable":true,"href":"https:\/\/www.rivera.gub.uy\/portal\/wp-json\/wp\/v2\/users\/7"}],"replies":[{"embeddable":true,"href":"https:\/\/www.rivera.gub.uy\/portal\/wp-json\/wp\/v2\/comments?post=15159"}],"version-history":[{"count":2,"href":"https:\/\/www.rivera.gub.uy\/portal\/wp-json\/wp\/v2\/posts\/15159\/revisions"}],"predecessor-version":[{"id":15238,"href":"https:\/\/www.rivera.gub.uy\/portal\/wp-json\/wp\/v2\/posts\/15159\/revisions\/15238"}],"wp:featuredmedia":[{"embeddable":true,"href":"https:\/\/www.rivera.gub.uy\/portal\/wp-json\/wp\/v2\/media\/15163"}],"wp:attachment":[{"href":"https:\/\/www.rivera.gub.uy\/portal\/wp-json\/wp\/v2\/media?parent=15159"}],"wp:term":[{"taxonomy":"category","embeddable":true,"href":"https:\/\/www.rivera.gub.uy\/portal\/wp-json\/wp\/v2\/categories?post=15159"},{"taxonomy":"post_tag","embeddable":true,"href":"https:\/\/www.rivera.gub.uy\/portal\/wp-json\/wp\/v2\/tags?post=15159"}],"curies":[{"name":"wp","href":"https:\/\/api.w.org\/{rel}","templated":true}]}}