{"id":15217,"date":"2019-05-27T12:06:00","date_gmt":"2019-05-27T15:06:00","guid":{"rendered":"https:\/\/www.rivera.gub.uy\/portal\/?p=15217"},"modified":"2019-05-27T23:53:29","modified_gmt":"2019-05-28T02:53:29","slug":"proyecto-acacia-negra-es-premiado-a-nivel-internacional","status":"publish","type":"post","link":"https:\/\/www.rivera.gub.uy\/portal\/proyecto-acacia-negra-es-premiado-a-nivel-internacional\/","title":{"rendered":"Proyecto Acacia Negra es premiado a nivel internacional"},"content":{"rendered":"<p><strong>Premios Latinoam\u00e9rica Verde<\/strong> otorga una menci\u00f3n al proyecto de nuestro departamento<\/p>\n<p>El pasado mes de Abril el proyecto \u201cAcacia Negra &#8211; Utilizaci\u00f3n de una especie invasora le\u00f1osa como fuente laboral para grupos vulnerables de Rivera\u201d ha sido reconocido en los <strong>Premios Latinoam\u00e9rica Verde 2018<\/strong>. Dicho proyecto es llevado a cabo por la Facultad de Ciencias (UDELAR) y la Unidad de Desarrollo de la Intendencia de Rivera y cuenta con el financiamiento de la Agencia Nacional de Investigaci\u00f3n e Innovaci\u00f3n (ANII).<\/p>\n<p><!--more-->El proyecto ha sido seleccionado entre los 500 mejores proyectos seg\u00fan un Comit\u00e9 T\u00e9cnico conformado por representantes de las universidades m\u00e1s prestigiosas de Am\u00e9rica Latina, as\u00ed como por especialistas en temas sociales y ambientales de los sectores p\u00fablicos, privados y ONG\u00b4s. En esta edici\u00f3n se postularon 2733 proyectos de 713 ciudades y 38 pa\u00edses.<\/p>\n<p>Los Premios Latinoam\u00e9rica Verde, cuentan con el aval del Programa de Naciones Unidas para el Desarrollo (PNUD), y son considerados una vitrina de exposici\u00f3n internacional y un generador de alianzas econ\u00f3micas y sociales. Adem\u00e1s de la exhibici\u00f3n de los 500 mejores casos en la entrega de premios a realizarse en Guayaquil (Ecuador), los representantes de los proyectos podr\u00e1n mostrar sus iniciativas ambientales ante inversionistas, aceleradores e interesados.<\/p>\n","protected":false},"excerpt":{"rendered":"<p>Premios Latinoam\u00e9rica Verde otorga una menci\u00f3n al proyecto de nuestro departamento El pasado mes de Abril el proyecto \u201cAcacia Negra &#8211; Utilizaci\u00f3n de una especie invasora le\u00f1osa como fuente laboral para grupos vulnerables de Rivera\u201d ha sido reconocido en los Premios Latinoam\u00e9rica Verde 2018. Dicho proyecto es llevado a cabo por la Facultad de Ciencias [&hellip;]<\/p>\n","protected":false},"author":7,"featured_media":15239,"comment_status":"open","ping_status":"open","sticky":false,"template":"","format":"standard","meta":{"footnotes":""},"categories":[1],"tags":[667,974,380,346,36,981,79,267,33],"class_list":["post-15217","post","type-post","status-publish","format-standard","has-post-thumbnail","hentry","category-novedades","tag-acacia-negra","tag-articulaciones","tag-dgdma","tag-estrategias","tag-intendencia","tag-latinoamerica-verde","tag-medio-ambiente","tag-premio","tag-rivera"],"_links":{"self":[{"href":"https:\/\/www.rivera.gub.uy\/portal\/wp-json\/wp\/v2\/posts\/15217","targetHints":{"allow":["GET"]}}],"collection":[{"href":"https:\/\/www.rivera.gub.uy\/portal\/wp-json\/wp\/v2\/posts"}],"about":[{"href":"https:\/\/www.rivera.gub.uy\/portal\/wp-json\/wp\/v2\/types\/post"}],"author":[{"embeddable":true,"href":"https:\/\/www.rivera.gub.uy\/portal\/wp-json\/wp\/v2\/users\/7"}],"replies":[{"embeddable":true,"href":"https:\/\/www.rivera.gub.uy\/portal\/wp-json\/wp\/v2\/comments?post=15217"}],"version-history":[{"count":2,"href":"https:\/\/www.rivera.gub.uy\/portal\/wp-json\/wp\/v2\/posts\/15217\/revisions"}],"predecessor-version":[{"id":15240,"href":"https:\/\/www.rivera.gub.uy\/portal\/wp-json\/wp\/v2\/posts\/15217\/revisions\/15240"}],"wp:featuredmedia":[{"embeddable":true,"href":"https:\/\/www.rivera.gub.uy\/portal\/wp-json\/wp\/v2\/media\/15239"}],"wp:attachment":[{"href":"https:\/\/www.rivera.gub.uy\/portal\/wp-json\/wp\/v2\/media?parent=15217"}],"wp:term":[{"taxonomy":"category","embeddable":true,"href":"https:\/\/www.rivera.gub.uy\/portal\/wp-json\/wp\/v2\/categories?post=15217"},{"taxonomy":"post_tag","embeddable":true,"href":"https:\/\/www.rivera.gub.uy\/portal\/wp-json\/wp\/v2\/tags?post=15217"}],"curies":[{"name":"wp","href":"https:\/\/api.w.org\/{rel}","templated":true}]}}