{"id":15962,"date":"2019-07-03T11:47:41","date_gmt":"2019-07-03T14:47:41","guid":{"rendered":"https:\/\/www.rivera.gub.uy\/portal\/?p=15962"},"modified":"2019-08-29T08:49:49","modified_gmt":"2019-08-29T11:49:49","slug":"llamado-abierto-choferes-para-camion","status":"publish","type":"post","link":"https:\/\/www.rivera.gub.uy\/portal\/llamado-abierto-choferes-para-camion\/","title":{"rendered":"Llamado Abierto: Choferes para cami\u00f3n"},"content":{"rendered":"<p>Informaci\u00f3n General<\/p>\n<p>Tipo de v\u00ednculo: Contrato a t\u00e9rmino.<\/p>\n<p>Nombre del puesto: Choferes de cami\u00f3n.<\/p>\n<p>Puestos en total: 4<\/p>\n<ul>\n<li>2 cupo Afrodescendientes<\/li>\n<li>2 cupo General<\/li>\n<\/ul>\n<p>Per\u00edodo de inscripci\u00f3n: <strong>martes 9 y mi\u00e9rcoles 10<\/strong> de Julio del 2019.<!--more--><\/p>\n<p><strong>Llamado alcanzado por el ART N\u00ba 4 de la Ley 19.122 de Afrodescendencia. Importante: Aquellas personas que se postulen acogi\u00e9ndose a dicha ley y que no resulten sorteadas en este sorteo especifico, volver\u00e1n a ser tenidas en cuenta en el sorteo general.<\/strong><\/p>\n<p>Lugar: Oficinas de RR.HH \u2013 1\u00ba subsuelo al fondo<\/p>\n<p>Documentaci\u00f3n requerida para la inscripci\u00f3n:<\/p>\n<ul>\n<li>C\u00e9dula de Identidad vigente y fotocopia.<\/li>\n<li>Carn\u00e9 de Salud vigente y fotocopia.<\/li>\n<li>Licencia de Conducir categor\u00edas C, D, F y fotocopia.<\/li>\n<li>Curriculum Vitae donde figure detallada la experiencia laboral (a\u00f1os y empresa) y un<br \/>\ncontacto de la empresa para corroborar la experiencia.<\/li>\n<li>Cartas de recomendaci\u00f3n de empresas donde haya trabajado (no excluyente)<\/li>\n<\/ul>\n<p>No se recibir\u00e1n CV`s que no contengan la informaci\u00f3n solicitada.<br \/>\nPara acceder a la Informaci\u00f3n completa, deber\u00e1 descargar el TDR adjunto.<\/p>\n<p>TDR (<a href=\"https:\/\/www.rivera.gub.uy\/portal\/wp-content\/uploads\/2019\/07\/choferes-tdr-jul19-1.pdf\" target=\"_blank\" rel=\"noopener noreferrer\">descargar<\/a>)<\/p>\n<p>Modelo de CV (<a href=\"https:\/\/www.rivera.gub.uy\/portal\/wp-content\/uploads\/2018\/11\/Instructivo-para-hacer-un-Curriculum-Vitae-C-1.pdf\" target=\"_blank\" rel=\"noopener noreferrer\">descargar<\/a>)<\/p>\n<p>Resultado (<a href=\"https:\/\/www.rivera.gub.uy\/portal\/wp-content\/uploads\/2019\/07\/resultado-chofer-camion-jul19.pdf\" target=\"_blank\" rel=\"noopener noreferrer\">descargar<\/a>)<\/p>\n","protected":false},"excerpt":{"rendered":"<p>Informaci\u00f3n General Tipo de v\u00ednculo: Contrato a t\u00e9rmino. Nombre del puesto: Choferes de cami\u00f3n. Puestos en total: 4 2 cupo Afrodescendientes 2 cupo General Per\u00edodo de inscripci\u00f3n: martes 9 y mi\u00e9rcoles 10 de Julio del 2019.<\/p>\n","protected":false},"author":7,"featured_media":6131,"comment_status":"open","ping_status":"open","sticky":false,"template":"","format":"standard","meta":{"footnotes":""},"categories":[8,1],"tags":[244,676,989,297,985,241],"class_list":["post-15962","post","type-post","status-publish","format-standard","has-post-thumbnail","hentry","category-llamados-a-concursos","category-novedades","tag-abierto","tag-camion","tag-chofer","tag-choferes","tag-ley-afro","tag-llamado"],"_links":{"self":[{"href":"https:\/\/www.rivera.gub.uy\/portal\/wp-json\/wp\/v2\/posts\/15962","targetHints":{"allow":["GET"]}}],"collection":[{"href":"https:\/\/www.rivera.gub.uy\/portal\/wp-json\/wp\/v2\/posts"}],"about":[{"href":"https:\/\/www.rivera.gub.uy\/portal\/wp-json\/wp\/v2\/types\/post"}],"author":[{"embeddable":true,"href":"https:\/\/www.rivera.gub.uy\/portal\/wp-json\/wp\/v2\/users\/7"}],"replies":[{"embeddable":true,"href":"https:\/\/www.rivera.gub.uy\/portal\/wp-json\/wp\/v2\/comments?post=15962"}],"version-history":[{"count":7,"href":"https:\/\/www.rivera.gub.uy\/portal\/wp-json\/wp\/v2\/posts\/15962\/revisions"}],"predecessor-version":[{"id":18369,"href":"https:\/\/www.rivera.gub.uy\/portal\/wp-json\/wp\/v2\/posts\/15962\/revisions\/18369"}],"wp:featuredmedia":[{"embeddable":true,"href":"https:\/\/www.rivera.gub.uy\/portal\/wp-json\/wp\/v2\/media\/6131"}],"wp:attachment":[{"href":"https:\/\/www.rivera.gub.uy\/portal\/wp-json\/wp\/v2\/media?parent=15962"}],"wp:term":[{"taxonomy":"category","embeddable":true,"href":"https:\/\/www.rivera.gub.uy\/portal\/wp-json\/wp\/v2\/categories?post=15962"},{"taxonomy":"post_tag","embeddable":true,"href":"https:\/\/www.rivera.gub.uy\/portal\/wp-json\/wp\/v2\/tags?post=15962"}],"curies":[{"name":"wp","href":"https:\/\/api.w.org\/{rel}","templated":true}]}}