{"id":16932,"date":"2019-07-26T18:15:21","date_gmt":"2019-07-26T21:15:21","guid":{"rendered":"https:\/\/www.rivera.gub.uy\/portal\/?p=16932"},"modified":"2019-08-06T10:59:09","modified_gmt":"2019-08-06T13:59:09","slug":"idr-firma-el-2-acuerdo-especifico-con-agesic","status":"publish","type":"post","link":"https:\/\/www.rivera.gub.uy\/portal\/idr-firma-el-2-acuerdo-especifico-con-agesic\/","title":{"rendered":"IDR firma el 2\u00b0 acuerdo espec\u00edfico con Agesic"},"content":{"rendered":"<p>El Intendente Departamental de Rivera, Dr. Marne Osorio, firm\u00f3 un convenio de cooperaci\u00f3n interinstitucional para la implantaci\u00f3n del Sistema de Notificaciones y Comunicaciones Electr\u00f3nicas, con la Agencia de Gobierno Electr\u00f3nico, Sociedad de la Informaci\u00f3n y del Conocimiento (Agesic).<!--more--><\/p>\n<p>La firma del convenio se realiz\u00f3 el 24 de julio, en el despacho del intendente, con la presencia del director de URHTL, T\u00e9c. Prev. Marco Maciel, el coordinador del \u00c1rea TICs, Juan Carlos Sand\u00edn y Laura Valassi, responsable del programa cooperaci\u00f3n Interior de Agesic, donde previamente se firm\u00f3 un convenio Marco de cooperaci\u00f3n entre la intendencia y Agesic.<\/p>\n<p>&nbsp;<\/p>\n\r\n\t<div class=\"msacwl-slider-wrap msacwl-row-clearfix \" data-conf=\"{&quot;autoplay&quot;:&quot;true&quot;,&quot;autoplay_speed&quot;:3000,&quot;speed&quot;:300,&quot;arrows&quot;:&quot;true&quot;,&quot;dots&quot;:&quot;true&quot;,&quot;lazyload&quot;:&quot;&quot;}\">\r\n\t\t<div id=\"msacwl-slider-1\" class=\"msacwl-slider msacwl-common-slider msacwl-slider-popup\">\r\n\t\t\t\t\t\t<div class=\"msacwl-slide\" data-item-index=\"1\" >\r\n\t\t\t\t<a class=\"msacwl-img-link\" href=\"javascript:void(0);\" data-mfp-src=\"https:\/\/www.rivera.gub.uy\/portal\/wp-content\/uploads\/2019\/07\/DSC_0035.jpg\">\r\n\t\t\t\t\t<img decoding=\"async\" class=\"msacwl-img\" src=\"https:\/\/www.rivera.gub.uy\/portal\/wp-content\/uploads\/2019\/07\/DSC_0035.jpg\"  data-title=\"\" alt=\"\" \/>\r\n\t\t\t\t<\/a>\r\n\t\t\t\t\t\t\t\t\t<div class=\"msacwl-gallery-caption\">\r\n\t\t\t\t\t\t\t\t\t\t\t\t\t<span class=\"image_title\"><\/span>\r\n\t\t\t\t\t\t\t\t\t\t\t\t\t<span><\/span>\r\n\t\t\t\t\t\t \t\t\t\t\t<\/div>\r\n\t\t\t\t\t\t\t<\/div>\r\n\t\t\t\t\t\t<div class=\"msacwl-slide\" data-item-index=\"2\" >\r\n\t\t\t\t<a class=\"msacwl-img-link\" href=\"javascript:void(0);\" data-mfp-src=\"https:\/\/www.rivera.gub.uy\/portal\/wp-content\/uploads\/2019\/07\/DSC_0054.jpg\">\r\n\t\t\t\t\t<img decoding=\"async\" class=\"msacwl-img\" src=\"https:\/\/www.rivera.gub.uy\/portal\/wp-content\/uploads\/2019\/07\/DSC_0054.jpg\"  data-title=\"\" alt=\"\" \/>\r\n\t\t\t\t<\/a>\r\n\t\t\t\t\t\t\t\t\t<div class=\"msacwl-gallery-caption\">\r\n\t\t\t\t\t\t\t\t\t\t\t\t\t<span class=\"image_title\"><\/span>\r\n\t\t\t\t\t\t\t\t\t\t\t\t\t<span><\/span>\r\n\t\t\t\t\t\t \t\t\t\t\t<\/div>\r\n\t\t\t\t\t\t\t<\/div>\r\n\t\t\t\t\t<\/div>\r\n\t<\/div>\r\n\r\n\t\n<p>&nbsp;<\/p>\n<p><strong>Gobierno Digital<\/strong><\/p>\n<p>Por resoluci\u00f3n del Intendente, se creo la comisi\u00f3n de Gobierno Digital, con el objetivo de descentralizar y expandir el conocimiento, as\u00ed posicionar a la IDR, como referente en materia de seguridad; para ello los integrantes de la comisi\u00f3n se capacitaron, en el marco de ese primer convenio espec\u00edfico que se firm\u00f3 en seguridad.<\/p>\n<p><iframe loading=\"lazy\" title=\"IDR firma el 2\u00b0 acuerdo espec\u00edfico con AGESIC\" width=\"1160\" height=\"653\" src=\"https:\/\/www.youtube.com\/embed\/FUBYlh9YY4M?feature=oembed\" frameborder=\"0\" allow=\"accelerometer; autoplay; encrypted-media; gyroscope; picture-in-picture\" allowfullscreen><\/iframe><\/p>\n<p>&nbsp;<\/p>\n","protected":false},"excerpt":{"rendered":"<p>El Intendente Departamental de Rivera, Dr. Marne Osorio, firm\u00f3 un convenio de cooperaci\u00f3n interinstitucional para la implantaci\u00f3n del Sistema de Notificaciones y Comunicaciones Electr\u00f3nicas, con la Agencia de Gobierno Electr\u00f3nico, Sociedad de la Informaci\u00f3n y del Conocimiento (Agesic).<\/p>\n","protected":false},"author":7,"featured_media":16933,"comment_status":"open","ping_status":"open","sticky":false,"template":"","format":"standard","meta":{"footnotes":""},"categories":[21,1],"tags":[],"class_list":["post-16932","post","type-post","status-publish","format-standard","has-post-thumbnail","hentry","category-municipios","category-novedades"],"_links":{"self":[{"href":"https:\/\/www.rivera.gub.uy\/portal\/wp-json\/wp\/v2\/posts\/16932","targetHints":{"allow":["GET"]}}],"collection":[{"href":"https:\/\/www.rivera.gub.uy\/portal\/wp-json\/wp\/v2\/posts"}],"about":[{"href":"https:\/\/www.rivera.gub.uy\/portal\/wp-json\/wp\/v2\/types\/post"}],"author":[{"embeddable":true,"href":"https:\/\/www.rivera.gub.uy\/portal\/wp-json\/wp\/v2\/users\/7"}],"replies":[{"embeddable":true,"href":"https:\/\/www.rivera.gub.uy\/portal\/wp-json\/wp\/v2\/comments?post=16932"}],"version-history":[{"count":5,"href":"https:\/\/www.rivera.gub.uy\/portal\/wp-json\/wp\/v2\/posts\/16932\/revisions"}],"predecessor-version":[{"id":16988,"href":"https:\/\/www.rivera.gub.uy\/portal\/wp-json\/wp\/v2\/posts\/16932\/revisions\/16988"}],"wp:featuredmedia":[{"embeddable":true,"href":"https:\/\/www.rivera.gub.uy\/portal\/wp-json\/wp\/v2\/media\/16933"}],"wp:attachment":[{"href":"https:\/\/www.rivera.gub.uy\/portal\/wp-json\/wp\/v2\/media?parent=16932"}],"wp:term":[{"taxonomy":"category","embeddable":true,"href":"https:\/\/www.rivera.gub.uy\/portal\/wp-json\/wp\/v2\/categories?post=16932"},{"taxonomy":"post_tag","embeddable":true,"href":"https:\/\/www.rivera.gub.uy\/portal\/wp-json\/wp\/v2\/tags?post=16932"}],"curies":[{"name":"wp","href":"https:\/\/api.w.org\/{rel}","templated":true}]}}