{"id":16949,"date":"2019-07-29T08:29:15","date_gmt":"2019-07-29T11:29:15","guid":{"rendered":"https:\/\/www.rivera.gub.uy\/portal\/?p=16949"},"modified":"2019-07-30T08:23:25","modified_gmt":"2019-07-30T11:23:25","slug":"rendicion-de-cuentas-2015-2019","status":"publish","type":"post","link":"https:\/\/www.rivera.gub.uy\/portal\/rendicion-de-cuentas-2015-2019\/","title":{"rendered":"La conducci\u00f3n del Gobierno Departamental, est\u00e1 a cargo del Cr. Richard Sander"},"content":{"rendered":"<p><em>\u201cRecibo esta responsabilidad con enorme orgullo y compromiso, con la tranquilidad de contar con un equipo de un alt\u00edsimo nivel t\u00e9cnico, tremenda calidad humana y experiencia extraordinaria\u201d<\/em> Cr. Richard Sander<\/p>\n<p>El viernes 26 de julio, se llevo a cabo el acto de rendici\u00f3n de cuentas, del per\u00edodo de Gesti\u00f3n 2015-2019, del Dr. Marne Osorio Lima; y la Ceremonia de asunci\u00f3n como Intendente, del Cr. Richard Sander Dar\u00edn.<\/p>\n<p>En el sal\u00f3n de Actos de la Intendencia Departamental de Rivera, se escuch\u00f3 primeramente las palabras del ex-intendente Dr. Osorio, haciendo un balance de los dos per\u00edodos como intendente: \u201c&#8230;nos propusimos tener una administraci\u00f3n moderna. A lo largo de estos 10 a\u00f1os, hemos incorporado conceptos al modelo de Gesti\u00f3n de la IDR, que han sido profundamente renovadores; Gobierno Electr\u00f3nico, Gobierno Abierto, Capacitaci\u00f3n Cont\u00ednua, Calidad Total, Evaluaci\u00f3n por Resultados, Evaluaci\u00f3n de Desempe\u00f1o, pr\u00e1cticas que han sido internalizadas en la instituci\u00f3n y que nos permiten tener servicios certificados por normas internacionales\u201d.<!--more--><\/p>\n<p>En su discurso pas\u00f3 por cada una de las direcciones Generales, donde hubieron logros importantes, resalt\u00f3 el compromiso de los compa\u00f1eros municipales, \u201ccon quienes me siento uno m\u00e1s, y con quienes aprend\u00ed mucho de lo poco que s\u00e9\u201d.<\/p>\n<p>En el momento de pasar la posta, expres\u00f3: \u201ca partir de hoy, continuar\u00e1n con la conducci\u00f3n de nuestro Gobierno Departamental con el Cr. Richard Sander, al frente del mismo, en una tarea que no tengan dudas, ser\u00e1 brillante\u201d, y concluy\u00f3 su discurso cuando agradeci\u00f3 el apoyo incondicional de su familia y agreg\u00f3, \u201cMuchas gracias, ha sido el mayor honor que he tenido en mi vida\u201d.<\/p>\n<p>&nbsp;<\/p>\n\r\n\t<div class=\"msacwl-slider-wrap msacwl-row-clearfix \" data-conf=\"{&quot;autoplay&quot;:&quot;true&quot;,&quot;autoplay_speed&quot;:3000,&quot;speed&quot;:300,&quot;arrows&quot;:&quot;true&quot;,&quot;dots&quot;:&quot;true&quot;,&quot;lazyload&quot;:&quot;&quot;}\">\r\n\t\t<div id=\"msacwl-slider-1\" class=\"msacwl-slider msacwl-common-slider msacwl-slider-popup\">\r\n\t\t\t\t\t\t<div class=\"msacwl-slide\" data-item-index=\"1\" >\r\n\t\t\t\t<a class=\"msacwl-img-link\" href=\"javascript:void(0);\" data-mfp-src=\"https:\/\/www.rivera.gub.uy\/portal\/wp-content\/uploads\/2019\/07\/DSC_1249.jpg\">\r\n\t\t\t\t\t<img decoding=\"async\" class=\"msacwl-img\" src=\"https:\/\/www.rivera.gub.uy\/portal\/wp-content\/uploads\/2019\/07\/DSC_1249.jpg\"  data-title=\"\" alt=\"\" \/>\r\n\t\t\t\t<\/a>\r\n\t\t\t\t\t\t\t\t\t<div class=\"msacwl-gallery-caption\">\r\n\t\t\t\t\t\t\t\t\t\t\t\t\t<span class=\"image_title\"><\/span>\r\n\t\t\t\t\t\t\t\t\t\t\t\t\t<span><\/span>\r\n\t\t\t\t\t\t \t\t\t\t\t<\/div>\r\n\t\t\t\t\t\t\t<\/div>\r\n\t\t\t\t\t\t<div class=\"msacwl-slide\" data-item-index=\"2\" >\r\n\t\t\t\t<a class=\"msacwl-img-link\" href=\"javascript:void(0);\" data-mfp-src=\"https:\/\/www.rivera.gub.uy\/portal\/wp-content\/uploads\/2019\/07\/DSC_1327.jpg\">\r\n\t\t\t\t\t<img decoding=\"async\" class=\"msacwl-img\" src=\"https:\/\/www.rivera.gub.uy\/portal\/wp-content\/uploads\/2019\/07\/DSC_1327.jpg\"  data-title=\"\" alt=\"\" \/>\r\n\t\t\t\t<\/a>\r\n\t\t\t\t\t\t\t\t\t<div class=\"msacwl-gallery-caption\">\r\n\t\t\t\t\t\t\t\t\t\t\t\t\t<span class=\"image_title\"><\/span>\r\n\t\t\t\t\t\t\t\t\t\t\t\t\t<span><\/span>\r\n\t\t\t\t\t\t \t\t\t\t\t<\/div>\r\n\t\t\t\t\t\t\t<\/div>\r\n\t\t\t\t\t\t<div class=\"msacwl-slide\" data-item-index=\"3\" >\r\n\t\t\t\t<a class=\"msacwl-img-link\" href=\"javascript:void(0);\" data-mfp-src=\"https:\/\/www.rivera.gub.uy\/portal\/wp-content\/uploads\/2019\/07\/DSC_1352.jpg\">\r\n\t\t\t\t\t<img decoding=\"async\" class=\"msacwl-img\" src=\"https:\/\/www.rivera.gub.uy\/portal\/wp-content\/uploads\/2019\/07\/DSC_1352.jpg\"  data-title=\"\" alt=\"\" \/>\r\n\t\t\t\t<\/a>\r\n\t\t\t\t\t\t\t\t\t<div class=\"msacwl-gallery-caption\">\r\n\t\t\t\t\t\t\t\t\t\t\t\t\t<span class=\"image_title\"><\/span>\r\n\t\t\t\t\t\t\t\t\t\t\t\t\t<span><\/span>\r\n\t\t\t\t\t\t \t\t\t\t\t<\/div>\r\n\t\t\t\t\t\t\t<\/div>\r\n\t\t\t\t\t\t<div class=\"msacwl-slide\" data-item-index=\"4\" >\r\n\t\t\t\t<a class=\"msacwl-img-link\" href=\"javascript:void(0);\" data-mfp-src=\"https:\/\/www.rivera.gub.uy\/portal\/wp-content\/uploads\/2019\/07\/DSC_1395.jpg\">\r\n\t\t\t\t\t<img decoding=\"async\" class=\"msacwl-img\" src=\"https:\/\/www.rivera.gub.uy\/portal\/wp-content\/uploads\/2019\/07\/DSC_1395.jpg\"  data-title=\"\" alt=\"\" \/>\r\n\t\t\t\t<\/a>\r\n\t\t\t\t\t\t\t\t\t<div class=\"msacwl-gallery-caption\">\r\n\t\t\t\t\t\t\t\t\t\t\t\t\t<span class=\"image_title\"><\/span>\r\n\t\t\t\t\t\t\t\t\t\t\t\t\t<span><\/span>\r\n\t\t\t\t\t\t \t\t\t\t\t<\/div>\r\n\t\t\t\t\t\t\t<\/div>\r\n\t\t\t\t\t\t<div class=\"msacwl-slide\" data-item-index=\"5\" >\r\n\t\t\t\t<a class=\"msacwl-img-link\" href=\"javascript:void(0);\" data-mfp-src=\"https:\/\/www.rivera.gub.uy\/portal\/wp-content\/uploads\/2019\/07\/DSC_1424.jpg\">\r\n\t\t\t\t\t<img decoding=\"async\" class=\"msacwl-img\" src=\"https:\/\/www.rivera.gub.uy\/portal\/wp-content\/uploads\/2019\/07\/DSC_1424.jpg\"  data-title=\"\" alt=\"\" \/>\r\n\t\t\t\t<\/a>\r\n\t\t\t\t\t\t\t\t\t<div class=\"msacwl-gallery-caption\">\r\n\t\t\t\t\t\t\t\t\t\t\t\t\t<span class=\"image_title\"><\/span>\r\n\t\t\t\t\t\t\t\t\t\t\t\t\t<span><\/span>\r\n\t\t\t\t\t\t \t\t\t\t\t<\/div>\r\n\t\t\t\t\t\t\t<\/div>\r\n\t\t\t\t\t\t<div class=\"msacwl-slide\" data-item-index=\"6\" >\r\n\t\t\t\t<a class=\"msacwl-img-link\" href=\"javascript:void(0);\" data-mfp-src=\"https:\/\/www.rivera.gub.uy\/portal\/wp-content\/uploads\/2019\/07\/DSC_1445.jpg\">\r\n\t\t\t\t\t<img decoding=\"async\" class=\"msacwl-img\" src=\"https:\/\/www.rivera.gub.uy\/portal\/wp-content\/uploads\/2019\/07\/DSC_1445.jpg\"  data-title=\"\" alt=\"\" \/>\r\n\t\t\t\t<\/a>\r\n\t\t\t\t\t\t\t\t\t<div class=\"msacwl-gallery-caption\">\r\n\t\t\t\t\t\t\t\t\t\t\t\t\t<span class=\"image_title\"><\/span>\r\n\t\t\t\t\t\t\t\t\t\t\t\t\t<span><\/span>\r\n\t\t\t\t\t\t \t\t\t\t\t<\/div>\r\n\t\t\t\t\t\t\t<\/div>\r\n\t\t\t\t\t\t<div class=\"msacwl-slide\" data-item-index=\"7\" >\r\n\t\t\t\t<a class=\"msacwl-img-link\" href=\"javascript:void(0);\" data-mfp-src=\"https:\/\/www.rivera.gub.uy\/portal\/wp-content\/uploads\/2019\/07\/DSC_1455.jpg\">\r\n\t\t\t\t\t<img decoding=\"async\" class=\"msacwl-img\" src=\"https:\/\/www.rivera.gub.uy\/portal\/wp-content\/uploads\/2019\/07\/DSC_1455.jpg\"  data-title=\"\" alt=\"\" \/>\r\n\t\t\t\t<\/a>\r\n\t\t\t\t\t\t\t\t\t<div class=\"msacwl-gallery-caption\">\r\n\t\t\t\t\t\t\t\t\t\t\t\t\t<span class=\"image_title\"><\/span>\r\n\t\t\t\t\t\t\t\t\t\t\t\t\t<span><\/span>\r\n\t\t\t\t\t\t \t\t\t\t\t<\/div>\r\n\t\t\t\t\t\t\t<\/div>\r\n\t\t\t\t\t\t<div class=\"msacwl-slide\" data-item-index=\"8\" >\r\n\t\t\t\t<a class=\"msacwl-img-link\" href=\"javascript:void(0);\" data-mfp-src=\"https:\/\/www.rivera.gub.uy\/portal\/wp-content\/uploads\/2019\/07\/DSC_1477.jpg\">\r\n\t\t\t\t\t<img decoding=\"async\" class=\"msacwl-img\" src=\"https:\/\/www.rivera.gub.uy\/portal\/wp-content\/uploads\/2019\/07\/DSC_1477.jpg\"  data-title=\"\" alt=\"\" \/>\r\n\t\t\t\t<\/a>\r\n\t\t\t\t\t\t\t\t\t<div class=\"msacwl-gallery-caption\">\r\n\t\t\t\t\t\t\t\t\t\t\t\t\t<span class=\"image_title\"><\/span>\r\n\t\t\t\t\t\t\t\t\t\t\t\t\t<span><\/span>\r\n\t\t\t\t\t\t \t\t\t\t\t<\/div>\r\n\t\t\t\t\t\t\t<\/div>\r\n\t\t\t\t\t\t<div class=\"msacwl-slide\" data-item-index=\"9\" >\r\n\t\t\t\t<a class=\"msacwl-img-link\" href=\"javascript:void(0);\" data-mfp-src=\"https:\/\/www.rivera.gub.uy\/portal\/wp-content\/uploads\/2019\/07\/DSC_1479.jpg\">\r\n\t\t\t\t\t<img decoding=\"async\" class=\"msacwl-img\" src=\"https:\/\/www.rivera.gub.uy\/portal\/wp-content\/uploads\/2019\/07\/DSC_1479.jpg\"  data-title=\"\" alt=\"\" \/>\r\n\t\t\t\t<\/a>\r\n\t\t\t\t\t\t\t\t\t<div class=\"msacwl-gallery-caption\">\r\n\t\t\t\t\t\t\t\t\t\t\t\t\t<span class=\"image_title\"><\/span>\r\n\t\t\t\t\t\t\t\t\t\t\t\t\t<span><\/span>\r\n\t\t\t\t\t\t \t\t\t\t\t<\/div>\r\n\t\t\t\t\t\t\t<\/div>\r\n\t\t\t\t\t\t<div class=\"msacwl-slide\" data-item-index=\"10\" >\r\n\t\t\t\t<a class=\"msacwl-img-link\" href=\"javascript:void(0);\" data-mfp-src=\"https:\/\/www.rivera.gub.uy\/portal\/wp-content\/uploads\/2019\/07\/DSC_1492.jpg\">\r\n\t\t\t\t\t<img decoding=\"async\" class=\"msacwl-img\" src=\"https:\/\/www.rivera.gub.uy\/portal\/wp-content\/uploads\/2019\/07\/DSC_1492.jpg\"  data-title=\"\" alt=\"\" \/>\r\n\t\t\t\t<\/a>\r\n\t\t\t\t\t\t\t\t\t<div class=\"msacwl-gallery-caption\">\r\n\t\t\t\t\t\t\t\t\t\t\t\t\t<span class=\"image_title\"><\/span>\r\n\t\t\t\t\t\t\t\t\t\t\t\t\t<span><\/span>\r\n\t\t\t\t\t\t \t\t\t\t\t<\/div>\r\n\t\t\t\t\t\t\t<\/div>\r\n\t\t\t\t\t\t<div class=\"msacwl-slide\" data-item-index=\"11\" >\r\n\t\t\t\t<a class=\"msacwl-img-link\" href=\"javascript:void(0);\" data-mfp-src=\"https:\/\/www.rivera.gub.uy\/portal\/wp-content\/uploads\/2019\/07\/DSC_1517.jpg\">\r\n\t\t\t\t\t<img decoding=\"async\" class=\"msacwl-img\" src=\"https:\/\/www.rivera.gub.uy\/portal\/wp-content\/uploads\/2019\/07\/DSC_1517.jpg\"  data-title=\"\" alt=\"\" \/>\r\n\t\t\t\t<\/a>\r\n\t\t\t\t\t\t\t\t\t<div class=\"msacwl-gallery-caption\">\r\n\t\t\t\t\t\t\t\t\t\t\t\t\t<span class=\"image_title\"><\/span>\r\n\t\t\t\t\t\t\t\t\t\t\t\t\t<span><\/span>\r\n\t\t\t\t\t\t \t\t\t\t\t<\/div>\r\n\t\t\t\t\t\t\t<\/div>\r\n\t\t\t\t\t<\/div>\r\n\t<\/div>\r\n\r\n\t\n<p>&nbsp;<\/p>\n<p><strong>Richard Sander Dar\u00edn<\/strong><\/p>\n<p>Con alegr\u00eda y una \u201cemoci\u00f3n enorme\u201d al ir recordando cada paso, desde su \u00e9poca de estudiante, sus a\u00f1os de profesi\u00f3n y momentos vividos en la intendencia, comenzaba el discurso el nobel intendente, \u201cempezamos una etapa nueva entre todos los funcionarios municipales, que aprendimos a conocer en cada una de las \u00e1reas, desde el a\u00f1o 89, cuando entramos por primera vez a esta casa\u201d.<\/p>\n<p>Al dirigirse a su equipo de gobierno, integrado por hombres y mujeres, expres\u00f3: \u201cGarantizan la continuidad del proceso de transformaci\u00f3n permanente, que desde el a\u00f1o 2000, vivimos en el departamento de Rivera\u201d<\/p>\n<p>\u201cEstamos comenzando, el \u00faltimo a\u00f1o de gesti\u00f3n del segundo per\u00edodo de Marne, de nuestro cuarto per\u00edodo de gobierno, que marcar\u00e1 un nuevo hito en la historia de la pol\u00edtica en Rivera\u201d<\/p>\n<p>\u201cEs el cuarto per\u00edodo consecutivo en aplicar un modelo de desarrollo departamental he integral, con visi\u00f3n de largo plazo, altos est\u00e1ndares de calidad y absoluta transparencia\u201d, as\u00ed lo expres\u00f3 el Intendente Departamental de Rivera, Cr. Richard Sander.<\/p>\n<p>El acta de trasmisi\u00f3n de mando, fue le\u00edda por el Pro Secretario de la IDR, Esc. Nelson Guti\u00e9rrez, firmada por los intendentes saliente y entrante; y adem\u00e1s fueron nombrados los directores Generales, quienes se mantuvieron en sus cargos a diferencia del director de Obras, Arq. Jos\u00e9 Mazoni, quien ocupa el cargo de Secretario General de la IDR:<\/p>\n<p>Hacienda, <strong>Cra. Daniela Porto<\/strong><br \/>\nDesarrollo y Medio Ambiente, <strong>Q.F, Alejandro Bert\u00f3n<\/strong><br \/>\nPromoci\u00f3n y Acci\u00f3n Social, <strong>Cr. Giovani Conti<\/strong><br \/>\nObras, Arq. <strong>Mart\u00edn Garc\u00eda<\/strong><br \/>\nTr\u00e1nsito y Transporte, <strong>Mauricio Gonz\u00e1lez<\/strong><\/p>\n<p><iframe loading=\"lazy\" title=\"Rendici\u00f3n de cuentas 2015-2019\" width=\"1160\" height=\"653\" src=\"https:\/\/www.youtube.com\/embed\/RXEYdrfV8ho?feature=oembed\" frameborder=\"0\" allow=\"accelerometer; autoplay; encrypted-media; gyroscope; picture-in-picture\" allowfullscreen><\/iframe><\/p>\n","protected":false},"excerpt":{"rendered":"<p>\u201cRecibo esta responsabilidad con enorme orgullo y compromiso, con la tranquilidad de contar con un equipo de un alt\u00edsimo nivel t\u00e9cnico, tremenda calidad humana y experiencia extraordinaria\u201d Cr. Richard Sander El viernes 26 de julio, se llevo a cabo el acto de rendici\u00f3n de cuentas, del per\u00edodo de Gesti\u00f3n 2015-2019, del Dr. Marne Osorio Lima; [&hellip;]<\/p>\n","protected":false},"author":7,"featured_media":16980,"comment_status":"open","ping_status":"open","sticky":false,"template":"","format":"standard","meta":{"footnotes":""},"categories":[3,1],"tags":[],"class_list":["post-16949","post","type-post","status-publish","format-standard","has-post-thumbnail","hentry","category-multimedia","category-novedades"],"_links":{"self":[{"href":"https:\/\/www.rivera.gub.uy\/portal\/wp-json\/wp\/v2\/posts\/16949","targetHints":{"allow":["GET"]}}],"collection":[{"href":"https:\/\/www.rivera.gub.uy\/portal\/wp-json\/wp\/v2\/posts"}],"about":[{"href":"https:\/\/www.rivera.gub.uy\/portal\/wp-json\/wp\/v2\/types\/post"}],"author":[{"embeddable":true,"href":"https:\/\/www.rivera.gub.uy\/portal\/wp-json\/wp\/v2\/users\/7"}],"replies":[{"embeddable":true,"href":"https:\/\/www.rivera.gub.uy\/portal\/wp-json\/wp\/v2\/comments?post=16949"}],"version-history":[{"count":5,"href":"https:\/\/www.rivera.gub.uy\/portal\/wp-json\/wp\/v2\/posts\/16949\/revisions"}],"predecessor-version":[{"id":16981,"href":"https:\/\/www.rivera.gub.uy\/portal\/wp-json\/wp\/v2\/posts\/16949\/revisions\/16981"}],"wp:featuredmedia":[{"embeddable":true,"href":"https:\/\/www.rivera.gub.uy\/portal\/wp-json\/wp\/v2\/media\/16980"}],"wp:attachment":[{"href":"https:\/\/www.rivera.gub.uy\/portal\/wp-json\/wp\/v2\/media?parent=16949"}],"wp:term":[{"taxonomy":"category","embeddable":true,"href":"https:\/\/www.rivera.gub.uy\/portal\/wp-json\/wp\/v2\/categories?post=16949"},{"taxonomy":"post_tag","embeddable":true,"href":"https:\/\/www.rivera.gub.uy\/portal\/wp-json\/wp\/v2\/tags?post=16949"}],"curies":[{"name":"wp","href":"https:\/\/api.w.org\/{rel}","templated":true}]}}