{"id":16961,"date":"2019-07-29T16:17:32","date_gmt":"2019-07-29T19:17:32","guid":{"rendered":"https:\/\/www.rivera.gub.uy\/portal\/?p=16961"},"modified":"2019-07-29T16:18:44","modified_gmt":"2019-07-29T19:18:44","slug":"resolucion-no-2898-19-duelo-departamental","status":"publish","type":"post","link":"https:\/\/www.rivera.gub.uy\/portal\/resolucion-no-2898-19-duelo-departamental\/","title":{"rendered":"Resoluci\u00f3n N\u00ba 2898\/19: Duelo Departamental"},"content":{"rendered":"<p>Decl\u00e1rase jornada de duelo (laborable) en el \u00e1mbito municipal del Departamento de Rivera, con el fin de expresar la solidaridad adhiri\u00e9ndose al duelo que vive la ciudadan\u00eda de Rivera.<\/p>\n<p>&nbsp;<\/p>\n<p>Resoluci\u00f3n (<a href=\"https:\/\/www.rivera.gub.uy\/portal\/wp-content\/uploads\/2019\/07\/2019-7152-resolucion-duelo_com.pdf\" target=\"_blank\" rel=\"noopener noreferrer\">descargar<\/a>)<\/p>\n","protected":false},"excerpt":{"rendered":"<p>Decl\u00e1rase jornada de duelo (laborable) en el \u00e1mbito municipal del Departamento de Rivera, con el fin de expresar la solidaridad adhiri\u00e9ndose al duelo que vive la ciudadan\u00eda de Rivera. &nbsp; Resoluci\u00f3n (descargar)<\/p>\n","protected":false},"author":7,"featured_media":5312,"comment_status":"open","ping_status":"open","sticky":false,"template":"","format":"standard","meta":{"footnotes":""},"categories":[1,477],"tags":[995,658,508],"class_list":["post-16961","post","type-post","status-publish","format-standard","has-post-thumbnail","hentry","category-novedades","category-resoluciones","tag-anna-clara","tag-duelo","tag-resolucion"],"_links":{"self":[{"href":"https:\/\/www.rivera.gub.uy\/portal\/wp-json\/wp\/v2\/posts\/16961","targetHints":{"allow":["GET"]}}],"collection":[{"href":"https:\/\/www.rivera.gub.uy\/portal\/wp-json\/wp\/v2\/posts"}],"about":[{"href":"https:\/\/www.rivera.gub.uy\/portal\/wp-json\/wp\/v2\/types\/post"}],"author":[{"embeddable":true,"href":"https:\/\/www.rivera.gub.uy\/portal\/wp-json\/wp\/v2\/users\/7"}],"replies":[{"embeddable":true,"href":"https:\/\/www.rivera.gub.uy\/portal\/wp-json\/wp\/v2\/comments?post=16961"}],"version-history":[{"count":3,"href":"https:\/\/www.rivera.gub.uy\/portal\/wp-json\/wp\/v2\/posts\/16961\/revisions"}],"predecessor-version":[{"id":16966,"href":"https:\/\/www.rivera.gub.uy\/portal\/wp-json\/wp\/v2\/posts\/16961\/revisions\/16966"}],"wp:featuredmedia":[{"embeddable":true,"href":"https:\/\/www.rivera.gub.uy\/portal\/wp-json\/wp\/v2\/media\/5312"}],"wp:attachment":[{"href":"https:\/\/www.rivera.gub.uy\/portal\/wp-json\/wp\/v2\/media?parent=16961"}],"wp:term":[{"taxonomy":"category","embeddable":true,"href":"https:\/\/www.rivera.gub.uy\/portal\/wp-json\/wp\/v2\/categories?post=16961"},{"taxonomy":"post_tag","embeddable":true,"href":"https:\/\/www.rivera.gub.uy\/portal\/wp-json\/wp\/v2\/tags?post=16961"}],"curies":[{"name":"wp","href":"https:\/\/api.w.org\/{rel}","templated":true}]}}