{"id":17184,"date":"2019-08-08T08:32:55","date_gmt":"2019-08-08T11:32:55","guid":{"rendered":"https:\/\/www.rivera.gub.uy\/portal\/?p=17184"},"modified":"2019-08-08T08:32:55","modified_gmt":"2019-08-08T11:32:55","slug":"el-intendente-de-rivera-visito-las-obras-y-escucho-a-vecinos-en-barrio-pueblo-nuevo","status":"publish","type":"post","link":"https:\/\/www.rivera.gub.uy\/portal\/el-intendente-de-rivera-visito-las-obras-y-escucho-a-vecinos-en-barrio-pueblo-nuevo\/","title":{"rendered":"El intendente de Rivera, visit\u00f3 las obras y escuch\u00f3 a vecinos en barrio Pueblo Nuevo"},"content":{"rendered":"<p><em>\u201cLa idea es que los procesos no se terminen, y que sigamos avanzando porque para nosotros el problema a resolver, es el que el vecino tiene frente a su casa, y eso es lo que nos importa\u201d<\/em> Cr. Richard Sander<!--more--><\/p>\n<p>En la ma\u00f1ana del mi\u00e9rcoles 7 de agosto, el Intendente Departamental de Rivera, Cr. Richard Sander, acompa\u00f1ado de su equipo de gobierno, la presidente de la Junta Departamental de Rivera y ediles, visitaron los avances de las obras en barrio Pueblo Nuevo (zona este de la ciudad).<\/p>\n<p>\u201cLo que hacemos es recorrer la obra, priorizando el di\u00e1logo con los vecinos, escuchar sus inquietudes, mostrar lo que estamos haciendo\u201d, expres\u00f3 el Intendente.<\/p>\n<p>&nbsp;<\/p>\n\r\n\t<div class=\"msacwl-slider-wrap msacwl-row-clearfix \" data-conf=\"{&quot;autoplay&quot;:&quot;true&quot;,&quot;autoplay_speed&quot;:3000,&quot;speed&quot;:300,&quot;arrows&quot;:&quot;true&quot;,&quot;dots&quot;:&quot;true&quot;,&quot;lazyload&quot;:&quot;&quot;}\">\r\n\t\t<div id=\"msacwl-slider-1\" class=\"msacwl-slider msacwl-common-slider msacwl-slider-popup\">\r\n\t\t\t\t\t\t<div class=\"msacwl-slide\" data-item-index=\"1\" >\r\n\t\t\t\t<a class=\"msacwl-img-link\" href=\"javascript:void(0);\" data-mfp-src=\"https:\/\/www.rivera.gub.uy\/portal\/wp-content\/uploads\/2019\/08\/Pueblo-Nuevo-1.jpg\">\r\n\t\t\t\t\t<img decoding=\"async\" class=\"msacwl-img\" src=\"https:\/\/www.rivera.gub.uy\/portal\/wp-content\/uploads\/2019\/08\/Pueblo-Nuevo-1.jpg\"  data-title=\"\" alt=\"\" \/>\r\n\t\t\t\t<\/a>\r\n\t\t\t\t\t\t\t\t\t<div class=\"msacwl-gallery-caption\">\r\n\t\t\t\t\t\t\t\t\t\t\t\t\t<span class=\"image_title\"><\/span>\r\n\t\t\t\t\t\t\t\t\t\t\t\t\t<span><\/span>\r\n\t\t\t\t\t\t \t\t\t\t\t<\/div>\r\n\t\t\t\t\t\t\t<\/div>\r\n\t\t\t\t\t\t<div class=\"msacwl-slide\" data-item-index=\"2\" >\r\n\t\t\t\t<a class=\"msacwl-img-link\" href=\"javascript:void(0);\" data-mfp-src=\"https:\/\/www.rivera.gub.uy\/portal\/wp-content\/uploads\/2019\/08\/Pueblo-Nuevo-2.jpg\">\r\n\t\t\t\t\t<img decoding=\"async\" class=\"msacwl-img\" src=\"https:\/\/www.rivera.gub.uy\/portal\/wp-content\/uploads\/2019\/08\/Pueblo-Nuevo-2.jpg\"  data-title=\"\" alt=\"\" \/>\r\n\t\t\t\t<\/a>\r\n\t\t\t\t\t\t\t\t\t<div class=\"msacwl-gallery-caption\">\r\n\t\t\t\t\t\t\t\t\t\t\t\t\t<span class=\"image_title\"><\/span>\r\n\t\t\t\t\t\t\t\t\t\t\t\t\t<span><\/span>\r\n\t\t\t\t\t\t \t\t\t\t\t<\/div>\r\n\t\t\t\t\t\t\t<\/div>\r\n\t\t\t\t\t\t<div class=\"msacwl-slide\" data-item-index=\"3\" >\r\n\t\t\t\t<a class=\"msacwl-img-link\" href=\"javascript:void(0);\" data-mfp-src=\"https:\/\/www.rivera.gub.uy\/portal\/wp-content\/uploads\/2019\/08\/Pueblo-Nuevo-3.jpg\">\r\n\t\t\t\t\t<img decoding=\"async\" class=\"msacwl-img\" src=\"https:\/\/www.rivera.gub.uy\/portal\/wp-content\/uploads\/2019\/08\/Pueblo-Nuevo-3.jpg\"  data-title=\"\" alt=\"\" \/>\r\n\t\t\t\t<\/a>\r\n\t\t\t\t\t\t\t\t\t<div class=\"msacwl-gallery-caption\">\r\n\t\t\t\t\t\t\t\t\t\t\t\t\t<span class=\"image_title\"><\/span>\r\n\t\t\t\t\t\t\t\t\t\t\t\t\t<span><\/span>\r\n\t\t\t\t\t\t \t\t\t\t\t<\/div>\r\n\t\t\t\t\t\t\t<\/div>\r\n\t\t\t\t\t\t<div class=\"msacwl-slide\" data-item-index=\"4\" >\r\n\t\t\t\t<a class=\"msacwl-img-link\" href=\"javascript:void(0);\" data-mfp-src=\"https:\/\/www.rivera.gub.uy\/portal\/wp-content\/uploads\/2019\/08\/Pueblo-Nuevo-4.jpg\">\r\n\t\t\t\t\t<img decoding=\"async\" class=\"msacwl-img\" src=\"https:\/\/www.rivera.gub.uy\/portal\/wp-content\/uploads\/2019\/08\/Pueblo-Nuevo-4.jpg\"  data-title=\"\" alt=\"\" \/>\r\n\t\t\t\t<\/a>\r\n\t\t\t\t\t\t\t\t\t<div class=\"msacwl-gallery-caption\">\r\n\t\t\t\t\t\t\t\t\t\t\t\t\t<span class=\"image_title\"><\/span>\r\n\t\t\t\t\t\t\t\t\t\t\t\t\t<span><\/span>\r\n\t\t\t\t\t\t \t\t\t\t\t<\/div>\r\n\t\t\t\t\t\t\t<\/div>\r\n\t\t\t\t\t\t<div class=\"msacwl-slide\" data-item-index=\"5\" >\r\n\t\t\t\t<a class=\"msacwl-img-link\" href=\"javascript:void(0);\" data-mfp-src=\"https:\/\/www.rivera.gub.uy\/portal\/wp-content\/uploads\/2019\/08\/Pueblo-Nuevo.jpg\">\r\n\t\t\t\t\t<img decoding=\"async\" class=\"msacwl-img\" src=\"https:\/\/www.rivera.gub.uy\/portal\/wp-content\/uploads\/2019\/08\/Pueblo-Nuevo.jpg\"  data-title=\"\" alt=\"\" \/>\r\n\t\t\t\t<\/a>\r\n\t\t\t\t\t\t\t\t\t<div class=\"msacwl-gallery-caption\">\r\n\t\t\t\t\t\t\t\t\t\t\t\t\t<span class=\"image_title\"><\/span>\r\n\t\t\t\t\t\t\t\t\t\t\t\t\t<span><\/span>\r\n\t\t\t\t\t\t \t\t\t\t\t<\/div>\r\n\t\t\t\t\t\t\t<\/div>\r\n\t\t\t\t\t\t<div class=\"msacwl-slide\" data-item-index=\"6\" >\r\n\t\t\t\t<a class=\"msacwl-img-link\" href=\"javascript:void(0);\" data-mfp-src=\"https:\/\/www.rivera.gub.uy\/portal\/wp-content\/uploads\/2019\/08\/Richard-Sander.jpg\">\r\n\t\t\t\t\t<img decoding=\"async\" class=\"msacwl-img\" src=\"https:\/\/www.rivera.gub.uy\/portal\/wp-content\/uploads\/2019\/08\/Richard-Sander.jpg\"  data-title=\"\" alt=\"\" \/>\r\n\t\t\t\t<\/a>\r\n\t\t\t\t\t\t\t\t\t<div class=\"msacwl-gallery-caption\">\r\n\t\t\t\t\t\t\t\t\t\t\t\t\t<span class=\"image_title\"><\/span>\r\n\t\t\t\t\t\t\t\t\t\t\t\t\t<span><\/span>\r\n\t\t\t\t\t\t \t\t\t\t\t<\/div>\r\n\t\t\t\t\t\t\t<\/div>\r\n\t\t\t\t\t<\/div>\r\n\t<\/div>\r\n\r\n\t\n<p>&nbsp;<\/p>\n<p><strong>Inversi\u00f3n total de casi $50.000.000<\/strong><\/p>\n<p>El proyecto busca dotar de mejoras, a las calles Bernardino Freitas (toda su extensi\u00f3n), y a la calle Gral. Artigas, entre las calles Manuel Oribe y Diamantino Sanguinetti, ejes principales de circulaci\u00f3n de la zona este, de la ciudad y v\u00eda de acceso al aeropuerto Internacional de Rivera \u201cGral. PAM Oscar Gestido\u201d.<\/p>\n<p>Las obras en ejecuci\u00f3n constan de construcci\u00f3n del puente nuevo, veredas, cord\u00f3n cuneta, pavimento de carpeta asf\u00e1ltica, ciclov\u00eda, obras pluviales, alcantarillado nuevo, alumbrado p\u00fablico con tecnolog\u00eda LED, se\u00f1alizaci\u00f3n horizontal y vertical, y rampas de acceso.<\/p>\n<p>El proyecto ha sido dise\u00f1ado por la direcci\u00f3n General de Obras (divisi\u00f3n Vialidad Urbana), es financiado con fondos de la Intendencia Departamental de Rivera (IDR),a trav\u00e9s del FDI y fondos propios; la gesti\u00f3n, supervisi\u00f3n y direcci\u00f3n de obra, est\u00e1 a cargo de la Intendencia de Rivera.<\/p>\n<p><iframe loading=\"lazy\" title=\"El intendente de Rivera, visit\u00f3 las obras y escuch\u00f3 a vecinos en barrio Pueblo Nuevo\" width=\"1160\" height=\"653\" src=\"https:\/\/www.youtube.com\/embed\/ZFBKNLVUMoY?feature=oembed\" frameborder=\"0\" allow=\"accelerometer; autoplay; encrypted-media; gyroscope; picture-in-picture\" allowfullscreen><\/iframe><\/p>\n<p>&nbsp;<\/p>\n","protected":false},"excerpt":{"rendered":"<p>\u201cLa idea es que los procesos no se terminen, y que sigamos avanzando porque para nosotros el problema a resolver, es el que el vecino tiene frente a su casa, y eso es lo que nos importa\u201d Cr. Richard Sander<\/p>\n","protected":false},"author":7,"featured_media":17189,"comment_status":"open","ping_status":"open","sticky":false,"template":"","format":"standard","meta":{"footnotes":""},"categories":[3,1],"tags":[36,376,33],"class_list":["post-17184","post","type-post","status-publish","format-standard","has-post-thumbnail","hentry","category-multimedia","category-novedades","tag-intendencia","tag-pueblo-nuevo","tag-rivera"],"_links":{"self":[{"href":"https:\/\/www.rivera.gub.uy\/portal\/wp-json\/wp\/v2\/posts\/17184","targetHints":{"allow":["GET"]}}],"collection":[{"href":"https:\/\/www.rivera.gub.uy\/portal\/wp-json\/wp\/v2\/posts"}],"about":[{"href":"https:\/\/www.rivera.gub.uy\/portal\/wp-json\/wp\/v2\/types\/post"}],"author":[{"embeddable":true,"href":"https:\/\/www.rivera.gub.uy\/portal\/wp-json\/wp\/v2\/users\/7"}],"replies":[{"embeddable":true,"href":"https:\/\/www.rivera.gub.uy\/portal\/wp-json\/wp\/v2\/comments?post=17184"}],"version-history":[{"count":1,"href":"https:\/\/www.rivera.gub.uy\/portal\/wp-json\/wp\/v2\/posts\/17184\/revisions"}],"predecessor-version":[{"id":17191,"href":"https:\/\/www.rivera.gub.uy\/portal\/wp-json\/wp\/v2\/posts\/17184\/revisions\/17191"}],"wp:featuredmedia":[{"embeddable":true,"href":"https:\/\/www.rivera.gub.uy\/portal\/wp-json\/wp\/v2\/media\/17189"}],"wp:attachment":[{"href":"https:\/\/www.rivera.gub.uy\/portal\/wp-json\/wp\/v2\/media?parent=17184"}],"wp:term":[{"taxonomy":"category","embeddable":true,"href":"https:\/\/www.rivera.gub.uy\/portal\/wp-json\/wp\/v2\/categories?post=17184"},{"taxonomy":"post_tag","embeddable":true,"href":"https:\/\/www.rivera.gub.uy\/portal\/wp-json\/wp\/v2\/tags?post=17184"}],"curies":[{"name":"wp","href":"https:\/\/api.w.org\/{rel}","templated":true}]}}