{"id":17350,"date":"2019-08-14T09:14:15","date_gmt":"2019-08-14T12:14:15","guid":{"rendered":"https:\/\/www.rivera.gub.uy\/portal\/?p=17350"},"modified":"2019-08-14T09:14:28","modified_gmt":"2019-08-14T12:14:28","slug":"un-sueno-comienza-a-materializarse-en-barrio-don-bosco-centro-de-entrenamiento-deportivo-de-rivera","status":"publish","type":"post","link":"https:\/\/www.rivera.gub.uy\/portal\/un-sueno-comienza-a-materializarse-en-barrio-don-bosco-centro-de-entrenamiento-deportivo-de-rivera\/","title":{"rendered":"Un sue\u00f1o comienza a materializarse en barrio Don Bosco \u201cCentro de Entrenamiento Deportivo de Rivera\u201d"},"content":{"rendered":"<p>El director general de Promoci\u00f3n y Acci\u00f3n Social de la IDR, Cr. Giovani Conti, informa sobre el convenio que se firm\u00f3 (8\/8\/19) junto al Ministro de Transporte y Obras P\u00fablicas (MTOP), para la construcci\u00f3n del Centro de Entrenamiento Deportivo de Rivera.<!--more--><\/p>\n<p>Un proyecto que promueve, gestiona y financia la Intendencia Departamental de Rivera, el MTOP, Amigos del Deporte ( 40 empresarios que colaboran mensualmente con Div. Deportes de la IDR), y la Secretar\u00eda Nacional de Deportes, \u201clindo desde todo punto de vista, desde lo estructural hasta su formaci\u00f3n por la interinstitucionalidad de los que hacen parte del proyecto\u201d.<\/p>\n<p>&nbsp;<\/p>\n\r\n\t<div class=\"msacwl-slider-wrap msacwl-row-clearfix \" data-conf=\"{&quot;autoplay&quot;:&quot;true&quot;,&quot;autoplay_speed&quot;:3000,&quot;speed&quot;:300,&quot;arrows&quot;:&quot;true&quot;,&quot;dots&quot;:&quot;true&quot;,&quot;lazyload&quot;:&quot;&quot;}\">\r\n\t\t<div id=\"msacwl-slider-1\" class=\"msacwl-slider msacwl-common-slider msacwl-slider-popup\">\r\n\t\t\t\t\t\t<div class=\"msacwl-slide\" data-item-index=\"1\" >\r\n\t\t\t\t<a class=\"msacwl-img-link\" href=\"javascript:void(0);\" data-mfp-src=\"https:\/\/www.rivera.gub.uy\/portal\/wp-content\/uploads\/2019\/08\/68265708_10219583477999610_7801055138172370944_n.jpg\">\r\n\t\t\t\t\t<img decoding=\"async\" class=\"msacwl-img\" src=\"https:\/\/www.rivera.gub.uy\/portal\/wp-content\/uploads\/2019\/08\/68265708_10219583477999610_7801055138172370944_n.jpg\"  data-title=\"\" alt=\"\" \/>\r\n\t\t\t\t<\/a>\r\n\t\t\t\t\t\t\t\t\t<div class=\"msacwl-gallery-caption\">\r\n\t\t\t\t\t\t\t\t\t\t\t\t\t<span class=\"image_title\"><\/span>\r\n\t\t\t\t\t\t\t\t\t\t\t\t\t<span><\/span>\r\n\t\t\t\t\t\t \t\t\t\t\t<\/div>\r\n\t\t\t\t\t\t\t<\/div>\r\n\t\t\t\t\t\t<div class=\"msacwl-slide\" data-item-index=\"2\" >\r\n\t\t\t\t<a class=\"msacwl-img-link\" href=\"javascript:void(0);\" data-mfp-src=\"https:\/\/www.rivera.gub.uy\/portal\/wp-content\/uploads\/2019\/08\/DSC_0253.jpg\">\r\n\t\t\t\t\t<img decoding=\"async\" class=\"msacwl-img\" src=\"https:\/\/www.rivera.gub.uy\/portal\/wp-content\/uploads\/2019\/08\/DSC_0253.jpg\"  data-title=\"\" alt=\"\" \/>\r\n\t\t\t\t<\/a>\r\n\t\t\t\t\t\t\t\t\t<div class=\"msacwl-gallery-caption\">\r\n\t\t\t\t\t\t\t\t\t\t\t\t\t<span class=\"image_title\"><\/span>\r\n\t\t\t\t\t\t\t\t\t\t\t\t\t<span><\/span>\r\n\t\t\t\t\t\t \t\t\t\t\t<\/div>\r\n\t\t\t\t\t\t\t<\/div>\r\n\t\t\t\t\t<\/div>\r\n\t<\/div>\r\n\r\n\t\n<p>&nbsp;<\/p>\n<p><strong>Centro de Entrenamiento Deportivo<\/strong><\/p>\n<p>De construcci\u00f3n r\u00e1pida, liviana y moderna, con estructura en hierro e isopaneles, de aproximadamente 300 m\u00b2, tendr\u00e1 una sala que contar\u00e1 con equipos de primera generaci\u00f3n (musculaci\u00f3n) y gimnasia funcional; donde se formar\u00e1n f\u00edsicamente a deportistas de diferentes disciplinas, \u201ces necesario que los deportistas tengan un fortalecimiento de base f\u00edsica\u201d.<\/p>\n<p>Es el inicio de un sue\u00f1o, explica Giovani Conti; en un barrio con muchos j\u00f3venes, donde la meta a largo plazo es un espacio Polideportivo.<\/p>\n<p><iframe loading=\"lazy\" title=\"Centro de Entrenamiento Deportivo de Rivera\" width=\"1160\" height=\"653\" src=\"https:\/\/www.youtube.com\/embed\/oWCgmeQUfLQ?feature=oembed\" frameborder=\"0\" allow=\"accelerometer; autoplay; encrypted-media; gyroscope; picture-in-picture\" allowfullscreen><\/iframe><\/p>\n<p>&nbsp;<\/p>\n<p><iframe loading=\"lazy\" title=\"Centro de Entrenamiento Deportivo de Rivera by Registros Gr\u00e1ficos IDR\" width=\"1160\" height=\"400\" scrolling=\"no\" frameborder=\"no\" src=\"https:\/\/w.soundcloud.com\/player\/?visual=true&#038;url=https%3A%2F%2Fapi.soundcloud.com%2Ftracks%2F665253422&#038;show_artwork=true&#038;maxwidth=1160&#038;maxheight=1000&#038;dnt=1\"><\/iframe><\/p>\n","protected":false},"excerpt":{"rendered":"<p>El director general de Promoci\u00f3n y Acci\u00f3n Social de la IDR, Cr. Giovani Conti, informa sobre el convenio que se firm\u00f3 (8\/8\/19) junto al Ministro de Transporte y Obras P\u00fablicas (MTOP), para la construcci\u00f3n del Centro de Entrenamiento Deportivo de Rivera.<\/p>\n","protected":false},"author":7,"featured_media":17354,"comment_status":"open","ping_status":"open","sticky":false,"template":"","format":"standard","meta":{"footnotes":""},"categories":[3,1],"tags":[],"class_list":["post-17350","post","type-post","status-publish","format-standard","has-post-thumbnail","hentry","category-multimedia","category-novedades"],"_links":{"self":[{"href":"https:\/\/www.rivera.gub.uy\/portal\/wp-json\/wp\/v2\/posts\/17350","targetHints":{"allow":["GET"]}}],"collection":[{"href":"https:\/\/www.rivera.gub.uy\/portal\/wp-json\/wp\/v2\/posts"}],"about":[{"href":"https:\/\/www.rivera.gub.uy\/portal\/wp-json\/wp\/v2\/types\/post"}],"author":[{"embeddable":true,"href":"https:\/\/www.rivera.gub.uy\/portal\/wp-json\/wp\/v2\/users\/7"}],"replies":[{"embeddable":true,"href":"https:\/\/www.rivera.gub.uy\/portal\/wp-json\/wp\/v2\/comments?post=17350"}],"version-history":[{"count":2,"href":"https:\/\/www.rivera.gub.uy\/portal\/wp-json\/wp\/v2\/posts\/17350\/revisions"}],"predecessor-version":[{"id":17359,"href":"https:\/\/www.rivera.gub.uy\/portal\/wp-json\/wp\/v2\/posts\/17350\/revisions\/17359"}],"wp:featuredmedia":[{"embeddable":true,"href":"https:\/\/www.rivera.gub.uy\/portal\/wp-json\/wp\/v2\/media\/17354"}],"wp:attachment":[{"href":"https:\/\/www.rivera.gub.uy\/portal\/wp-json\/wp\/v2\/media?parent=17350"}],"wp:term":[{"taxonomy":"category","embeddable":true,"href":"https:\/\/www.rivera.gub.uy\/portal\/wp-json\/wp\/v2\/categories?post=17350"},{"taxonomy":"post_tag","embeddable":true,"href":"https:\/\/www.rivera.gub.uy\/portal\/wp-json\/wp\/v2\/tags?post=17350"}],"curies":[{"name":"wp","href":"https:\/\/api.w.org\/{rel}","templated":true}]}}