{"id":1739,"date":"2017-05-19T21:38:23","date_gmt":"2017-05-19T21:38:23","guid":{"rendered":"http:\/\/www.rivera.gub.uy\/portal\/?p=1739"},"modified":"2017-08-22T14:51:03","modified_gmt":"2017-08-22T14:51:03","slug":"cual-es-el-carnaval-que-queremos-en-rivera","status":"publish","type":"post","link":"https:\/\/www.rivera.gub.uy\/portal\/cual-es-el-carnaval-que-queremos-en-rivera\/","title":{"rendered":"\u00bfCu\u00e1l es el carnaval que queremos en Rivera?"},"content":{"rendered":"<p>En la tarde del mi\u00e9rcoles 17 de mayo a partir de la hora 19 de se llev\u00f3 a cabo en el Sal\u00f3n de Actos de la Intendencia Departamental, <strong>el primer taller de trabajo<\/strong> sobre <strong>\u00bfCu\u00e1l es el carnaval que queremos en Rivera?<\/strong><\/p>\n<p>La iniciativa parte de la Direcci\u00f3n General de Promoci\u00f3n y Acci\u00f3n Social y la Comisi\u00f3n de Carnaval, para entre todos buscar el mejor carnaval para nuestra ciudad.<\/p>\n<p>El director General de Promoci\u00f3n y Acci\u00f3n Social Cr. Giovani Conti, destac\u00f3 la importante convocatoria que tuvo dicho taller apuntando a \u201c<em>construir un nuevo carnaval que provenga de las ideas de nuestros ciudadanos<\/em>\u201d.<\/p>\n<p>\u201c<em>El carnaval es una fiesta popular y junto a la Comisi\u00f3n de Carnaval propusimos empezar un ciclo de tres talleres, con expertos de carnaval, con personas que trabajaron en tablados, con artistas, con la prensa que es fundamental para poder amplificar la opini\u00f3n de los ciudadanos en sus programas respectivos. Lo que hicimos fue dividir en mesas, en las cuales participaban cada una de estas personas volcando sus ideas, luego un trabajo en equipo y de esa forma tener informaci\u00f3n para dentro de dos o tres semanas tener el insumo y armar una propuesta para definirla en un tercer taller. Nos gust\u00f3 la presencia de los j\u00f3venes y de adultos mayores contemplando los beneficios para todos y al gusto de todos<\/em>\u201d, explico en detalle el Cr. Giovani Conti.<\/p>\n<div id='gallery-1' class='gallery galleryid-1739 gallery-columns-4 gallery-size-medium'><figure class='gallery-item'>\n\t\t\t<div class='gallery-icon landscape'>\n\t\t\t\t<a href='https:\/\/www.rivera.gub.uy\/portal\/cual-es-el-carnaval-que-queremos-en-rivera\/dsc_1811\/'><img loading=\"lazy\" decoding=\"async\" width=\"263\" height=\"188\" src=\"https:\/\/www.rivera.gub.uy\/portal\/wp-content\/uploads\/2017\/05\/DSC_1811-263x188.jpg\" class=\"attachment-medium size-medium\" alt=\"\" srcset=\"https:\/\/www.rivera.gub.uy\/portal\/wp-content\/uploads\/2017\/05\/DSC_1811-263x188.jpg 263w, https:\/\/www.rivera.gub.uy\/portal\/wp-content\/uploads\/2017\/05\/DSC_1811-132x94.jpg 132w, https:\/\/www.rivera.gub.uy\/portal\/wp-content\/uploads\/2017\/05\/DSC_1811-768x549.jpg 768w, https:\/\/www.rivera.gub.uy\/portal\/wp-content\/uploads\/2017\/05\/DSC_1811-876x626.jpg 876w, https:\/\/www.rivera.gub.uy\/portal\/wp-content\/uploads\/2017\/05\/DSC_1811-820x586.jpg 820w, https:\/\/www.rivera.gub.uy\/portal\/wp-content\/uploads\/2017\/05\/DSC_1811.jpg 1890w\" sizes=\"auto, (max-width: 263px) 100vw, 263px\" \/><\/a>\n\t\t\t<\/div><\/figure><figure class='gallery-item'>\n\t\t\t<div class='gallery-icon landscape'>\n\t\t\t\t<a href='https:\/\/www.rivera.gub.uy\/portal\/cual-es-el-carnaval-que-queremos-en-rivera\/dsc_1806\/'><img loading=\"lazy\" decoding=\"async\" width=\"263\" height=\"188\" src=\"https:\/\/www.rivera.gub.uy\/portal\/wp-content\/uploads\/2017\/05\/DSC_1806-263x188.jpg\" class=\"attachment-medium size-medium\" alt=\"\" srcset=\"https:\/\/www.rivera.gub.uy\/portal\/wp-content\/uploads\/2017\/05\/DSC_1806-263x188.jpg 263w, https:\/\/www.rivera.gub.uy\/portal\/wp-content\/uploads\/2017\/05\/DSC_1806-132x94.jpg 132w, https:\/\/www.rivera.gub.uy\/portal\/wp-content\/uploads\/2017\/05\/DSC_1806-768x549.jpg 768w, https:\/\/www.rivera.gub.uy\/portal\/wp-content\/uploads\/2017\/05\/DSC_1806-876x626.jpg 876w, https:\/\/www.rivera.gub.uy\/portal\/wp-content\/uploads\/2017\/05\/DSC_1806-820x586.jpg 820w, https:\/\/www.rivera.gub.uy\/portal\/wp-content\/uploads\/2017\/05\/DSC_1806.jpg 1890w\" sizes=\"auto, (max-width: 263px) 100vw, 263px\" \/><\/a>\n\t\t\t<\/div><\/figure><figure class='gallery-item'>\n\t\t\t<div class='gallery-icon landscape'>\n\t\t\t\t<a href='https:\/\/www.rivera.gub.uy\/portal\/cual-es-el-carnaval-que-queremos-en-rivera\/dsc_1799-2\/'><img loading=\"lazy\" decoding=\"async\" width=\"263\" height=\"188\" src=\"https:\/\/www.rivera.gub.uy\/portal\/wp-content\/uploads\/2017\/05\/DSC_1799-263x188.jpg\" class=\"attachment-medium size-medium\" alt=\"\" srcset=\"https:\/\/www.rivera.gub.uy\/portal\/wp-content\/uploads\/2017\/05\/DSC_1799-263x188.jpg 263w, https:\/\/www.rivera.gub.uy\/portal\/wp-content\/uploads\/2017\/05\/DSC_1799-132x94.jpg 132w, https:\/\/www.rivera.gub.uy\/portal\/wp-content\/uploads\/2017\/05\/DSC_1799-768x549.jpg 768w, https:\/\/www.rivera.gub.uy\/portal\/wp-content\/uploads\/2017\/05\/DSC_1799-876x626.jpg 876w, https:\/\/www.rivera.gub.uy\/portal\/wp-content\/uploads\/2017\/05\/DSC_1799-820x586.jpg 820w, https:\/\/www.rivera.gub.uy\/portal\/wp-content\/uploads\/2017\/05\/DSC_1799.jpg 1890w\" sizes=\"auto, (max-width: 263px) 100vw, 263px\" \/><\/a>\n\t\t\t<\/div><\/figure><figure class='gallery-item'>\n\t\t\t<div class='gallery-icon landscape'>\n\t\t\t\t<a href='https:\/\/www.rivera.gub.uy\/portal\/cual-es-el-carnaval-que-queremos-en-rivera\/dsc_1797\/'><img loading=\"lazy\" decoding=\"async\" width=\"263\" height=\"188\" src=\"https:\/\/www.rivera.gub.uy\/portal\/wp-content\/uploads\/2017\/05\/DSC_1797-263x188.jpg\" class=\"attachment-medium size-medium\" alt=\"\" srcset=\"https:\/\/www.rivera.gub.uy\/portal\/wp-content\/uploads\/2017\/05\/DSC_1797-263x188.jpg 263w, https:\/\/www.rivera.gub.uy\/portal\/wp-content\/uploads\/2017\/05\/DSC_1797-132x94.jpg 132w, https:\/\/www.rivera.gub.uy\/portal\/wp-content\/uploads\/2017\/05\/DSC_1797-768x549.jpg 768w, https:\/\/www.rivera.gub.uy\/portal\/wp-content\/uploads\/2017\/05\/DSC_1797-876x626.jpg 876w, https:\/\/www.rivera.gub.uy\/portal\/wp-content\/uploads\/2017\/05\/DSC_1797-820x586.jpg 820w, https:\/\/www.rivera.gub.uy\/portal\/wp-content\/uploads\/2017\/05\/DSC_1797.jpg 1890w\" sizes=\"auto, (max-width: 263px) 100vw, 263px\" \/><\/a>\n\t\t\t<\/div><\/figure>\n\t\t<\/div>\n\n","protected":false},"excerpt":{"rendered":"<p>En la tarde del mi\u00e9rcoles 17 de mayo a partir de la hora 19 de se llev\u00f3 a cabo en el Sal\u00f3n de Actos de la Intendencia Departamental, el primer taller de trabajo sobre \u00bfCu\u00e1l es el carnaval que queremos en Rivera? La iniciativa parte de la Direcci\u00f3n General de Promoci\u00f3n y Acci\u00f3n Social y [&hellip;]<\/p>\n","protected":false},"author":5,"featured_media":1742,"comment_status":"open","ping_status":"open","sticky":false,"template":"","format":"standard","meta":{"footnotes":""},"categories":[6,1,18,20],"tags":[],"class_list":["post-1739","post","type-post","status-publish","format-standard","has-post-thumbnail","hentry","category-cultura","category-novedades","category-participacion","category-turismo"],"_links":{"self":[{"href":"https:\/\/www.rivera.gub.uy\/portal\/wp-json\/wp\/v2\/posts\/1739","targetHints":{"allow":["GET"]}}],"collection":[{"href":"https:\/\/www.rivera.gub.uy\/portal\/wp-json\/wp\/v2\/posts"}],"about":[{"href":"https:\/\/www.rivera.gub.uy\/portal\/wp-json\/wp\/v2\/types\/post"}],"author":[{"embeddable":true,"href":"https:\/\/www.rivera.gub.uy\/portal\/wp-json\/wp\/v2\/users\/5"}],"replies":[{"embeddable":true,"href":"https:\/\/www.rivera.gub.uy\/portal\/wp-json\/wp\/v2\/comments?post=1739"}],"version-history":[{"count":1,"href":"https:\/\/www.rivera.gub.uy\/portal\/wp-json\/wp\/v2\/posts\/1739\/revisions"}],"predecessor-version":[{"id":1744,"href":"https:\/\/www.rivera.gub.uy\/portal\/wp-json\/wp\/v2\/posts\/1739\/revisions\/1744"}],"wp:featuredmedia":[{"embeddable":true,"href":"https:\/\/www.rivera.gub.uy\/portal\/wp-json\/wp\/v2\/media\/1742"}],"wp:attachment":[{"href":"https:\/\/www.rivera.gub.uy\/portal\/wp-json\/wp\/v2\/media?parent=1739"}],"wp:term":[{"taxonomy":"category","embeddable":true,"href":"https:\/\/www.rivera.gub.uy\/portal\/wp-json\/wp\/v2\/categories?post=1739"},{"taxonomy":"post_tag","embeddable":true,"href":"https:\/\/www.rivera.gub.uy\/portal\/wp-json\/wp\/v2\/tags?post=1739"}],"curies":[{"name":"wp","href":"https:\/\/api.w.org\/{rel}","templated":true}]}}