{"id":1745,"date":"2017-05-19T22:03:18","date_gmt":"2017-05-19T22:03:18","guid":{"rendered":"http:\/\/www.rivera.gub.uy\/portal\/?p=1745"},"modified":"2017-05-19T22:03:18","modified_gmt":"2017-05-19T22:03:18","slug":"construccion-del-plan-operativo-de-seguridad-vial-2017","status":"publish","type":"post","link":"https:\/\/www.rivera.gub.uy\/portal\/construccion-del-plan-operativo-de-seguridad-vial-2017\/","title":{"rendered":"Construcci\u00f3n del Plan Operativo de Seguridad Vial 2017."},"content":{"rendered":"<p>Se realiz\u00f3 en la ma\u00f1ana del d\u00eda mi\u00e9rcoles 17 de mayo el lanzamiento de la Jornada para la Construcci\u00f3n del Plan Operativo de Seguridad Vial 2017.<\/p>\n<p>El Plan Operativo de Seguridad Vial (POSEVI) es una gu\u00eda para favorecer el proceso de planificaci\u00f3n y ordenamiento de acciones concretas en torno a la seguridad vial, en la b\u00fasqueda de lograr las metas nacionales respecto al descenso de la siniestralidad vial, comprometido por el pa\u00eds en los foros internacionales.<\/p>\n<p>En mesa de conferencia estuvieron presentes las siguientes autoridades: Intendente Departamental de Rivera, Dr. Marne Osorio, Secretario General de la IDR, Cr. Richard Sander, Pte. de la UNASEV, Dr. Gerardo Barrios, Director General de Tr\u00e1nsito y Transporte, Sr. Mauricio Gonz\u00e1lez, Jefe de Polic\u00eda, Crio. Gral. Wilfredo Rodr\u00edguez y la Directora Departamental de Salud P\u00fablica, Dra. A\u00edda Goncalvez.<\/p>\n<p>El Director de Tr\u00e1nsito y Transporte de la comuna expres\u00f3: \u201c<em>Hace tiempo venimos trabajando en esto con el Director de la UNASEV. <\/em><\/p>\n<p><em>Junto al Intendente Departamental y otras instituciones tenemos la idea de reducir la siniestralidad en el tr\u00e1nsito.<\/em><\/p>\n<p><em> Rivera tiene mucho trabajo en esto y un plan operativo y de contingencia para varias \u00e1reas del tr\u00e1nsito, que han dado muy buen resultado y por tercer a\u00f1o consecutivo tenemos el nivel m\u00e1s bajo de siniestralidad de todo el pa\u00eds.\u00a0<\/em><em>Hay cosas para solucionar y seguir trabajando, la idea es llegar a la siniestralidad 0<\/em>\u201d.<\/p>\n<p>Luego de las expresiones de cada uno de los oradores correspondientes, el Director de la UNASEV, Dr. Gerardo Barrios, procedi\u00f3 a la presentaci\u00f3n del Plan Operativo que cont\u00f3 a continuaci\u00f3n, con la firma de adhesi\u00f3n de las autoridades departamentales y de la Educaci\u00f3n a nivel nacional.<\/p>\n<div id='gallery-1' class='gallery galleryid-1745 gallery-columns-3 gallery-size-medium'><figure class='gallery-item'>\n\t\t\t<div class='gallery-icon landscape'>\n\t\t\t\t<a href='https:\/\/www.rivera.gub.uy\/portal\/construccion-del-plan-operativo-de-seguridad-vial-2017\/dsc_2274\/'><img loading=\"lazy\" decoding=\"async\" width=\"281\" height=\"188\" src=\"https:\/\/www.rivera.gub.uy\/portal\/wp-content\/uploads\/2017\/05\/DSC_2274-281x188.jpg\" class=\"attachment-medium size-medium\" alt=\"\" srcset=\"https:\/\/www.rivera.gub.uy\/portal\/wp-content\/uploads\/2017\/05\/DSC_2274-281x188.jpg 281w, https:\/\/www.rivera.gub.uy\/portal\/wp-content\/uploads\/2017\/05\/DSC_2274-141x94.jpg 141w, https:\/\/www.rivera.gub.uy\/portal\/wp-content\/uploads\/2017\/05\/DSC_2274-768x513.jpg 768w, https:\/\/www.rivera.gub.uy\/portal\/wp-content\/uploads\/2017\/05\/DSC_2274-936x626.jpg 936w, https:\/\/www.rivera.gub.uy\/portal\/wp-content\/uploads\/2017\/05\/DSC_2274-600x400.jpg 600w, https:\/\/www.rivera.gub.uy\/portal\/wp-content\/uploads\/2017\/05\/DSC_2274-820x548.jpg 820w, https:\/\/www.rivera.gub.uy\/portal\/wp-content\/uploads\/2017\/05\/DSC_2274-272x182.jpg 272w\" sizes=\"auto, (max-width: 281px) 100vw, 281px\" \/><\/a>\n\t\t\t<\/div><\/figure><figure class='gallery-item'>\n\t\t\t<div class='gallery-icon landscape'>\n\t\t\t\t<a href='https:\/\/www.rivera.gub.uy\/portal\/construccion-del-plan-operativo-de-seguridad-vial-2017\/dsc_2299\/'><img loading=\"lazy\" decoding=\"async\" width=\"281\" height=\"188\" src=\"https:\/\/www.rivera.gub.uy\/portal\/wp-content\/uploads\/2017\/05\/DSC_2299-281x188.jpg\" class=\"attachment-medium size-medium\" alt=\"\" srcset=\"https:\/\/www.rivera.gub.uy\/portal\/wp-content\/uploads\/2017\/05\/DSC_2299-281x188.jpg 281w, https:\/\/www.rivera.gub.uy\/portal\/wp-content\/uploads\/2017\/05\/DSC_2299-141x94.jpg 141w, https:\/\/www.rivera.gub.uy\/portal\/wp-content\/uploads\/2017\/05\/DSC_2299-768x513.jpg 768w, https:\/\/www.rivera.gub.uy\/portal\/wp-content\/uploads\/2017\/05\/DSC_2299-936x626.jpg 936w, https:\/\/www.rivera.gub.uy\/portal\/wp-content\/uploads\/2017\/05\/DSC_2299-600x400.jpg 600w, https:\/\/www.rivera.gub.uy\/portal\/wp-content\/uploads\/2017\/05\/DSC_2299-820x548.jpg 820w, https:\/\/www.rivera.gub.uy\/portal\/wp-content\/uploads\/2017\/05\/DSC_2299-272x182.jpg 272w\" sizes=\"auto, (max-width: 281px) 100vw, 281px\" \/><\/a>\n\t\t\t<\/div><\/figure><figure class='gallery-item'>\n\t\t\t<div class='gallery-icon landscape'>\n\t\t\t\t<a href='https:\/\/www.rivera.gub.uy\/portal\/construccion-del-plan-operativo-de-seguridad-vial-2017\/transito-13\/'><img loading=\"lazy\" decoding=\"async\" width=\"300\" height=\"169\" src=\"https:\/\/www.rivera.gub.uy\/portal\/wp-content\/uploads\/2017\/05\/Transito-13-300x169.png\" class=\"attachment-medium size-medium\" alt=\"\" srcset=\"https:\/\/www.rivera.gub.uy\/portal\/wp-content\/uploads\/2017\/05\/Transito-13-300x169.png 300w, https:\/\/www.rivera.gub.uy\/portal\/wp-content\/uploads\/2017\/05\/Transito-13-150x84.png 150w, https:\/\/www.rivera.gub.uy\/portal\/wp-content\/uploads\/2017\/05\/Transito-13-768x432.png 768w, https:\/\/www.rivera.gub.uy\/portal\/wp-content\/uploads\/2017\/05\/Transito-13-1000x562.png 1000w, https:\/\/www.rivera.gub.uy\/portal\/wp-content\/uploads\/2017\/05\/Transito-13-820x461.png 820w, https:\/\/www.rivera.gub.uy\/portal\/wp-content\/uploads\/2017\/05\/Transito-13.png 1284w\" sizes=\"auto, (max-width: 300px) 100vw, 300px\" \/><\/a>\n\t\t\t<\/div><\/figure>\n\t\t<\/div>\n\n","protected":false},"excerpt":{"rendered":"<p>Se realiz\u00f3 en la ma\u00f1ana del d\u00eda mi\u00e9rcoles 17 de mayo el lanzamiento de la Jornada para la Construcci\u00f3n del Plan Operativo de Seguridad Vial 2017. El Plan Operativo de Seguridad Vial (POSEVI) es una gu\u00eda para favorecer el proceso de planificaci\u00f3n y ordenamiento de acciones concretas en torno a la seguridad vial, en la [&hellip;]<\/p>\n","protected":false},"author":5,"featured_media":1747,"comment_status":"open","ping_status":"open","sticky":false,"template":"","format":"standard","meta":{"footnotes":""},"categories":[1],"tags":[],"class_list":["post-1745","post","type-post","status-publish","format-standard","has-post-thumbnail","hentry","category-novedades"],"_links":{"self":[{"href":"https:\/\/www.rivera.gub.uy\/portal\/wp-json\/wp\/v2\/posts\/1745","targetHints":{"allow":["GET"]}}],"collection":[{"href":"https:\/\/www.rivera.gub.uy\/portal\/wp-json\/wp\/v2\/posts"}],"about":[{"href":"https:\/\/www.rivera.gub.uy\/portal\/wp-json\/wp\/v2\/types\/post"}],"author":[{"embeddable":true,"href":"https:\/\/www.rivera.gub.uy\/portal\/wp-json\/wp\/v2\/users\/5"}],"replies":[{"embeddable":true,"href":"https:\/\/www.rivera.gub.uy\/portal\/wp-json\/wp\/v2\/comments?post=1745"}],"version-history":[{"count":1,"href":"https:\/\/www.rivera.gub.uy\/portal\/wp-json\/wp\/v2\/posts\/1745\/revisions"}],"predecessor-version":[{"id":1749,"href":"https:\/\/www.rivera.gub.uy\/portal\/wp-json\/wp\/v2\/posts\/1745\/revisions\/1749"}],"wp:featuredmedia":[{"embeddable":true,"href":"https:\/\/www.rivera.gub.uy\/portal\/wp-json\/wp\/v2\/media\/1747"}],"wp:attachment":[{"href":"https:\/\/www.rivera.gub.uy\/portal\/wp-json\/wp\/v2\/media?parent=1745"}],"wp:term":[{"taxonomy":"category","embeddable":true,"href":"https:\/\/www.rivera.gub.uy\/portal\/wp-json\/wp\/v2\/categories?post=1745"},{"taxonomy":"post_tag","embeddable":true,"href":"https:\/\/www.rivera.gub.uy\/portal\/wp-json\/wp\/v2\/tags?post=1745"}],"curies":[{"name":"wp","href":"https:\/\/api.w.org\/{rel}","templated":true}]}}