{"id":1750,"date":"2017-05-19T23:07:43","date_gmt":"2017-05-19T23:07:43","guid":{"rendered":"http:\/\/www.rivera.gub.uy\/portal\/?p=1750"},"modified":"2017-05-19T23:07:43","modified_gmt":"2017-05-19T23:07:43","slug":"visita-de-obras-y-acto-patrio-en-vichadero","status":"publish","type":"post","link":"https:\/\/www.rivera.gub.uy\/portal\/visita-de-obras-y-acto-patrio-en-vichadero\/","title":{"rendered":"Visita de obras y acto patrio en Vichadero."},"content":{"rendered":"<p>En la ma\u00f1ana del d\u00eda 18 de mayo el Sr. Intendente Departamental Dr. Marne Osorio Lima acompa\u00f1ado por su equipo de gobierno se traslad\u00f3 hasta Villa Vichadero para cumplir con las actividades protocolares (acto patrio y desfile c\u00edvico-militar) en el marco de la celebraci\u00f3n por los 206 a\u00f1os de la Batalla de Las Piedras y D\u00eda del Ej\u00e9rcito Nacional.<\/p>\n<p>La actividad comenz\u00f3 con una reuni\u00f3n en la Alcald\u00eda de la Villa, encabezada por el Intendente y el Alcalde Carlos Ney Romero, junto a los Concejales del Municipio y Directores Generales de la Intendencia.<\/p>\n<p>A posterior el equipo completo departamental y municipal, recorri\u00f3 las obras de la futura Terminal de \u00d3mnibus de Vichadero, obra que surge del Presupuesto Participativo, votado por la comunidad y ubicada en el lado este de Plaza de Vichadero con frente sobre calle Camino de las Tropas.<\/p>\n<p>Seguidamente el mandatario recorri\u00f3 las obras de m\u00e1s de 70 viviendas del plan MEVIR, (Movimiento para la Erradicaci\u00f3n de la Vivienda Insalubre Rural), que se construyen en un terreno cedido por la Intendencia.<\/p>\n<p>Dando continuidad a la jornada en Vichadero, se realiz\u00f3 el acto patrio, organizado por la Asociaci\u00f3n Patri\u00f3tica de Rivera y la Asociaci\u00f3n Patri\u00f3tica de Vichadero, seguido del desfile por la calle principal.<\/p>\n<p>La actividad continu\u00f3 en el local de la Sociedad H\u00edpica Los Tauras, con la firma de la escritura correspondiente donde la IDR dona y autoriza a MEVIR, continuar con las obras de saneamiento, que mejorar\u00e1 la calidad de vida de los vivan all\u00ed.<\/p>\n<p>La firma del convenio se realiz\u00f3 con la presencia de la Pte. de MEVIR, Sra. Cecilia Blanco.<\/p>\n<p>Seguidamente el jefe comunal se dirigi\u00f3 hasta el hogar Estudiantil de la Villa donde fue recibido por los 22 estudiantes que viven en el Hogar y el equipo de trabajo. All\u00ed compartieron una instancia de di\u00e1logo con los chicos que le contaron al Intendente sobre \u201csus excelentes calificaciones\u201d.<\/p>\n<p>En virtud de escuchar sus necesidades, el Sr. Intendente indic\u00f3 que en los pr\u00f3ximos d\u00edas tendr\u00e1n mejoras en la conexi\u00f3n de Internet y recibir\u00e1n un equipo inform\u00e1tico para realizar sus tareas y poder mejorar a\u00fan m\u00e1s sus desempe\u00f1os en el estudio.<\/p>\n<div id='gallery-1' class='gallery galleryid-1750 gallery-columns-4 gallery-size-medium'><figure class='gallery-item'>\n\t\t\t<div class='gallery-icon landscape'>\n\t\t\t\t<a href='https:\/\/www.rivera.gub.uy\/portal\/visita-de-obras-y-acto-patrio-en-vichadero\/dsc_0526\/'><img loading=\"lazy\" decoding=\"async\" width=\"263\" height=\"188\" src=\"https:\/\/www.rivera.gub.uy\/portal\/wp-content\/uploads\/2017\/05\/DSC_0526-263x188.jpg\" class=\"attachment-medium size-medium\" alt=\"\" srcset=\"https:\/\/www.rivera.gub.uy\/portal\/wp-content\/uploads\/2017\/05\/DSC_0526-263x188.jpg 263w, https:\/\/www.rivera.gub.uy\/portal\/wp-content\/uploads\/2017\/05\/DSC_0526-132x94.jpg 132w, https:\/\/www.rivera.gub.uy\/portal\/wp-content\/uploads\/2017\/05\/DSC_0526-768x549.jpg 768w, https:\/\/www.rivera.gub.uy\/portal\/wp-content\/uploads\/2017\/05\/DSC_0526-876x626.jpg 876w, https:\/\/www.rivera.gub.uy\/portal\/wp-content\/uploads\/2017\/05\/DSC_0526-820x586.jpg 820w\" sizes=\"auto, (max-width: 263px) 100vw, 263px\" \/><\/a>\n\t\t\t<\/div><\/figure><figure class='gallery-item'>\n\t\t\t<div class='gallery-icon landscape'>\n\t\t\t\t<a href='https:\/\/www.rivera.gub.uy\/portal\/visita-de-obras-y-acto-patrio-en-vichadero\/dsc_0546\/'><img loading=\"lazy\" decoding=\"async\" width=\"263\" height=\"188\" src=\"https:\/\/www.rivera.gub.uy\/portal\/wp-content\/uploads\/2017\/05\/DSC_0546-263x188.jpg\" class=\"attachment-medium size-medium\" alt=\"\" srcset=\"https:\/\/www.rivera.gub.uy\/portal\/wp-content\/uploads\/2017\/05\/DSC_0546-263x188.jpg 263w, https:\/\/www.rivera.gub.uy\/portal\/wp-content\/uploads\/2017\/05\/DSC_0546-132x94.jpg 132w, https:\/\/www.rivera.gub.uy\/portal\/wp-content\/uploads\/2017\/05\/DSC_0546-768x549.jpg 768w, https:\/\/www.rivera.gub.uy\/portal\/wp-content\/uploads\/2017\/05\/DSC_0546-876x626.jpg 876w, https:\/\/www.rivera.gub.uy\/portal\/wp-content\/uploads\/2017\/05\/DSC_0546-820x586.jpg 820w\" sizes=\"auto, (max-width: 263px) 100vw, 263px\" \/><\/a>\n\t\t\t<\/div><\/figure><figure class='gallery-item'>\n\t\t\t<div class='gallery-icon landscape'>\n\t\t\t\t<a href='https:\/\/www.rivera.gub.uy\/portal\/visita-de-obras-y-acto-patrio-en-vichadero\/dsc_0595\/'><img loading=\"lazy\" decoding=\"async\" width=\"263\" height=\"188\" src=\"https:\/\/www.rivera.gub.uy\/portal\/wp-content\/uploads\/2017\/05\/DSC_0595-263x188.jpg\" class=\"attachment-medium size-medium\" alt=\"\" srcset=\"https:\/\/www.rivera.gub.uy\/portal\/wp-content\/uploads\/2017\/05\/DSC_0595-263x188.jpg 263w, https:\/\/www.rivera.gub.uy\/portal\/wp-content\/uploads\/2017\/05\/DSC_0595-132x94.jpg 132w, https:\/\/www.rivera.gub.uy\/portal\/wp-content\/uploads\/2017\/05\/DSC_0595-768x549.jpg 768w, https:\/\/www.rivera.gub.uy\/portal\/wp-content\/uploads\/2017\/05\/DSC_0595-876x626.jpg 876w, https:\/\/www.rivera.gub.uy\/portal\/wp-content\/uploads\/2017\/05\/DSC_0595-820x586.jpg 820w\" sizes=\"auto, (max-width: 263px) 100vw, 263px\" \/><\/a>\n\t\t\t<\/div><\/figure><figure class='gallery-item'>\n\t\t\t<div class='gallery-icon landscape'>\n\t\t\t\t<a href='https:\/\/www.rivera.gub.uy\/portal\/visita-de-obras-y-acto-patrio-en-vichadero\/dsc_0566\/'><img loading=\"lazy\" decoding=\"async\" width=\"263\" height=\"188\" src=\"https:\/\/www.rivera.gub.uy\/portal\/wp-content\/uploads\/2017\/05\/DSC_0566-263x188.jpg\" class=\"attachment-medium size-medium\" alt=\"\" srcset=\"https:\/\/www.rivera.gub.uy\/portal\/wp-content\/uploads\/2017\/05\/DSC_0566-263x188.jpg 263w, https:\/\/www.rivera.gub.uy\/portal\/wp-content\/uploads\/2017\/05\/DSC_0566-132x94.jpg 132w, https:\/\/www.rivera.gub.uy\/portal\/wp-content\/uploads\/2017\/05\/DSC_0566-768x549.jpg 768w, https:\/\/www.rivera.gub.uy\/portal\/wp-content\/uploads\/2017\/05\/DSC_0566-876x626.jpg 876w, https:\/\/www.rivera.gub.uy\/portal\/wp-content\/uploads\/2017\/05\/DSC_0566-820x586.jpg 820w\" sizes=\"auto, (max-width: 263px) 100vw, 263px\" \/><\/a>\n\t\t\t<\/div><\/figure><figure class='gallery-item'>\n\t\t\t<div class='gallery-icon landscape'>\n\t\t\t\t<a href='https:\/\/www.rivera.gub.uy\/portal\/visita-de-obras-y-acto-patrio-en-vichadero\/dsc_0604\/'><img loading=\"lazy\" decoding=\"async\" width=\"263\" height=\"188\" src=\"https:\/\/www.rivera.gub.uy\/portal\/wp-content\/uploads\/2017\/05\/DSC_0604-263x188.jpg\" class=\"attachment-medium size-medium\" alt=\"\" srcset=\"https:\/\/www.rivera.gub.uy\/portal\/wp-content\/uploads\/2017\/05\/DSC_0604-263x188.jpg 263w, https:\/\/www.rivera.gub.uy\/portal\/wp-content\/uploads\/2017\/05\/DSC_0604-132x94.jpg 132w, https:\/\/www.rivera.gub.uy\/portal\/wp-content\/uploads\/2017\/05\/DSC_0604-768x549.jpg 768w, https:\/\/www.rivera.gub.uy\/portal\/wp-content\/uploads\/2017\/05\/DSC_0604-876x626.jpg 876w, https:\/\/www.rivera.gub.uy\/portal\/wp-content\/uploads\/2017\/05\/DSC_0604-820x586.jpg 820w\" sizes=\"auto, (max-width: 263px) 100vw, 263px\" \/><\/a>\n\t\t\t<\/div><\/figure><figure class='gallery-item'>\n\t\t\t<div class='gallery-icon landscape'>\n\t\t\t\t<a href='https:\/\/www.rivera.gub.uy\/portal\/visita-de-obras-y-acto-patrio-en-vichadero\/dsc_0706\/'><img loading=\"lazy\" decoding=\"async\" width=\"263\" height=\"188\" src=\"https:\/\/www.rivera.gub.uy\/portal\/wp-content\/uploads\/2017\/05\/DSC_0706-263x188.jpg\" class=\"attachment-medium size-medium\" alt=\"\" srcset=\"https:\/\/www.rivera.gub.uy\/portal\/wp-content\/uploads\/2017\/05\/DSC_0706-263x188.jpg 263w, https:\/\/www.rivera.gub.uy\/portal\/wp-content\/uploads\/2017\/05\/DSC_0706-132x94.jpg 132w, https:\/\/www.rivera.gub.uy\/portal\/wp-content\/uploads\/2017\/05\/DSC_0706-768x549.jpg 768w, https:\/\/www.rivera.gub.uy\/portal\/wp-content\/uploads\/2017\/05\/DSC_0706-876x626.jpg 876w, https:\/\/www.rivera.gub.uy\/portal\/wp-content\/uploads\/2017\/05\/DSC_0706-820x586.jpg 820w\" sizes=\"auto, (max-width: 263px) 100vw, 263px\" \/><\/a>\n\t\t\t<\/div><\/figure><figure class='gallery-item'>\n\t\t\t<div class='gallery-icon portrait'>\n\t\t\t\t<a href='https:\/\/www.rivera.gub.uy\/portal\/visita-de-obras-y-acto-patrio-en-vichadero\/dsc_0673\/'><img loading=\"lazy\" decoding=\"async\" width=\"134\" height=\"188\" src=\"https:\/\/www.rivera.gub.uy\/portal\/wp-content\/uploads\/2017\/05\/DSC_0673-134x188.jpg\" class=\"attachment-medium size-medium\" alt=\"\" srcset=\"https:\/\/www.rivera.gub.uy\/portal\/wp-content\/uploads\/2017\/05\/DSC_0673-134x188.jpg 134w, https:\/\/www.rivera.gub.uy\/portal\/wp-content\/uploads\/2017\/05\/DSC_0673-67x94.jpg 67w, https:\/\/www.rivera.gub.uy\/portal\/wp-content\/uploads\/2017\/05\/DSC_0673-768x1075.jpg 768w, https:\/\/www.rivera.gub.uy\/portal\/wp-content\/uploads\/2017\/05\/DSC_0673-447x626.jpg 447w, https:\/\/www.rivera.gub.uy\/portal\/wp-content\/uploads\/2017\/05\/DSC_0673-820x1148.jpg 820w, https:\/\/www.rivera.gub.uy\/portal\/wp-content\/uploads\/2017\/05\/DSC_0673.jpg 1485w\" sizes=\"auto, (max-width: 134px) 100vw, 134px\" \/><\/a>\n\t\t\t<\/div><\/figure><figure class='gallery-item'>\n\t\t\t<div class='gallery-icon landscape'>\n\t\t\t\t<a href='https:\/\/www.rivera.gub.uy\/portal\/visita-de-obras-y-acto-patrio-en-vichadero\/dsc_0653\/'><img loading=\"lazy\" decoding=\"async\" width=\"263\" height=\"188\" src=\"https:\/\/www.rivera.gub.uy\/portal\/wp-content\/uploads\/2017\/05\/DSC_0653-263x188.jpg\" class=\"attachment-medium size-medium\" alt=\"\" srcset=\"https:\/\/www.rivera.gub.uy\/portal\/wp-content\/uploads\/2017\/05\/DSC_0653-263x188.jpg 263w, https:\/\/www.rivera.gub.uy\/portal\/wp-content\/uploads\/2017\/05\/DSC_0653-132x94.jpg 132w, https:\/\/www.rivera.gub.uy\/portal\/wp-content\/uploads\/2017\/05\/DSC_0653-768x549.jpg 768w, https:\/\/www.rivera.gub.uy\/portal\/wp-content\/uploads\/2017\/05\/DSC_0653-876x626.jpg 876w, https:\/\/www.rivera.gub.uy\/portal\/wp-content\/uploads\/2017\/05\/DSC_0653-820x586.jpg 820w\" sizes=\"auto, (max-width: 263px) 100vw, 263px\" \/><\/a>\n\t\t\t<\/div><\/figure><figure class='gallery-item'>\n\t\t\t<div class='gallery-icon landscape'>\n\t\t\t\t<a href='https:\/\/www.rivera.gub.uy\/portal\/visita-de-obras-y-acto-patrio-en-vichadero\/dsc_0772\/'><img loading=\"lazy\" decoding=\"async\" width=\"263\" height=\"188\" src=\"https:\/\/www.rivera.gub.uy\/portal\/wp-content\/uploads\/2017\/05\/DSC_0772-263x188.jpg\" class=\"attachment-medium size-medium\" alt=\"\" srcset=\"https:\/\/www.rivera.gub.uy\/portal\/wp-content\/uploads\/2017\/05\/DSC_0772-263x188.jpg 263w, https:\/\/www.rivera.gub.uy\/portal\/wp-content\/uploads\/2017\/05\/DSC_0772-132x94.jpg 132w, https:\/\/www.rivera.gub.uy\/portal\/wp-content\/uploads\/2017\/05\/DSC_0772-768x549.jpg 768w, https:\/\/www.rivera.gub.uy\/portal\/wp-content\/uploads\/2017\/05\/DSC_0772-876x626.jpg 876w, https:\/\/www.rivera.gub.uy\/portal\/wp-content\/uploads\/2017\/05\/DSC_0772-820x586.jpg 820w\" sizes=\"auto, (max-width: 263px) 100vw, 263px\" \/><\/a>\n\t\t\t<\/div><\/figure><figure class='gallery-item'>\n\t\t\t<div class='gallery-icon landscape'>\n\t\t\t\t<a href='https:\/\/www.rivera.gub.uy\/portal\/visita-de-obras-y-acto-patrio-en-vichadero\/dsc_0801\/'><img loading=\"lazy\" decoding=\"async\" width=\"263\" height=\"188\" src=\"https:\/\/www.rivera.gub.uy\/portal\/wp-content\/uploads\/2017\/05\/DSC_0801-263x188.jpg\" class=\"attachment-medium size-medium\" alt=\"\" srcset=\"https:\/\/www.rivera.gub.uy\/portal\/wp-content\/uploads\/2017\/05\/DSC_0801-263x188.jpg 263w, https:\/\/www.rivera.gub.uy\/portal\/wp-content\/uploads\/2017\/05\/DSC_0801-132x94.jpg 132w, https:\/\/www.rivera.gub.uy\/portal\/wp-content\/uploads\/2017\/05\/DSC_0801-768x549.jpg 768w, https:\/\/www.rivera.gub.uy\/portal\/wp-content\/uploads\/2017\/05\/DSC_0801-876x626.jpg 876w, https:\/\/www.rivera.gub.uy\/portal\/wp-content\/uploads\/2017\/05\/DSC_0801-820x586.jpg 820w\" sizes=\"auto, (max-width: 263px) 100vw, 263px\" \/><\/a>\n\t\t\t<\/div><\/figure><figure class='gallery-item'>\n\t\t\t<div class='gallery-icon landscape'>\n\t\t\t\t<a href='https:\/\/www.rivera.gub.uy\/portal\/visita-de-obras-y-acto-patrio-en-vichadero\/dsc_0833\/'><img loading=\"lazy\" decoding=\"async\" width=\"263\" height=\"188\" src=\"https:\/\/www.rivera.gub.uy\/portal\/wp-content\/uploads\/2017\/05\/DSC_0833-263x188.jpg\" class=\"attachment-medium size-medium\" alt=\"\" srcset=\"https:\/\/www.rivera.gub.uy\/portal\/wp-content\/uploads\/2017\/05\/DSC_0833-263x188.jpg 263w, https:\/\/www.rivera.gub.uy\/portal\/wp-content\/uploads\/2017\/05\/DSC_0833-132x94.jpg 132w, https:\/\/www.rivera.gub.uy\/portal\/wp-content\/uploads\/2017\/05\/DSC_0833-768x549.jpg 768w, https:\/\/www.rivera.gub.uy\/portal\/wp-content\/uploads\/2017\/05\/DSC_0833-876x626.jpg 876w, https:\/\/www.rivera.gub.uy\/portal\/wp-content\/uploads\/2017\/05\/DSC_0833-820x586.jpg 820w\" sizes=\"auto, (max-width: 263px) 100vw, 263px\" \/><\/a>\n\t\t\t<\/div><\/figure>\n\t\t<\/div>\n\n","protected":false},"excerpt":{"rendered":"<p>En la ma\u00f1ana del d\u00eda 18 de mayo el Sr. Intendente Departamental Dr. Marne Osorio Lima acompa\u00f1ado por su equipo de gobierno se traslad\u00f3 hasta Villa Vichadero para cumplir con las actividades protocolares (acto patrio y desfile c\u00edvico-militar) en el marco de la celebraci\u00f3n por los 206 a\u00f1os de la Batalla de Las Piedras y [&hellip;]<\/p>\n","protected":false},"author":5,"featured_media":1751,"comment_status":"open","ping_status":"open","sticky":false,"template":"","format":"standard","meta":{"footnotes":""},"categories":[21,1],"tags":[],"class_list":["post-1750","post","type-post","status-publish","format-standard","has-post-thumbnail","hentry","category-municipios","category-novedades"],"_links":{"self":[{"href":"https:\/\/www.rivera.gub.uy\/portal\/wp-json\/wp\/v2\/posts\/1750","targetHints":{"allow":["GET"]}}],"collection":[{"href":"https:\/\/www.rivera.gub.uy\/portal\/wp-json\/wp\/v2\/posts"}],"about":[{"href":"https:\/\/www.rivera.gub.uy\/portal\/wp-json\/wp\/v2\/types\/post"}],"author":[{"embeddable":true,"href":"https:\/\/www.rivera.gub.uy\/portal\/wp-json\/wp\/v2\/users\/5"}],"replies":[{"embeddable":true,"href":"https:\/\/www.rivera.gub.uy\/portal\/wp-json\/wp\/v2\/comments?post=1750"}],"version-history":[{"count":1,"href":"https:\/\/www.rivera.gub.uy\/portal\/wp-json\/wp\/v2\/posts\/1750\/revisions"}],"predecessor-version":[{"id":1762,"href":"https:\/\/www.rivera.gub.uy\/portal\/wp-json\/wp\/v2\/posts\/1750\/revisions\/1762"}],"wp:featuredmedia":[{"embeddable":true,"href":"https:\/\/www.rivera.gub.uy\/portal\/wp-json\/wp\/v2\/media\/1751"}],"wp:attachment":[{"href":"https:\/\/www.rivera.gub.uy\/portal\/wp-json\/wp\/v2\/media?parent=1750"}],"wp:term":[{"taxonomy":"category","embeddable":true,"href":"https:\/\/www.rivera.gub.uy\/portal\/wp-json\/wp\/v2\/categories?post=1750"},{"taxonomy":"post_tag","embeddable":true,"href":"https:\/\/www.rivera.gub.uy\/portal\/wp-json\/wp\/v2\/tags?post=1750"}],"curies":[{"name":"wp","href":"https:\/\/api.w.org\/{rel}","templated":true}]}}