{"id":17996,"date":"2019-08-26T18:04:02","date_gmt":"2019-08-26T21:04:02","guid":{"rendered":"https:\/\/www.rivera.gub.uy\/portal\/?p=17996"},"modified":"2020-03-18T10:12:35","modified_gmt":"2020-03-18T13:12:35","slug":"los-riverenses-cuentan-casa-del-adulto-mayor","status":"publish","type":"post","link":"https:\/\/www.rivera.gub.uy\/portal\/los-riverenses-cuentan-casa-del-adulto-mayor\/","title":{"rendered":"Los riverenses cuentan&#8230; Casa del Adulto Mayor"},"content":{"rendered":"<p>La Casa del Adulto Mayor es un espacio recreativo y tambi\u00e9n de aprendizaje para todos.<\/p>\n<p>Milca Alc\u00e1ntara, es una de muchos adultos que concurren all\u00ed, en busca de entretenimiento, amistades y compa\u00f1\u00eda.<\/p>\n<p>La Casa del Adulto Mayor de Rivera, est\u00e1 ubicada en Bvrd. Pte. Viera, entre Av. Sarand\u00ed y calle Agraciada.<\/p>\n<p>&nbsp;<\/p>\n<p><!--more--><\/p>\n<p>&nbsp;<\/p>\n<p><iframe loading=\"lazy\" title=\"Los riverenses cuentan... Casa del Adulto Mayor\" width=\"1160\" height=\"653\" src=\"https:\/\/www.youtube.com\/embed\/Ta22NFSLC0w?feature=oembed\" frameborder=\"0\" allow=\"accelerometer; autoplay; encrypted-media; gyroscope; picture-in-picture\" allowfullscreen><\/iframe><\/p>\n","protected":false},"excerpt":{"rendered":"<p>La Casa del Adulto Mayor es un espacio recreativo y tambi\u00e9n de aprendizaje para todos. Milca Alc\u00e1ntara, es una de muchos adultos que concurren all\u00ed, en busca de entretenimiento, amistades y compa\u00f1\u00eda. La Casa del Adulto Mayor de Rivera, est\u00e1 ubicada en Bvrd. Pte. Viera, entre Av. Sarand\u00ed y calle Agraciada. &nbsp;<\/p>\n","protected":false},"author":7,"featured_media":17997,"comment_status":"open","ping_status":"open","sticky":false,"template":"","format":"standard","meta":{"footnotes":""},"categories":[3,1],"tags":[1008,36,407,33],"class_list":["post-17996","post","type-post","status-publish","format-standard","has-post-thumbnail","hentry","category-multimedia","category-novedades","tag-casa-del-adulto-mayor","tag-intendencia","tag-los-riverenses-cuentan","tag-rivera"],"_links":{"self":[{"href":"https:\/\/www.rivera.gub.uy\/portal\/wp-json\/wp\/v2\/posts\/17996","targetHints":{"allow":["GET"]}}],"collection":[{"href":"https:\/\/www.rivera.gub.uy\/portal\/wp-json\/wp\/v2\/posts"}],"about":[{"href":"https:\/\/www.rivera.gub.uy\/portal\/wp-json\/wp\/v2\/types\/post"}],"author":[{"embeddable":true,"href":"https:\/\/www.rivera.gub.uy\/portal\/wp-json\/wp\/v2\/users\/7"}],"replies":[{"embeddable":true,"href":"https:\/\/www.rivera.gub.uy\/portal\/wp-json\/wp\/v2\/comments?post=17996"}],"version-history":[{"count":2,"href":"https:\/\/www.rivera.gub.uy\/portal\/wp-json\/wp\/v2\/posts\/17996\/revisions"}],"predecessor-version":[{"id":18028,"href":"https:\/\/www.rivera.gub.uy\/portal\/wp-json\/wp\/v2\/posts\/17996\/revisions\/18028"}],"wp:featuredmedia":[{"embeddable":true,"href":"https:\/\/www.rivera.gub.uy\/portal\/wp-json\/wp\/v2\/media\/17997"}],"wp:attachment":[{"href":"https:\/\/www.rivera.gub.uy\/portal\/wp-json\/wp\/v2\/media?parent=17996"}],"wp:term":[{"taxonomy":"category","embeddable":true,"href":"https:\/\/www.rivera.gub.uy\/portal\/wp-json\/wp\/v2\/categories?post=17996"},{"taxonomy":"post_tag","embeddable":true,"href":"https:\/\/www.rivera.gub.uy\/portal\/wp-json\/wp\/v2\/tags?post=17996"}],"curies":[{"name":"wp","href":"https:\/\/api.w.org\/{rel}","templated":true}]}}