{"id":1910,"date":"2017-06-04T22:40:48","date_gmt":"2017-06-04T22:40:48","guid":{"rendered":"http:\/\/www.rivera.gub.uy\/portal\/?p=1910"},"modified":"2018-02-02T10:53:10","modified_gmt":"2018-02-02T12:53:10","slug":"cuidemos-la-camineria-rural","status":"publish","type":"post","link":"https:\/\/www.rivera.gub.uy\/portal\/cuidemos-la-camineria-rural\/","title":{"rendered":"Cuidemos la caminer\u00eda Rural"},"content":{"rendered":"<p>Aparte del mantenimiento, la Intendencia departamental se adhiere a la promoci\u00f3n del cuidado de la Caminer\u00eda \u00a0Rural.<\/p>\n<p><iframe loading=\"lazy\" width=\"1160\" height=\"653\" src=\"https:\/\/www.youtube.com\/embed\/sOiGc-6w-mU?feature=oembed\" frameborder=\"0\" allow=\"autoplay; encrypted-media\" allowfullscreen><\/iframe><\/p>\n","protected":false},"excerpt":{"rendered":"<p>Aparte del mantenimiento, la Intendencia departamental se adhiere a la promoci\u00f3n del cuidado de la Caminer\u00eda \u00a0Rural.<\/p>\n","protected":false},"author":7,"featured_media":4291,"comment_status":"open","ping_status":"open","sticky":false,"template":"","format":"standard","meta":{"footnotes":""},"categories":[5,3,21,1,18],"tags":[405,36,33],"class_list":["post-1910","post","type-post","status-publish","format-standard","has-post-thumbnail","hentry","category-movilidad-urbana","category-multimedia","category-municipios","category-novedades","category-participacion","tag-camineria-rural","tag-intendencia","tag-rivera"],"_links":{"self":[{"href":"https:\/\/www.rivera.gub.uy\/portal\/wp-json\/wp\/v2\/posts\/1910","targetHints":{"allow":["GET"]}}],"collection":[{"href":"https:\/\/www.rivera.gub.uy\/portal\/wp-json\/wp\/v2\/posts"}],"about":[{"href":"https:\/\/www.rivera.gub.uy\/portal\/wp-json\/wp\/v2\/types\/post"}],"author":[{"embeddable":true,"href":"https:\/\/www.rivera.gub.uy\/portal\/wp-json\/wp\/v2\/users\/7"}],"replies":[{"embeddable":true,"href":"https:\/\/www.rivera.gub.uy\/portal\/wp-json\/wp\/v2\/comments?post=1910"}],"version-history":[{"count":4,"href":"https:\/\/www.rivera.gub.uy\/portal\/wp-json\/wp\/v2\/posts\/1910\/revisions"}],"predecessor-version":[{"id":4290,"href":"https:\/\/www.rivera.gub.uy\/portal\/wp-json\/wp\/v2\/posts\/1910\/revisions\/4290"}],"wp:featuredmedia":[{"embeddable":true,"href":"https:\/\/www.rivera.gub.uy\/portal\/wp-json\/wp\/v2\/media\/4291"}],"wp:attachment":[{"href":"https:\/\/www.rivera.gub.uy\/portal\/wp-json\/wp\/v2\/media?parent=1910"}],"wp:term":[{"taxonomy":"category","embeddable":true,"href":"https:\/\/www.rivera.gub.uy\/portal\/wp-json\/wp\/v2\/categories?post=1910"},{"taxonomy":"post_tag","embeddable":true,"href":"https:\/\/www.rivera.gub.uy\/portal\/wp-json\/wp\/v2\/tags?post=1910"}],"curies":[{"name":"wp","href":"https:\/\/api.w.org\/{rel}","templated":true}]}}