{"id":1917,"date":"2017-06-05T12:01:43","date_gmt":"2017-06-05T12:01:43","guid":{"rendered":"http:\/\/www.rivera.gub.uy\/portal\/?p=1917"},"modified":"2017-07-07T12:57:08","modified_gmt":"2017-07-07T12:57:08","slug":"intendente-interino-recorre-obras-en-ejecucion","status":"publish","type":"post","link":"https:\/\/www.rivera.gub.uy\/portal\/intendente-interino-recorre-obras-en-ejecucion\/","title":{"rendered":"Intendente interino recorre obras en ejecuci\u00f3n"},"content":{"rendered":"<p>En la ma\u00f1ana del d\u00eda 02 de junio el intendente (Int), Cr. Richard Sander, recorri\u00f3 obras en nuestra ciudad.<br \/>\nLuego del recorrido en el interior del departamento, Tranqueras y Minas de Corrales el d\u00eda 31 de mayo, procedi\u00f3 a hacer lo mismo en la ciudad de Rivera.<br \/>\nEstuvo presente junto a parte de su equipo de gobierno visitando los trabajos en ejecuci\u00f3n en el barrio Rivera Chico<br \/>\n\u201cSalimos a recorrer obras que est\u00e1n quedando prontas en este barrio tan populoso de l<\/p>\n<p>a ciudad que est\u00e1n casi prontas y que quedan inauguradas por s\u00ed solas, porque a medida que se les coloca las carpetas asf\u00e1lticas la gente empieza a circular\u201d, inform\u00f3 Sander. La oportunidad fue propicia para la conversaci\u00f3n mano a mano con vecinos que se acercaron para demostrar su satisfacci\u00f3n y benepl\u00e1cito por la intervenci\u00f3n realizada en las arterias del barrio, obra tan anheladamente esperada. La gira de visitas de obras seguir\u00e1 este pr\u00f3ximo martes 6 de junio por la localidad de Vichadero.<\/p>\n<p>&nbsp;<\/p>\n<div id='gallery-1' class='gallery galleryid-1917 gallery-columns-6 gallery-size-thumbnail'><figure class='gallery-item'>\n\t\t\t<div class='gallery-icon landscape'>\n\t\t\t\t<a href='https:\/\/www.rivera.gub.uy\/portal\/wp-content\/uploads\/2017\/06\/3-2.jpg'><img loading=\"lazy\" decoding=\"async\" width=\"141\" height=\"94\" src=\"https:\/\/www.rivera.gub.uy\/portal\/wp-content\/uploads\/2017\/06\/3-2-141x94.jpg\" class=\"attachment-thumbnail size-thumbnail\" alt=\"\" srcset=\"https:\/\/www.rivera.gub.uy\/portal\/wp-content\/uploads\/2017\/06\/3-2-141x94.jpg 141w, https:\/\/www.rivera.gub.uy\/portal\/wp-content\/uploads\/2017\/06\/3-2-281x188.jpg 281w, https:\/\/www.rivera.gub.uy\/portal\/wp-content\/uploads\/2017\/06\/3-2-768x514.jpg 768w, https:\/\/www.rivera.gub.uy\/portal\/wp-content\/uploads\/2017\/06\/3-2-936x626.jpg 936w, https:\/\/www.rivera.gub.uy\/portal\/wp-content\/uploads\/2017\/06\/3-2-600x400.jpg 600w, https:\/\/www.rivera.gub.uy\/portal\/wp-content\/uploads\/2017\/06\/3-2-820x548.jpg 820w, https:\/\/www.rivera.gub.uy\/portal\/wp-content\/uploads\/2017\/06\/3-2-272x182.jpg 272w, https:\/\/www.rivera.gub.uy\/portal\/wp-content\/uploads\/2017\/06\/3-2.jpg 960w\" sizes=\"auto, (max-width: 141px) 100vw, 141px\" \/><\/a>\n\t\t\t<\/div><\/figure><figure class='gallery-item'>\n\t\t\t<div class='gallery-icon landscape'>\n\t\t\t\t<a href='https:\/\/www.rivera.gub.uy\/portal\/wp-content\/uploads\/2017\/06\/4.jpg'><img loading=\"lazy\" decoding=\"async\" width=\"141\" height=\"94\" src=\"https:\/\/www.rivera.gub.uy\/portal\/wp-content\/uploads\/2017\/06\/4-141x94.jpg\" class=\"attachment-thumbnail size-thumbnail\" alt=\"\" srcset=\"https:\/\/www.rivera.gub.uy\/portal\/wp-content\/uploads\/2017\/06\/4-141x94.jpg 141w, https:\/\/www.rivera.gub.uy\/portal\/wp-content\/uploads\/2017\/06\/4-281x188.jpg 281w, https:\/\/www.rivera.gub.uy\/portal\/wp-content\/uploads\/2017\/06\/4-768x514.jpg 768w, https:\/\/www.rivera.gub.uy\/portal\/wp-content\/uploads\/2017\/06\/4-936x626.jpg 936w, https:\/\/www.rivera.gub.uy\/portal\/wp-content\/uploads\/2017\/06\/4-600x400.jpg 600w, https:\/\/www.rivera.gub.uy\/portal\/wp-content\/uploads\/2017\/06\/4-820x548.jpg 820w, https:\/\/www.rivera.gub.uy\/portal\/wp-content\/uploads\/2017\/06\/4-272x182.jpg 272w, https:\/\/www.rivera.gub.uy\/portal\/wp-content\/uploads\/2017\/06\/4.jpg 960w\" sizes=\"auto, (max-width: 141px) 100vw, 141px\" \/><\/a>\n\t\t\t<\/div><\/figure>\n\t\t<\/div>\n\n<p>&nbsp;<\/p>\n","protected":false},"excerpt":{"rendered":"<p>En la ma\u00f1ana del d\u00eda 02 de junio el intendente (Int), Cr. Richard Sander, recorri\u00f3 obras en nuestra ciudad. Luego del recorrido en el interior del departamento, Tranqueras y Minas de Corrales el d\u00eda 31 de mayo, procedi\u00f3 a hacer lo mismo en la ciudad de Rivera. Estuvo presente junto a parte de su equipo [&hellip;]<\/p>\n","protected":false},"author":7,"featured_media":1931,"comment_status":"open","ping_status":"open","sticky":false,"template":"","format":"standard","meta":{"footnotes":""},"categories":[1],"tags":[],"class_list":["post-1917","post","type-post","status-publish","format-standard","has-post-thumbnail","hentry","category-novedades"],"_links":{"self":[{"href":"https:\/\/www.rivera.gub.uy\/portal\/wp-json\/wp\/v2\/posts\/1917","targetHints":{"allow":["GET"]}}],"collection":[{"href":"https:\/\/www.rivera.gub.uy\/portal\/wp-json\/wp\/v2\/posts"}],"about":[{"href":"https:\/\/www.rivera.gub.uy\/portal\/wp-json\/wp\/v2\/types\/post"}],"author":[{"embeddable":true,"href":"https:\/\/www.rivera.gub.uy\/portal\/wp-json\/wp\/v2\/users\/7"}],"replies":[{"embeddable":true,"href":"https:\/\/www.rivera.gub.uy\/portal\/wp-json\/wp\/v2\/comments?post=1917"}],"version-history":[{"count":4,"href":"https:\/\/www.rivera.gub.uy\/portal\/wp-json\/wp\/v2\/posts\/1917\/revisions"}],"predecessor-version":[{"id":1932,"href":"https:\/\/www.rivera.gub.uy\/portal\/wp-json\/wp\/v2\/posts\/1917\/revisions\/1932"}],"wp:featuredmedia":[{"embeddable":true,"href":"https:\/\/www.rivera.gub.uy\/portal\/wp-json\/wp\/v2\/media\/1931"}],"wp:attachment":[{"href":"https:\/\/www.rivera.gub.uy\/portal\/wp-json\/wp\/v2\/media?parent=1917"}],"wp:term":[{"taxonomy":"category","embeddable":true,"href":"https:\/\/www.rivera.gub.uy\/portal\/wp-json\/wp\/v2\/categories?post=1917"},{"taxonomy":"post_tag","embeddable":true,"href":"https:\/\/www.rivera.gub.uy\/portal\/wp-json\/wp\/v2\/tags?post=1917"}],"curies":[{"name":"wp","href":"https:\/\/api.w.org\/{rel}","templated":true}]}}