{"id":19644,"date":"2019-11-19T19:47:42","date_gmt":"2019-11-19T22:47:42","guid":{"rendered":"https:\/\/www.rivera.gub.uy\/portal\/?p=19644"},"modified":"2019-11-19T19:47:42","modified_gmt":"2019-11-19T22:47:42","slug":"los-parques-tecnologicos-a-largo-plazo-ayudan-al-desarrollo-economico-de-la-region","status":"publish","type":"post","link":"https:\/\/www.rivera.gub.uy\/portal\/los-parques-tecnologicos-a-largo-plazo-ayudan-al-desarrollo-economico-de-la-region\/","title":{"rendered":"Los Parques Tecnol\u00f3gicos a largo plazo ayudan al desarrollo econ\u00f3mico de la regi\u00f3n"},"content":{"rendered":"<p>El secretario General de la Intendencia Departamental de Rivera, Arq. Jos\u00e9 Mazzoni, inform\u00f3 sobre su misi\u00f3n oficial a Corea, donde visit\u00f3 ciudades (Daejeon, Jeonju y Seoul) que desarrollan importantes procesos de mejora, productividad y desarrollo econ\u00f3mico; referido a la conformaci\u00f3n del Parque Tecnol\u00f3gico en Rivera.<!--more--><\/p>\n<p>Mazzoni resalt\u00f3 que es un proyecto que ya se ven\u00eda trabajando con el ex-intendente Dr. Marne Osorio Lima y lo contin\u00faa el equipo de gobierno de la IDR; como una herramienta para desarrollar la regi\u00f3n norte del Pa\u00eds \u201ca veces tan postergada\u201d.<\/p>\n<p>&nbsp;<\/p>\n\r\n\t<div class=\"msacwl-slider-wrap msacwl-row-clearfix \" data-conf=\"{&quot;autoplay&quot;:&quot;true&quot;,&quot;autoplay_speed&quot;:3000,&quot;speed&quot;:300,&quot;arrows&quot;:&quot;true&quot;,&quot;dots&quot;:&quot;true&quot;,&quot;lazyload&quot;:&quot;&quot;}\">\r\n\t\t<div id=\"msacwl-slider-1\" class=\"msacwl-slider msacwl-common-slider msacwl-slider-popup\">\r\n\t\t\t\t\t\t<div class=\"msacwl-slide\" data-item-index=\"1\" >\r\n\t\t\t\t<a class=\"msacwl-img-link\" href=\"javascript:void(0);\" data-mfp-src=\"https:\/\/www.rivera.gub.uy\/portal\/wp-content\/uploads\/2019\/11\/WhatsApp-Image-2019-11-19-at-11.28.04-2.jpeg\">\r\n\t\t\t\t\t<img decoding=\"async\" class=\"msacwl-img\" src=\"https:\/\/www.rivera.gub.uy\/portal\/wp-content\/uploads\/2019\/11\/WhatsApp-Image-2019-11-19-at-11.28.04-2.jpeg\"  data-title=\"\" alt=\"\" \/>\r\n\t\t\t\t<\/a>\r\n\t\t\t\t\t\t\t\t\t<div class=\"msacwl-gallery-caption\">\r\n\t\t\t\t\t\t\t\t\t\t\t\t\t<span class=\"image_title\"><\/span>\r\n\t\t\t\t\t\t\t\t\t\t\t\t\t<span><\/span>\r\n\t\t\t\t\t\t \t\t\t\t\t<\/div>\r\n\t\t\t\t\t\t\t<\/div>\r\n\t\t\t\t\t\t<div class=\"msacwl-slide\" data-item-index=\"2\" >\r\n\t\t\t\t<a class=\"msacwl-img-link\" href=\"javascript:void(0);\" data-mfp-src=\"https:\/\/www.rivera.gub.uy\/portal\/wp-content\/uploads\/2019\/11\/WhatsApp-Image-2019-11-19-at-11.28.04-3.jpeg\">\r\n\t\t\t\t\t<img decoding=\"async\" class=\"msacwl-img\" src=\"https:\/\/www.rivera.gub.uy\/portal\/wp-content\/uploads\/2019\/11\/WhatsApp-Image-2019-11-19-at-11.28.04-3.jpeg\"  data-title=\"\" alt=\"\" \/>\r\n\t\t\t\t<\/a>\r\n\t\t\t\t\t\t\t\t\t<div class=\"msacwl-gallery-caption\">\r\n\t\t\t\t\t\t\t\t\t\t\t\t\t<span class=\"image_title\"><\/span>\r\n\t\t\t\t\t\t\t\t\t\t\t\t\t<span><\/span>\r\n\t\t\t\t\t\t \t\t\t\t\t<\/div>\r\n\t\t\t\t\t\t\t<\/div>\r\n\t\t\t\t\t\t<div class=\"msacwl-slide\" data-item-index=\"3\" >\r\n\t\t\t\t<a class=\"msacwl-img-link\" href=\"javascript:void(0);\" data-mfp-src=\"https:\/\/www.rivera.gub.uy\/portal\/wp-content\/uploads\/2019\/11\/WhatsApp-Image-2019-11-19-at-11.28.04-4.jpeg\">\r\n\t\t\t\t\t<img decoding=\"async\" class=\"msacwl-img\" src=\"https:\/\/www.rivera.gub.uy\/portal\/wp-content\/uploads\/2019\/11\/WhatsApp-Image-2019-11-19-at-11.28.04-4.jpeg\"  data-title=\"\" alt=\"\" \/>\r\n\t\t\t\t<\/a>\r\n\t\t\t\t\t\t\t\t\t<div class=\"msacwl-gallery-caption\">\r\n\t\t\t\t\t\t\t\t\t\t\t\t\t<span class=\"image_title\"><\/span>\r\n\t\t\t\t\t\t\t\t\t\t\t\t\t<span><\/span>\r\n\t\t\t\t\t\t \t\t\t\t\t<\/div>\r\n\t\t\t\t\t\t\t<\/div>\r\n\t\t\t\t\t\t<div class=\"msacwl-slide\" data-item-index=\"4\" >\r\n\t\t\t\t<a class=\"msacwl-img-link\" href=\"javascript:void(0);\" data-mfp-src=\"https:\/\/www.rivera.gub.uy\/portal\/wp-content\/uploads\/2019\/11\/WhatsApp-Image-2019-11-19-at-11.28.04-5.jpeg\">\r\n\t\t\t\t\t<img decoding=\"async\" class=\"msacwl-img\" src=\"https:\/\/www.rivera.gub.uy\/portal\/wp-content\/uploads\/2019\/11\/WhatsApp-Image-2019-11-19-at-11.28.04-5.jpeg\"  data-title=\"\" alt=\"\" \/>\r\n\t\t\t\t<\/a>\r\n\t\t\t\t\t\t\t\t\t<div class=\"msacwl-gallery-caption\">\r\n\t\t\t\t\t\t\t\t\t\t\t\t\t<span class=\"image_title\"><\/span>\r\n\t\t\t\t\t\t\t\t\t\t\t\t\t<span><\/span>\r\n\t\t\t\t\t\t \t\t\t\t\t<\/div>\r\n\t\t\t\t\t\t\t<\/div>\r\n\t\t\t\t\t\t<div class=\"msacwl-slide\" data-item-index=\"5\" >\r\n\t\t\t\t<a class=\"msacwl-img-link\" href=\"javascript:void(0);\" data-mfp-src=\"https:\/\/www.rivera.gub.uy\/portal\/wp-content\/uploads\/2019\/11\/WhatsApp-Image-2019-11-19-at-11.28.04.jpeg\">\r\n\t\t\t\t\t<img decoding=\"async\" class=\"msacwl-img\" src=\"https:\/\/www.rivera.gub.uy\/portal\/wp-content\/uploads\/2019\/11\/WhatsApp-Image-2019-11-19-at-11.28.04.jpeg\"  data-title=\"\" alt=\"\" \/>\r\n\t\t\t\t<\/a>\r\n\t\t\t\t\t\t\t\t\t<div class=\"msacwl-gallery-caption\">\r\n\t\t\t\t\t\t\t\t\t\t\t\t\t<span class=\"image_title\"><\/span>\r\n\t\t\t\t\t\t\t\t\t\t\t\t\t<span><\/span>\r\n\t\t\t\t\t\t \t\t\t\t\t<\/div>\r\n\t\t\t\t\t\t\t<\/div>\r\n\t\t\t\t\t<\/div>\r\n\t<\/div>\r\n\r\n\t\n<p>&nbsp;<\/p>\n<p>La delegaci\u00f3n de Uruguay con representantes de Rivera y el gobierno Nacional, viajaron con el objetivo de visualizar los cambios a largo plazo de los Parques tecnol\u00f3gicos: \u201cvisitamos lugares donde ya se hab\u00edan desarrollado procesos, adem\u00e1s instancias de trabajo con los consultores coreanos __especialistas en el tema__ quienes ya estuvieron en Rivera.<\/p>\n<p>\u201cMuy auspiciosa la visita\u201d destac\u00f3 Mazzoni, ahora esperan la visita en diciembre para hacer un cierre final del informe; cuales son las posibilidades reales y que opinan del \u201cSue\u00f1o de los riverenses\u201d<\/p>\n<p>Los pasos a seguir ser\u00e1n entre el gobierno Nacional y Departamental; el secretario General de la IDR, resalta la importancia de los dos actores tomando como referencia a Corea, \u201cel proceso en Corea, se implement\u00f3 entre el gobierno Nacional y los gobiernos regionales, como herramienta fundamental para el desarrollo de las regiones\u201d.<\/p>\n<p>&nbsp;<\/p>\n<p><iframe loading=\"lazy\" title=\"Los Parques Tecnol\u00f3gicos a largo plazo ayudan al desarrollo econ\u00f3mico de la regi\u00f3n\" width=\"1160\" height=\"653\" src=\"https:\/\/www.youtube.com\/embed\/sXqkRJssu4c?feature=oembed\" frameborder=\"0\" allow=\"accelerometer; autoplay; encrypted-media; gyroscope; picture-in-picture\" allowfullscreen><\/iframe><\/p>\n<p>&nbsp;<\/p>\n<p><iframe loading=\"lazy\" title=\"Visita Corea. by Registros Gr\u00e1ficos IDR\" width=\"1160\" height=\"400\" scrolling=\"no\" frameborder=\"no\" src=\"https:\/\/w.soundcloud.com\/player\/?visual=true&#038;url=https%3A%2F%2Fapi.soundcloud.com%2Ftracks%2F715427071&#038;show_artwork=true&#038;maxwidth=1160&#038;maxheight=1000&#038;dnt=1\"><\/iframe><\/p>\n","protected":false},"excerpt":{"rendered":"<p>El secretario General de la Intendencia Departamental de Rivera, Arq. Jos\u00e9 Mazzoni, inform\u00f3 sobre su misi\u00f3n oficial a Corea, donde visit\u00f3 ciudades (Daejeon, Jeonju y Seoul) que desarrollan importantes procesos de mejora, productividad y desarrollo econ\u00f3mico; referido a la conformaci\u00f3n del Parque Tecnol\u00f3gico en Rivera.<\/p>\n","protected":false},"author":7,"featured_media":19645,"comment_status":"open","ping_status":"open","sticky":false,"template":"","format":"standard","meta":{"footnotes":""},"categories":[3,1],"tags":[1035,36,45,33],"class_list":["post-19644","post","type-post","status-publish","format-standard","has-post-thumbnail","hentry","category-multimedia","category-novedades","tag-corea","tag-intendencia","tag-intendente","tag-rivera"],"_links":{"self":[{"href":"https:\/\/www.rivera.gub.uy\/portal\/wp-json\/wp\/v2\/posts\/19644","targetHints":{"allow":["GET"]}}],"collection":[{"href":"https:\/\/www.rivera.gub.uy\/portal\/wp-json\/wp\/v2\/posts"}],"about":[{"href":"https:\/\/www.rivera.gub.uy\/portal\/wp-json\/wp\/v2\/types\/post"}],"author":[{"embeddable":true,"href":"https:\/\/www.rivera.gub.uy\/portal\/wp-json\/wp\/v2\/users\/7"}],"replies":[{"embeddable":true,"href":"https:\/\/www.rivera.gub.uy\/portal\/wp-json\/wp\/v2\/comments?post=19644"}],"version-history":[{"count":1,"href":"https:\/\/www.rivera.gub.uy\/portal\/wp-json\/wp\/v2\/posts\/19644\/revisions"}],"predecessor-version":[{"id":19650,"href":"https:\/\/www.rivera.gub.uy\/portal\/wp-json\/wp\/v2\/posts\/19644\/revisions\/19650"}],"wp:featuredmedia":[{"embeddable":true,"href":"https:\/\/www.rivera.gub.uy\/portal\/wp-json\/wp\/v2\/media\/19645"}],"wp:attachment":[{"href":"https:\/\/www.rivera.gub.uy\/portal\/wp-json\/wp\/v2\/media?parent=19644"}],"wp:term":[{"taxonomy":"category","embeddable":true,"href":"https:\/\/www.rivera.gub.uy\/portal\/wp-json\/wp\/v2\/categories?post=19644"},{"taxonomy":"post_tag","embeddable":true,"href":"https:\/\/www.rivera.gub.uy\/portal\/wp-json\/wp\/v2\/tags?post=19644"}],"curies":[{"name":"wp","href":"https:\/\/api.w.org\/{rel}","templated":true}]}}