{"id":197,"date":"2016-09-03T16:27:52","date_gmt":"2016-09-03T19:27:52","guid":{"rendered":"http:\/\/c0010014.ferozo.com\/?p=197"},"modified":"2018-06-28T11:10:24","modified_gmt":"2018-06-28T14:10:24","slug":"calendario-de-levantes-extraordinarios-2","status":"publish","type":"post","link":"https:\/\/www.rivera.gub.uy\/portal\/calendario-de-levantes-extraordinarios-2\/","title":{"rendered":"Calendario de levantes extraordinarios"},"content":{"rendered":"<p>La Direcci\u00f3n General de Desarrollo y Medio Ambiente a trav\u00e9s de la Divisi\u00f3n Higiene comunica el levante de residuos extraordinarios por calendario seg\u00fan se detalla:<\/p>\n<ul>\n<li>Mi\u00e9rcoles 07 de Setiembre &#8211; Zona 4 \u2013 Damero comprendido entre calles; Hermanos Trapani, Jap\u00f3n, Bernab\u00e9 Rivera, Vitalina Modernel, Monse\u00f1or Vera, Sim\u00f3n del Pino, Chasques de los Santos y Manuel Freire.<\/li>\n<li>Viernes 09 de Setiembre &#8211; Zona 5 &#8211; Damero comprendido por las calles Ventura Piriz, Fructuoso Rivera, Artigas y V\u00eda F\u00e9rrea.<br \/>\nZona 1; Todos los d\u00edas s\u00e1bados &#8211; Damero comprendido por las calles Presidente Viera, Fern\u00e1ndez Crespo, L\u00ednea Divisoria y Fructuoso Rivera.<\/li>\n<\/ul>\n","protected":false},"excerpt":{"rendered":"<p>La Direcci\u00f3n General de Desarrollo y Medio Ambiente a trav\u00e9s de la Divisi\u00f3n Higiene comunica el levante de residuos extraordinarios por calendario seg\u00fan se detalla: Mi\u00e9rcoles 07 de Setiembre &#8211; Zona 4 \u2013 Damero comprendido entre calles; Hermanos Trapani, Jap\u00f3n, Bernab\u00e9 Rivera, Vitalina Modernel, Monse\u00f1or Vera, Sim\u00f3n del Pino, Chasques de los Santos y Manuel [&hellip;]<\/p>\n","protected":false},"author":1,"featured_media":61,"comment_status":"open","ping_status":"open","sticky":false,"template":"","format":"standard","meta":{"footnotes":""},"categories":[1],"tags":[703,380,199,702],"class_list":["post-197","post","type-post","status-publish","format-standard","has-post-thumbnail","hentry","category-novedades","tag-calendario-de-levantes","tag-dgdma","tag-higiene","tag-residuos-extraordinarios"],"_links":{"self":[{"href":"https:\/\/www.rivera.gub.uy\/portal\/wp-json\/wp\/v2\/posts\/197","targetHints":{"allow":["GET"]}}],"collection":[{"href":"https:\/\/www.rivera.gub.uy\/portal\/wp-json\/wp\/v2\/posts"}],"about":[{"href":"https:\/\/www.rivera.gub.uy\/portal\/wp-json\/wp\/v2\/types\/post"}],"author":[{"embeddable":true,"href":"https:\/\/www.rivera.gub.uy\/portal\/wp-json\/wp\/v2\/users\/1"}],"replies":[{"embeddable":true,"href":"https:\/\/www.rivera.gub.uy\/portal\/wp-json\/wp\/v2\/comments?post=197"}],"version-history":[{"count":1,"href":"https:\/\/www.rivera.gub.uy\/portal\/wp-json\/wp\/v2\/posts\/197\/revisions"}],"predecessor-version":[{"id":6293,"href":"https:\/\/www.rivera.gub.uy\/portal\/wp-json\/wp\/v2\/posts\/197\/revisions\/6293"}],"wp:featuredmedia":[{"embeddable":true,"href":"https:\/\/www.rivera.gub.uy\/portal\/wp-json\/"}],"wp:attachment":[{"href":"https:\/\/www.rivera.gub.uy\/portal\/wp-json\/wp\/v2\/media?parent=197"}],"wp:term":[{"taxonomy":"category","embeddable":true,"href":"https:\/\/www.rivera.gub.uy\/portal\/wp-json\/wp\/v2\/categories?post=197"},{"taxonomy":"post_tag","embeddable":true,"href":"https:\/\/www.rivera.gub.uy\/portal\/wp-json\/wp\/v2\/tags?post=197"}],"curies":[{"name":"wp","href":"https:\/\/api.w.org\/{rel}","templated":true}]}}