{"id":199,"date":"2016-09-04T16:29:40","date_gmt":"2016-09-04T19:29:40","guid":{"rendered":"http:\/\/c0010014.ferozo.com\/?p=199"},"modified":"2018-06-28T11:08:15","modified_gmt":"2018-06-28T14:08:15","slug":"pulverizacion-y-siembra-directa","status":"publish","type":"post","link":"https:\/\/www.rivera.gub.uy\/portal\/pulverizacion-y-siembra-directa\/","title":{"rendered":"Pulverizaci\u00f3n y siembra directa"},"content":{"rendered":"<p>Se\u00f1ores productores de Cerro Pelado y Moirones interesados en anotarse para la pulverizaci\u00f3n y siembra directa, podr\u00e1n hacerlo hasta el d\u00eda viernes 30 de setiembre, dirigi\u00e9ndose a divisi\u00f3n Desarrollo Rural (1er Subsuelo del Edificio Comunal), llamando al tel\u00e9fono 462 31900 int. 152 o por el correo electr\u00f3nico ofidesrivera@gmail.com.<\/p>\n<p>Este es un comunicado de la Unidad de Desarrollo, Direcci\u00f3n General de Desarrollo y Medio Ambiente.<\/p>\n","protected":false},"excerpt":{"rendered":"<p>Se\u00f1ores productores de Cerro Pelado y Moirones interesados en anotarse para la pulverizaci\u00f3n y siembra directa, podr\u00e1n hacerlo hasta el d\u00eda viernes 30 de setiembre, dirigi\u00e9ndose a divisi\u00f3n Desarrollo Rural (1er Subsuelo del Edificio Comunal), llamando al tel\u00e9fono 462 31900 int. 152 o por el correo electr\u00f3nico ofidesrivera@gmail.com. Este es un comunicado de la Unidad [&hellip;]<\/p>\n","protected":false},"author":1,"featured_media":509,"comment_status":"open","ping_status":"open","sticky":false,"template":"","format":"standard","meta":{"footnotes":""},"categories":[1],"tags":[178,380,114,700,701],"class_list":["post-199","post","type-post","status-publish","format-standard","has-post-thumbnail","hentry","category-novedades","tag-desarrollo-rural","tag-dgdma","tag-idr","tag-pulverizacion","tag-siembra-directa"],"_links":{"self":[{"href":"https:\/\/www.rivera.gub.uy\/portal\/wp-json\/wp\/v2\/posts\/199","targetHints":{"allow":["GET"]}}],"collection":[{"href":"https:\/\/www.rivera.gub.uy\/portal\/wp-json\/wp\/v2\/posts"}],"about":[{"href":"https:\/\/www.rivera.gub.uy\/portal\/wp-json\/wp\/v2\/types\/post"}],"author":[{"embeddable":true,"href":"https:\/\/www.rivera.gub.uy\/portal\/wp-json\/wp\/v2\/users\/1"}],"replies":[{"embeddable":true,"href":"https:\/\/www.rivera.gub.uy\/portal\/wp-json\/wp\/v2\/comments?post=199"}],"version-history":[{"count":1,"href":"https:\/\/www.rivera.gub.uy\/portal\/wp-json\/wp\/v2\/posts\/199\/revisions"}],"predecessor-version":[{"id":523,"href":"https:\/\/www.rivera.gub.uy\/portal\/wp-json\/wp\/v2\/posts\/199\/revisions\/523"}],"wp:featuredmedia":[{"embeddable":true,"href":"https:\/\/www.rivera.gub.uy\/portal\/wp-json\/wp\/v2\/media\/509"}],"wp:attachment":[{"href":"https:\/\/www.rivera.gub.uy\/portal\/wp-json\/wp\/v2\/media?parent=199"}],"wp:term":[{"taxonomy":"category","embeddable":true,"href":"https:\/\/www.rivera.gub.uy\/portal\/wp-json\/wp\/v2\/categories?post=199"},{"taxonomy":"post_tag","embeddable":true,"href":"https:\/\/www.rivera.gub.uy\/portal\/wp-json\/wp\/v2\/tags?post=199"}],"curies":[{"name":"wp","href":"https:\/\/api.w.org\/{rel}","templated":true}]}}