{"id":20035,"date":"2019-11-28T19:27:36","date_gmt":"2019-11-28T22:27:36","guid":{"rendered":"https:\/\/www.rivera.gub.uy\/portal\/?p=20035"},"modified":"2019-11-28T19:27:36","modified_gmt":"2019-11-28T22:27:36","slug":"lanzamiento-de-la-cuarta-edicion-de-rivera-brilla-2019","status":"publish","type":"post","link":"https:\/\/www.rivera.gub.uy\/portal\/lanzamiento-de-la-cuarta-edicion-de-rivera-brilla-2019\/","title":{"rendered":"Lanzamiento de la cuarta edici\u00f3n de \u201cRivera Brilla 2019\u201d"},"content":{"rendered":"<p>\u201cNo es solo decorativo, sino que tiene un componente cultural que busca potenciar los artistas locales\u201d Cr. Giovani Conti<!--more--><\/p>\n<p>En Plaza Artigas, el mi\u00e9rcoles 27 en horas de la tarde, se llev\u00f3 a cabo el Lanzamiento de la 4\u00aa Edici\u00f3n de Rivera Brilla 2019.<\/p>\n<p>El intendente Departamental de Rivera, Cr. Richard Sander Dar\u00edn, estuvo acompa\u00f1ado por el secretario General, Arq. Jos\u00e9 Mazzoni, el director General de Promoci\u00f3n y Acci\u00f3n Social, Cr. Giovani Conti, la directora General de Hacienda, Cra. Daniela Porto, el director General de Obras, Arq. Mart\u00edn Garc\u00eda, el director de Turismo, Carlos Martorell y el director de Deportes, Horacio Hern\u00e1ndez.<\/p>\n<p>&nbsp;<\/p>\n\r\n\t<div class=\"msacwl-slider-wrap msacwl-row-clearfix \" data-conf=\"{&quot;autoplay&quot;:&quot;true&quot;,&quot;autoplay_speed&quot;:3000,&quot;speed&quot;:300,&quot;arrows&quot;:&quot;true&quot;,&quot;dots&quot;:&quot;true&quot;,&quot;lazyload&quot;:&quot;&quot;}\">\r\n\t\t<div id=\"msacwl-slider-1\" class=\"msacwl-slider msacwl-common-slider msacwl-slider-popup\">\r\n\t\t\t\t\t\t<div class=\"msacwl-slide\" data-item-index=\"1\" >\r\n\t\t\t\t<a class=\"msacwl-img-link\" href=\"javascript:void(0);\" data-mfp-src=\"https:\/\/www.rivera.gub.uy\/portal\/wp-content\/uploads\/2019\/11\/1-8.jpg\">\r\n\t\t\t\t\t<img decoding=\"async\" class=\"msacwl-img\" src=\"https:\/\/www.rivera.gub.uy\/portal\/wp-content\/uploads\/2019\/11\/1-8.jpg\"  data-title=\"\" alt=\"\" \/>\r\n\t\t\t\t<\/a>\r\n\t\t\t\t\t\t\t\t\t<div class=\"msacwl-gallery-caption\">\r\n\t\t\t\t\t\t\t\t\t\t\t\t\t<span class=\"image_title\"><\/span>\r\n\t\t\t\t\t\t\t\t\t\t\t\t\t<span><\/span>\r\n\t\t\t\t\t\t \t\t\t\t\t<\/div>\r\n\t\t\t\t\t\t\t<\/div>\r\n\t\t\t\t\t\t<div class=\"msacwl-slide\" data-item-index=\"2\" >\r\n\t\t\t\t<a class=\"msacwl-img-link\" href=\"javascript:void(0);\" data-mfp-src=\"https:\/\/www.rivera.gub.uy\/portal\/wp-content\/uploads\/2019\/11\/2-8.jpg\">\r\n\t\t\t\t\t<img decoding=\"async\" class=\"msacwl-img\" src=\"https:\/\/www.rivera.gub.uy\/portal\/wp-content\/uploads\/2019\/11\/2-8.jpg\"  data-title=\"\" alt=\"\" \/>\r\n\t\t\t\t<\/a>\r\n\t\t\t\t\t\t\t\t\t<div class=\"msacwl-gallery-caption\">\r\n\t\t\t\t\t\t\t\t\t\t\t\t\t<span class=\"image_title\"><\/span>\r\n\t\t\t\t\t\t\t\t\t\t\t\t\t<span><\/span>\r\n\t\t\t\t\t\t \t\t\t\t\t<\/div>\r\n\t\t\t\t\t\t\t<\/div>\r\n\t\t\t\t\t\t<div class=\"msacwl-slide\" data-item-index=\"3\" >\r\n\t\t\t\t<a class=\"msacwl-img-link\" href=\"javascript:void(0);\" data-mfp-src=\"https:\/\/www.rivera.gub.uy\/portal\/wp-content\/uploads\/2019\/11\/DSC_0751.jpg\">\r\n\t\t\t\t\t<img decoding=\"async\" class=\"msacwl-img\" src=\"https:\/\/www.rivera.gub.uy\/portal\/wp-content\/uploads\/2019\/11\/DSC_0751.jpg\"  data-title=\"\" alt=\"\" \/>\r\n\t\t\t\t<\/a>\r\n\t\t\t\t\t\t\t\t\t<div class=\"msacwl-gallery-caption\">\r\n\t\t\t\t\t\t\t\t\t\t\t\t\t<span class=\"image_title\"><\/span>\r\n\t\t\t\t\t\t\t\t\t\t\t\t\t<span><\/span>\r\n\t\t\t\t\t\t \t\t\t\t\t<\/div>\r\n\t\t\t\t\t\t\t<\/div>\r\n\t\t\t\t\t\t<div class=\"msacwl-slide\" data-item-index=\"4\" >\r\n\t\t\t\t<a class=\"msacwl-img-link\" href=\"javascript:void(0);\" data-mfp-src=\"https:\/\/www.rivera.gub.uy\/portal\/wp-content\/uploads\/2019\/11\/DSC_0760.jpg\">\r\n\t\t\t\t\t<img decoding=\"async\" class=\"msacwl-img\" src=\"https:\/\/www.rivera.gub.uy\/portal\/wp-content\/uploads\/2019\/11\/DSC_0760.jpg\"  data-title=\"\" alt=\"\" \/>\r\n\t\t\t\t<\/a>\r\n\t\t\t\t\t\t\t\t\t<div class=\"msacwl-gallery-caption\">\r\n\t\t\t\t\t\t\t\t\t\t\t\t\t<span class=\"image_title\"><\/span>\r\n\t\t\t\t\t\t\t\t\t\t\t\t\t<span><\/span>\r\n\t\t\t\t\t\t \t\t\t\t\t<\/div>\r\n\t\t\t\t\t\t\t<\/div>\r\n\t\t\t\t\t<\/div>\r\n\t<\/div>\r\n\r\n\t\n<p>&nbsp;<\/p>\n<p>Desde la direcci\u00f3n General de Promoci\u00f3n y Acci\u00f3n Social, se lleva adelante desde hace cuatro a\u00f1os, \u00e9ste producto exitoso, al que a\u00f1o a a\u00f1o se suman m\u00e1s eventos en el marco de Rivera Brilla; y sobre todo \u201cque emplea a mucha gente\u201d, as\u00ed lo resalt\u00f3 Conti en su oratoria.<\/p>\n<p><strong>Rivera Brilla 100% local<\/strong><\/p>\n<p>El Cr. Giovani Conti, adelant\u00f3 que hay novedades, \u201cMapping\u201d( una proyecci\u00f3n luz en 3D) en la fachada de la Iglesia Inmaculada Concepci\u00f3n\u201d; y agreg\u00f3, \u201cno es solo decorativo, sino que tiene un componente cultural que busca potenciar artistas locales\u201d.<\/p>\n<p>Presentes tambi\u00e9n en la ceremonia, el equipo que hace parte de Rivera Brilla, entre artesanos, electricistas, artistas pl\u00e1sticos, montadores, personal de alumbrado p\u00fablico y seguridad; el Grupo Lama (motociclismo) se suma como cada a\u00f1o.<\/p>\n<p>El domingo <a href=\"https:\/\/www.rivera.gub.uy\/portal\/evento\/rivera-brilla-apertura-oficial\/\" target=\"_blank\" rel=\"noopener noreferrer\">1\u00ba de diciembre<\/a> comienzan las actividades en Plaza Artigas, con la Apertura Oficial de Rivera Brilla y el encendido de luces.<\/p>\n<ul>\n<li>19:30 hs Coro Voces de Mi Ciudad<\/li>\n<li>20:00 hs Muestra de Conjuntos Negros y Lubolos<\/li>\n<li>20:30 hs Muestra de Escolas de Samba de Rivera<\/li>\n<li>21:00 hs Apertura Oficial y encendido de luces<\/li>\n<li>21:30 hs Mapping<\/li>\n<li>22:00 hs Orquesta Departamental de Rivera<\/li>\n<\/ul>\n<p>&nbsp;<\/p>\n<p><iframe loading=\"lazy\" title=\"Lanzamiento de la cuarta edici\u00f3n de \u201cRivera Brilla 2019\u201d\" width=\"1160\" height=\"653\" src=\"https:\/\/www.youtube.com\/embed\/n5lSb5gdOIE?feature=oembed\" frameborder=\"0\" allow=\"accelerometer; autoplay; encrypted-media; gyroscope; picture-in-picture\" allowfullscreen><\/iframe><\/p>\n<p>&nbsp;<\/p>\n<p><iframe loading=\"lazy\" title=\"Rivera Brilla by Registros Gr\u00e1ficos IDR\" width=\"1160\" height=\"400\" scrolling=\"no\" frameborder=\"no\" src=\"https:\/\/w.soundcloud.com\/player\/?visual=true&#038;url=https%3A%2F%2Fapi.soundcloud.com%2Ftracks%2F719875813&#038;show_artwork=true&#038;maxwidth=1160&#038;maxheight=1000&#038;dnt=1\"><\/iframe><\/p>\n","protected":false},"excerpt":{"rendered":"<p>\u201cNo es solo decorativo, sino que tiene un componente cultural que busca potenciar los artistas locales\u201d Cr. Giovani Conti<\/p>\n","protected":false},"author":7,"featured_media":20040,"comment_status":"open","ping_status":"open","sticky":false,"template":"","format":"standard","meta":{"footnotes":""},"categories":[6,56,3,1],"tags":[],"class_list":["post-20035","post","type-post","status-publish","format-standard","has-post-thumbnail","hentry","category-cultura","category-deportes","category-multimedia","category-novedades"],"_links":{"self":[{"href":"https:\/\/www.rivera.gub.uy\/portal\/wp-json\/wp\/v2\/posts\/20035","targetHints":{"allow":["GET"]}}],"collection":[{"href":"https:\/\/www.rivera.gub.uy\/portal\/wp-json\/wp\/v2\/posts"}],"about":[{"href":"https:\/\/www.rivera.gub.uy\/portal\/wp-json\/wp\/v2\/types\/post"}],"author":[{"embeddable":true,"href":"https:\/\/www.rivera.gub.uy\/portal\/wp-json\/wp\/v2\/users\/7"}],"replies":[{"embeddable":true,"href":"https:\/\/www.rivera.gub.uy\/portal\/wp-json\/wp\/v2\/comments?post=20035"}],"version-history":[{"count":1,"href":"https:\/\/www.rivera.gub.uy\/portal\/wp-json\/wp\/v2\/posts\/20035\/revisions"}],"predecessor-version":[{"id":20041,"href":"https:\/\/www.rivera.gub.uy\/portal\/wp-json\/wp\/v2\/posts\/20035\/revisions\/20041"}],"wp:featuredmedia":[{"embeddable":true,"href":"https:\/\/www.rivera.gub.uy\/portal\/wp-json\/wp\/v2\/media\/20040"}],"wp:attachment":[{"href":"https:\/\/www.rivera.gub.uy\/portal\/wp-json\/wp\/v2\/media?parent=20035"}],"wp:term":[{"taxonomy":"category","embeddable":true,"href":"https:\/\/www.rivera.gub.uy\/portal\/wp-json\/wp\/v2\/categories?post=20035"},{"taxonomy":"post_tag","embeddable":true,"href":"https:\/\/www.rivera.gub.uy\/portal\/wp-json\/wp\/v2\/tags?post=20035"}],"curies":[{"name":"wp","href":"https:\/\/api.w.org\/{rel}","templated":true}]}}