{"id":202,"date":"2016-09-06T16:38:30","date_gmt":"2016-09-06T19:38:30","guid":{"rendered":"http:\/\/c0010014.ferozo.com\/?p=202"},"modified":"2018-06-28T11:04:44","modified_gmt":"2018-06-28T14:04:44","slug":"atencion-medica-y-odontologica-gratuita","status":"publish","type":"post","link":"https:\/\/www.rivera.gub.uy\/portal\/atencion-medica-y-odontologica-gratuita\/","title":{"rendered":"Atenci\u00f3n m\u00e9dica y odontol\u00f3gica gratuita"},"content":{"rendered":"<p>Para la pr\u00f3xima semana la programaci\u00f3n del servicio m\u00e9dico y odontol\u00f3gico gratuito que ofrece la Intendencia departamental para la poblaci\u00f3n del interior del departamento, ser\u00e1 la siguiente:<\/p>\n<ul>\n<li>Bus Expreso Esperanza:\n<ul>\n<li>Martes 6 &#8211; hora 09:00 \u2013 Abrojal<\/li>\n<li>Jueves 8 &#8211; hora 09:00 \u2013 Paso del Parque<\/li>\n<li>Viernes 9 &#8211; hora 09:00 \u2013 La Calera<\/li>\n<\/ul>\n<\/li>\n<\/ul>\n<ul>\n<li>Rondas M\u00e9dicas\n<ul>\n<li>Lunes 5 el Dr. Mauricio Carrasco estar\u00e1 a la hora 09:00 en Lapuente y 11:30 en Cerrillada.<\/li>\n<li>Jueves 8, hora 15:30 el Dr. Luis D. Prieto estar\u00e1 en Lagos del Norte.<\/li>\n<\/ul>\n<\/li>\n<\/ul>\n<p>Este es un comunicado de la direcci\u00f3n general de Promoci\u00f3n y Acci\u00f3n Social a trav\u00e9s de la Divisi\u00f3n Salud Municipal.<\/p>\n","protected":false},"excerpt":{"rendered":"<p>Para la pr\u00f3xima semana la programaci\u00f3n del servicio m\u00e9dico y odontol\u00f3gico gratuito que ofrece la Intendencia departamental para la poblaci\u00f3n del interior del departamento, ser\u00e1 la siguiente: Bus Expreso Esperanza: Martes 6 &#8211; hora 09:00 \u2013 Abrojal Jueves 8 &#8211; hora 09:00 \u2013 Paso del Parque Viernes 9 &#8211; hora 09:00 \u2013 La Calera Rondas [&hellip;]<\/p>\n","protected":false},"author":1,"featured_media":509,"comment_status":"open","ping_status":"open","sticky":false,"template":"","format":"standard","meta":{"footnotes":""},"categories":[1],"tags":[494,320,698,345,114,695,697,699,693,694,490,696,393],"class_list":["post-202","post","type-post","status-publish","format-standard","has-post-thumbnail","hentry","category-novedades","tag-abrojal","tag-bus-esperanza","tag-cerrillada","tag-dgpas","tag-idr","tag-la-calera","tag-la-puente","tag-lagos","tag-medico","tag-odontologico","tag-paso-del-parque","tag-rondas-medicas","tag-servicios"],"_links":{"self":[{"href":"https:\/\/www.rivera.gub.uy\/portal\/wp-json\/wp\/v2\/posts\/202","targetHints":{"allow":["GET"]}}],"collection":[{"href":"https:\/\/www.rivera.gub.uy\/portal\/wp-json\/wp\/v2\/posts"}],"about":[{"href":"https:\/\/www.rivera.gub.uy\/portal\/wp-json\/wp\/v2\/types\/post"}],"author":[{"embeddable":true,"href":"https:\/\/www.rivera.gub.uy\/portal\/wp-json\/wp\/v2\/users\/1"}],"replies":[{"embeddable":true,"href":"https:\/\/www.rivera.gub.uy\/portal\/wp-json\/wp\/v2\/comments?post=202"}],"version-history":[{"count":1,"href":"https:\/\/www.rivera.gub.uy\/portal\/wp-json\/wp\/v2\/posts\/202\/revisions"}],"predecessor-version":[{"id":522,"href":"https:\/\/www.rivera.gub.uy\/portal\/wp-json\/wp\/v2\/posts\/202\/revisions\/522"}],"wp:featuredmedia":[{"embeddable":true,"href":"https:\/\/www.rivera.gub.uy\/portal\/wp-json\/wp\/v2\/media\/509"}],"wp:attachment":[{"href":"https:\/\/www.rivera.gub.uy\/portal\/wp-json\/wp\/v2\/media?parent=202"}],"wp:term":[{"taxonomy":"category","embeddable":true,"href":"https:\/\/www.rivera.gub.uy\/portal\/wp-json\/wp\/v2\/categories?post=202"},{"taxonomy":"post_tag","embeddable":true,"href":"https:\/\/www.rivera.gub.uy\/portal\/wp-json\/wp\/v2\/tags?post=202"}],"curies":[{"name":"wp","href":"https:\/\/api.w.org\/{rel}","templated":true}]}}