{"id":20664,"date":"2019-12-19T14:32:15","date_gmt":"2019-12-19T17:32:15","guid":{"rendered":"https:\/\/www.rivera.gub.uy\/portal\/?p=20664"},"modified":"2019-12-20T08:44:35","modified_gmt":"2019-12-20T11:44:35","slug":"taller-gobiernos-departamentales-abiertos","status":"publish","type":"post","link":"https:\/\/www.rivera.gub.uy\/portal\/taller-gobiernos-departamentales-abiertos\/","title":{"rendered":"Taller: Gobiernos Departamentales Abiertos"},"content":{"rendered":"<p>En el sal\u00f3n de Actos de Intendencia Departamental de Rivera, en horas de la ma\u00f1ana (jueves 19\/12) el secretario General de la IDR, Arq. Jos\u00e9 Mazzoni representando al intendente Departamental, Cr. Richard Sander Dar\u00edn, dio la bienvenida a los participantes de los Talleres dictados por t\u00e9cnicos de la Agencia de Gobierno Electr\u00f3nico y Sociedad de la Informaci\u00f3n y del Conocimiento (AGESIC) y del Grupo de Trabajo de Gobiernos Abiertos (GTGA).<!--more--><\/p>\n<p>Participaron de los talleres funcionarios de las intendencias de Rivera, Tacuaremb\u00f3 y Cerro Largo; adem\u00e1s de distintas organizaciones Civiles.<\/p>\n<p>&nbsp;<\/p>\n\r\n\t<div class=\"msacwl-slider-wrap msacwl-row-clearfix \" data-conf=\"{&quot;autoplay&quot;:&quot;true&quot;,&quot;autoplay_speed&quot;:3000,&quot;speed&quot;:300,&quot;arrows&quot;:&quot;true&quot;,&quot;dots&quot;:&quot;true&quot;,&quot;lazyload&quot;:&quot;&quot;}\">\r\n\t\t<div id=\"msacwl-slider-1\" class=\"msacwl-slider msacwl-common-slider msacwl-slider-popup\">\r\n\t\t\t\t\t\t<div class=\"msacwl-slide\" data-item-index=\"1\" >\r\n\t\t\t\t<a class=\"msacwl-img-link\" href=\"javascript:void(0);\" data-mfp-src=\"https:\/\/www.rivera.gub.uy\/portal\/wp-content\/uploads\/2019\/12\/DSC_0885.jpg\">\r\n\t\t\t\t\t<img decoding=\"async\" class=\"msacwl-img\" src=\"https:\/\/www.rivera.gub.uy\/portal\/wp-content\/uploads\/2019\/12\/DSC_0885.jpg\"  data-title=\"\" alt=\"\" \/>\r\n\t\t\t\t<\/a>\r\n\t\t\t\t\t\t\t\t\t<div class=\"msacwl-gallery-caption\">\r\n\t\t\t\t\t\t\t\t\t\t\t\t\t<span class=\"image_title\"><\/span>\r\n\t\t\t\t\t\t\t\t\t\t\t\t\t<span><\/span>\r\n\t\t\t\t\t\t \t\t\t\t\t<\/div>\r\n\t\t\t\t\t\t\t<\/div>\r\n\t\t\t\t\t\t<div class=\"msacwl-slide\" data-item-index=\"2\" >\r\n\t\t\t\t<a class=\"msacwl-img-link\" href=\"javascript:void(0);\" data-mfp-src=\"https:\/\/www.rivera.gub.uy\/portal\/wp-content\/uploads\/2019\/12\/DSC_0892.jpg\">\r\n\t\t\t\t\t<img decoding=\"async\" class=\"msacwl-img\" src=\"https:\/\/www.rivera.gub.uy\/portal\/wp-content\/uploads\/2019\/12\/DSC_0892.jpg\"  data-title=\"\" alt=\"\" \/>\r\n\t\t\t\t<\/a>\r\n\t\t\t\t\t\t\t\t\t<div class=\"msacwl-gallery-caption\">\r\n\t\t\t\t\t\t\t\t\t\t\t\t\t<span class=\"image_title\"><\/span>\r\n\t\t\t\t\t\t\t\t\t\t\t\t\t<span><\/span>\r\n\t\t\t\t\t\t \t\t\t\t\t<\/div>\r\n\t\t\t\t\t\t\t<\/div>\r\n\t\t\t\t\t\t<div class=\"msacwl-slide\" data-item-index=\"3\" >\r\n\t\t\t\t<a class=\"msacwl-img-link\" href=\"javascript:void(0);\" data-mfp-src=\"https:\/\/www.rivera.gub.uy\/portal\/wp-content\/uploads\/2019\/12\/DSC_0896.jpg\">\r\n\t\t\t\t\t<img decoding=\"async\" class=\"msacwl-img\" src=\"https:\/\/www.rivera.gub.uy\/portal\/wp-content\/uploads\/2019\/12\/DSC_0896.jpg\"  data-title=\"\" alt=\"\" \/>\r\n\t\t\t\t<\/a>\r\n\t\t\t\t\t\t\t\t\t<div class=\"msacwl-gallery-caption\">\r\n\t\t\t\t\t\t\t\t\t\t\t\t\t<span class=\"image_title\"><\/span>\r\n\t\t\t\t\t\t\t\t\t\t\t\t\t<span><\/span>\r\n\t\t\t\t\t\t \t\t\t\t\t<\/div>\r\n\t\t\t\t\t\t\t<\/div>\r\n\t\t\t\t\t\t<div class=\"msacwl-slide\" data-item-index=\"4\" >\r\n\t\t\t\t<a class=\"msacwl-img-link\" href=\"javascript:void(0);\" data-mfp-src=\"https:\/\/www.rivera.gub.uy\/portal\/wp-content\/uploads\/2019\/12\/DSC_0900.jpg\">\r\n\t\t\t\t\t<img decoding=\"async\" class=\"msacwl-img\" src=\"https:\/\/www.rivera.gub.uy\/portal\/wp-content\/uploads\/2019\/12\/DSC_0900.jpg\"  data-title=\"\" alt=\"\" \/>\r\n\t\t\t\t<\/a>\r\n\t\t\t\t\t\t\t\t\t<div class=\"msacwl-gallery-caption\">\r\n\t\t\t\t\t\t\t\t\t\t\t\t\t<span class=\"image_title\"><\/span>\r\n\t\t\t\t\t\t\t\t\t\t\t\t\t<span><\/span>\r\n\t\t\t\t\t\t \t\t\t\t\t<\/div>\r\n\t\t\t\t\t\t\t<\/div>\r\n\t\t\t\t\t\t<div class=\"msacwl-slide\" data-item-index=\"5\" >\r\n\t\t\t\t<a class=\"msacwl-img-link\" href=\"javascript:void(0);\" data-mfp-src=\"https:\/\/www.rivera.gub.uy\/portal\/wp-content\/uploads\/2019\/12\/DSC_0904.jpg\">\r\n\t\t\t\t\t<img decoding=\"async\" class=\"msacwl-img\" src=\"https:\/\/www.rivera.gub.uy\/portal\/wp-content\/uploads\/2019\/12\/DSC_0904.jpg\"  data-title=\"\" alt=\"\" \/>\r\n\t\t\t\t<\/a>\r\n\t\t\t\t\t\t\t\t\t<div class=\"msacwl-gallery-caption\">\r\n\t\t\t\t\t\t\t\t\t\t\t\t\t<span class=\"image_title\"><\/span>\r\n\t\t\t\t\t\t\t\t\t\t\t\t\t<span><\/span>\r\n\t\t\t\t\t\t \t\t\t\t\t<\/div>\r\n\t\t\t\t\t\t\t<\/div>\r\n\t\t\t\t\t<\/div>\r\n\t<\/div>\r\n\r\n\t\n<p>&nbsp;<\/p>\n<p>Se dividieron en dos grupos, uno para ciudadan\u00eda en general y asociaciones civiles, y el segundo lo integraron directores generales, directores de divisiones y funcionarios de la IDR; al finalizar el taller se reunieron en un solo grupo para intercambiar ideas y criterios, con el objetivo de co crear las propuestas e ideas generadas.<\/p>\n<p>\u201cEste taller, est\u00e1 dentro de las pautas de compromisos que mantiene el gobierno Departamental, en lo que es el Plan de Acci\u00f3n Nacional de Gobierno Abierto impulsado por Presidencia de la Rep\u00fablica, desarrollado por GTGA y coordinado por AGESIC, con el cual Uruguay se presenta a nivel internacional\u201d as\u00ed lo expres\u00f3 el coordinador de TIC&#8217;s IDR, Juan Carlos Sand\u00edn.<\/p>\n<p>El abordaje del taller fue te\u00f3rico-pr\u00e1ctico, buscando promover instancias de reflexi\u00f3n cr\u00edtica.<br \/>\nEl objetivo del taller fue introducir a los funcionarios en el concepto de Gobierno Abierto y los pilares que lo sustentan, profundizando en la transparencia, acceso a la informaci\u00f3n p\u00fablica, rendici\u00f3n de cuentas, participaci\u00f3n y colaboraci\u00f3n ciudadana.<\/p>\n<p>&nbsp;<\/p>\n<p><iframe loading=\"lazy\" title=\"Gobiernos Departamentales Abiertos\" width=\"1160\" height=\"653\" src=\"https:\/\/www.youtube.com\/embed\/Vh6JSRHZhXk?feature=oembed\" frameborder=\"0\" allow=\"accelerometer; autoplay; encrypted-media; gyroscope; picture-in-picture\" allowfullscreen><\/iframe><\/p>\n","protected":false},"excerpt":{"rendered":"<p>En el sal\u00f3n de Actos de Intendencia Departamental de Rivera, en horas de la ma\u00f1ana (jueves 19\/12) el secretario General de la IDR, Arq. Jos\u00e9 Mazzoni representando al intendente Departamental, Cr. Richard Sander Dar\u00edn, dio la bienvenida a los participantes de los Talleres dictados por t\u00e9cnicos de la Agencia de Gobierno Electr\u00f3nico y Sociedad de [&hellip;]<\/p>\n","protected":false},"author":7,"featured_media":20668,"comment_status":"open","ping_status":"open","sticky":false,"template":"","format":"standard","meta":{"footnotes":""},"categories":[3,1],"tags":[],"class_list":["post-20664","post","type-post","status-publish","format-standard","has-post-thumbnail","hentry","category-multimedia","category-novedades"],"_links":{"self":[{"href":"https:\/\/www.rivera.gub.uy\/portal\/wp-json\/wp\/v2\/posts\/20664","targetHints":{"allow":["GET"]}}],"collection":[{"href":"https:\/\/www.rivera.gub.uy\/portal\/wp-json\/wp\/v2\/posts"}],"about":[{"href":"https:\/\/www.rivera.gub.uy\/portal\/wp-json\/wp\/v2\/types\/post"}],"author":[{"embeddable":true,"href":"https:\/\/www.rivera.gub.uy\/portal\/wp-json\/wp\/v2\/users\/7"}],"replies":[{"embeddable":true,"href":"https:\/\/www.rivera.gub.uy\/portal\/wp-json\/wp\/v2\/comments?post=20664"}],"version-history":[{"count":4,"href":"https:\/\/www.rivera.gub.uy\/portal\/wp-json\/wp\/v2\/posts\/20664\/revisions"}],"predecessor-version":[{"id":20680,"href":"https:\/\/www.rivera.gub.uy\/portal\/wp-json\/wp\/v2\/posts\/20664\/revisions\/20680"}],"wp:featuredmedia":[{"embeddable":true,"href":"https:\/\/www.rivera.gub.uy\/portal\/wp-json\/wp\/v2\/media\/20668"}],"wp:attachment":[{"href":"https:\/\/www.rivera.gub.uy\/portal\/wp-json\/wp\/v2\/media?parent=20664"}],"wp:term":[{"taxonomy":"category","embeddable":true,"href":"https:\/\/www.rivera.gub.uy\/portal\/wp-json\/wp\/v2\/categories?post=20664"},{"taxonomy":"post_tag","embeddable":true,"href":"https:\/\/www.rivera.gub.uy\/portal\/wp-json\/wp\/v2\/tags?post=20664"}],"curies":[{"name":"wp","href":"https:\/\/api.w.org\/{rel}","templated":true}]}}