{"id":208,"date":"2016-09-06T16:56:43","date_gmt":"2016-09-06T19:56:43","guid":{"rendered":"http:\/\/c0010014.ferozo.com\/?p=208"},"modified":"2018-07-20T12:52:40","modified_gmt":"2018-07-20T15:52:40","slug":"organizando-el-transito-en-la-ciudad-de-rivera","status":"publish","type":"post","link":"https:\/\/www.rivera.gub.uy\/portal\/organizando-el-transito-en-la-ciudad-de-rivera\/","title":{"rendered":"Organizando el tr\u00e1nsito en la ciudad de Rivera"},"content":{"rendered":"<p>Desde la Intendencia departamental de Rivera, a trav\u00e9s de la Direcci\u00f3n General de Tr\u00e1nsito y Transporte, su director Mauricio Gonz\u00e1lez informa los nuevos flechamientos para minimizar riesgos. Las decisiones se tomaron con base en un estudio previo durante el per\u00edodo junio 2015 a julio 2016, \u201cse habl\u00f3 con las Comisiones Vecinales y las mediciones de los inspectores de tr\u00e1nsito, hicieron que lleg\u00e1ramos a la conclusi\u00f3n de flechar algunas calles con doble sentido muy peligrosas y en algunos casos con historial de accidentes fatales\u201d.<\/p>\n<p><strong>RAMON OCA\u00d1O flechada<\/strong><br \/>\nLa calle paralela a Manuel Oribe, desde la rotonda de escobar hasta Estanislao Castro (200mt) es Ram\u00f3n Oca\u00f1o y esta flechada por la complicaci\u00f3n (sin veredas, tr\u00e1nsito pesado) por 60 d\u00edas \u201csi funciona bien lo dejamos definitivamente, como lo estamos haciendo con calle San Mart\u00edn con resultados satisfactorios y lo vamos a dejar definitivamente el flechamiento\u201d.<\/p>\n<p><strong>FERNANDEZ CRESPO<\/strong><br \/>\nDesde el viernes 9 de setiembre la calle Fern\u00e1ndez Crespo desde Florencio S\u00e1nchez hasta Presidente Viera queda flechada (sentido norte-sur) \u2014los veh\u00edculos que ven\u00edan por Pte. Viera y doblaban por Fern\u00e1ndez Crespo rumbo a la l\u00ednea, no lo van a poder hacer m\u00e1s.<\/p>\n<p><strong>LAVALLEJA<\/strong><br \/>\nCalle Lavalleja ser\u00e1 flechada desde Jos\u00e9 Batlle y Ordo\u00f1ez hasta Manuel Oribe, \u201cser\u00e1 avisado con anticipaci\u00f3n y los inspectores estar\u00e1n trabajando en el lugar por un tiempo prudencial\u201d.<\/p>\n","protected":false},"excerpt":{"rendered":"<p>Desde la Intendencia departamental de Rivera, a trav\u00e9s de la Direcci\u00f3n General de Tr\u00e1nsito y Transporte, su director Mauricio Gonz\u00e1lez informa los nuevos flechamientos para minimizar riesgos. Las decisiones se tomaron con base en un estudio previo durante el per\u00edodo junio 2015 a julio 2016, \u201cse habl\u00f3 con las Comisiones Vecinales y las mediciones de [&hellip;]<\/p>\n","protected":false},"author":1,"featured_media":509,"comment_status":"open","ping_status":"open","sticky":false,"template":"","format":"standard","meta":{"footnotes":""},"categories":[5,1],"tags":[328,114,36,776,33],"class_list":["post-208","post","type-post","status-publish","format-standard","has-post-thumbnail","hentry","category-movilidad-urbana","category-novedades","tag-dgtt","tag-idr","tag-intendencia","tag-oganizando-transito","tag-rivera"],"_links":{"self":[{"href":"https:\/\/www.rivera.gub.uy\/portal\/wp-json\/wp\/v2\/posts\/208","targetHints":{"allow":["GET"]}}],"collection":[{"href":"https:\/\/www.rivera.gub.uy\/portal\/wp-json\/wp\/v2\/posts"}],"about":[{"href":"https:\/\/www.rivera.gub.uy\/portal\/wp-json\/wp\/v2\/types\/post"}],"author":[{"embeddable":true,"href":"https:\/\/www.rivera.gub.uy\/portal\/wp-json\/wp\/v2\/users\/1"}],"replies":[{"embeddable":true,"href":"https:\/\/www.rivera.gub.uy\/portal\/wp-json\/wp\/v2\/comments?post=208"}],"version-history":[{"count":2,"href":"https:\/\/www.rivera.gub.uy\/portal\/wp-json\/wp\/v2\/posts\/208\/revisions"}],"predecessor-version":[{"id":520,"href":"https:\/\/www.rivera.gub.uy\/portal\/wp-json\/wp\/v2\/posts\/208\/revisions\/520"}],"wp:featuredmedia":[{"embeddable":true,"href":"https:\/\/www.rivera.gub.uy\/portal\/wp-json\/wp\/v2\/media\/509"}],"wp:attachment":[{"href":"https:\/\/www.rivera.gub.uy\/portal\/wp-json\/wp\/v2\/media?parent=208"}],"wp:term":[{"taxonomy":"category","embeddable":true,"href":"https:\/\/www.rivera.gub.uy\/portal\/wp-json\/wp\/v2\/categories?post=208"},{"taxonomy":"post_tag","embeddable":true,"href":"https:\/\/www.rivera.gub.uy\/portal\/wp-json\/wp\/v2\/tags?post=208"}],"curies":[{"name":"wp","href":"https:\/\/api.w.org\/{rel}","templated":true}]}}