{"id":20858,"date":"2020-01-07T15:06:21","date_gmt":"2020-01-07T18:06:21","guid":{"rendered":"https:\/\/www.rivera.gub.uy\/portal\/?p=20858"},"modified":"2020-01-08T09:12:01","modified_gmt":"2020-01-08T12:12:01","slug":"el-31-de-enero-se-confirmara-la-lista-de-ingresos-en-los-hogares-estudiantiles-de-montevideo-y-rivera","status":"publish","type":"post","link":"https:\/\/www.rivera.gub.uy\/portal\/el-31-de-enero-se-confirmara-la-lista-de-ingresos-en-los-hogares-estudiantiles-de-montevideo-y-rivera\/","title":{"rendered":"El 31 de enero se confirmar\u00e1 la lista de ingresos en los Hogares Estudiantiles de Montevideo y Rivera"},"content":{"rendered":"<p>El proceso para que los estudiantes con menores recursos accedan a becas en los Hogares Estudiantiles de Rivera y Montevideo, comenz\u00f3 con una <a href=\"https:\/\/www.rivera.gub.uy\/social\/hogares-estudiantiles-2020-formularios-de-inscripcion-y-renovacion\/\" target=\"_blank\" rel=\"noopener noreferrer\">inscripci\u00f3n<\/a> en el per\u00edodo comprendido entre octubre y diciembre de 2019.<!--more--><\/p>\n<p>El director de los Hogares Estudiantiles de Rivera, Kenny N\u00fa\u00f1ez, informa que contin\u00faa la evaluaci\u00f3n de los estudiantes inscriptos (renovaci\u00f3n y primera vez), a cargo de un equipo t\u00e9cnico conformado por dos asistentes sociales y una psic\u00f3loga.<\/p>\n<p>\u201cEl 31 de enero de 2020, est\u00e1 marcada una reuni\u00f3n con la comisi\u00f3n, donde se estar\u00e1 confirmando la lista de ingresos en el hogar estudiantil de Montevideo y posiblemente el hogar de Rivera\u201d. Tambi\u00e9n inform\u00f3 que en el mes de febrero se confirma el ingreso en los hogares estudiantiles del interior (Masoller, Vichadero, Tranqueras, Minas de Corrales y Cerro Pelado).<\/p>\n<p>En el a\u00f1o 2019 brindaron hospedaje, alimentaci\u00f3n, asistencia m\u00e9dica, capacitaciones y el acompa\u00f1amiento de un equipo t\u00e9cnico (asistentes sociales y psic\u00f3logos) a m\u00e1s de 230 alumnos; en los diferentes hogares de Rivera y Montevideo. En el mes de enero est\u00e1n abocados a las mejoras en infraestructura, \u201cbuscando siempre la econom\u00eda de agua y energ\u00eda el\u00e9ctrica\u201d,y a mediados de febrero, recibir\u00e1n a los primeros residentes. As\u00ed lo inform\u00f3 el director del Hogar Estudiantil \u201cDr. Altivo Esteves\u201d y coordinador de los hogares estudiantiles del interior.<\/p>\n","protected":false},"excerpt":{"rendered":"<p>El proceso para que los estudiantes con menores recursos accedan a becas en los Hogares Estudiantiles de Rivera y Montevideo, comenz\u00f3 con una inscripci\u00f3n en el per\u00edodo comprendido entre octubre y diciembre de 2019.<\/p>\n","protected":false},"author":7,"featured_media":20864,"comment_status":"open","ping_status":"open","sticky":false,"template":"","format":"standard","meta":{"footnotes":""},"categories":[1],"tags":[433,33],"class_list":["post-20858","post","type-post","status-publish","format-standard","has-post-thumbnail","hentry","category-novedades","tag-hogar-estudiantil","tag-rivera"],"_links":{"self":[{"href":"https:\/\/www.rivera.gub.uy\/portal\/wp-json\/wp\/v2\/posts\/20858","targetHints":{"allow":["GET"]}}],"collection":[{"href":"https:\/\/www.rivera.gub.uy\/portal\/wp-json\/wp\/v2\/posts"}],"about":[{"href":"https:\/\/www.rivera.gub.uy\/portal\/wp-json\/wp\/v2\/types\/post"}],"author":[{"embeddable":true,"href":"https:\/\/www.rivera.gub.uy\/portal\/wp-json\/wp\/v2\/users\/7"}],"replies":[{"embeddable":true,"href":"https:\/\/www.rivera.gub.uy\/portal\/wp-json\/wp\/v2\/comments?post=20858"}],"version-history":[{"count":3,"href":"https:\/\/www.rivera.gub.uy\/portal\/wp-json\/wp\/v2\/posts\/20858\/revisions"}],"predecessor-version":[{"id":20862,"href":"https:\/\/www.rivera.gub.uy\/portal\/wp-json\/wp\/v2\/posts\/20858\/revisions\/20862"}],"wp:featuredmedia":[{"embeddable":true,"href":"https:\/\/www.rivera.gub.uy\/portal\/wp-json\/wp\/v2\/media\/20864"}],"wp:attachment":[{"href":"https:\/\/www.rivera.gub.uy\/portal\/wp-json\/wp\/v2\/media?parent=20858"}],"wp:term":[{"taxonomy":"category","embeddable":true,"href":"https:\/\/www.rivera.gub.uy\/portal\/wp-json\/wp\/v2\/categories?post=20858"},{"taxonomy":"post_tag","embeddable":true,"href":"https:\/\/www.rivera.gub.uy\/portal\/wp-json\/wp\/v2\/tags?post=20858"}],"curies":[{"name":"wp","href":"https:\/\/api.w.org\/{rel}","templated":true}]}}