{"id":20892,"date":"2020-01-09T14:43:18","date_gmt":"2020-01-09T17:43:18","guid":{"rendered":"https:\/\/www.rivera.gub.uy\/portal\/?p=20892"},"modified":"2020-01-09T14:50:07","modified_gmt":"2020-01-09T17:50:07","slug":"rivera-se-destaca-por-la-calidad-de-su-miel-sin-glifosato","status":"publish","type":"post","link":"https:\/\/www.rivera.gub.uy\/portal\/rivera-se-destaca-por-la-calidad-de-su-miel-sin-glifosato\/","title":{"rendered":"Rivera se destaca por la calidad de su miel sin glifosato"},"content":{"rendered":"<p>-La IDR firma convenio con ANDE por $2.700.000 (dos millones setecientos mil pesos)<br \/>\n-M\u00e1s de 12 apicultores comienzan a capacitarse el 1\u00b0 de marzo, durante 24 meses<br \/>\n-El resultado final es exportar desde Rivera con un mejor precio<\/p>\n<p>En la ma\u00f1ana del mi\u00e9rcoles 8, el intendente Departamental de Rivera, Cr. Richard Sander Dar\u00edn, firm\u00f3 un convenio con la Agencia Nacional de Desarrollo (ANDE), para fortalecer la capacidad exportadora del sector ap\u00edcola (Proyecto Bienes P\u00fablicos).<!--more--><\/p>\n<p>Desde la direcci\u00f3n General de Desarrollo y Medio Ambiente de la IDR , a trav\u00e9s de divisi\u00f3n Estrategias, el Tec. Rodrigo Vargas informa sobre el proyecto presentado al Programa de Bienes P\u00fablicos de ANDE, el cual es aprobado por $2.700.000,00; de los cuales $600,000.00 los aporta la Intendencia Departamental de Rivera (IDR).<\/p>\n<p>La intendencia de Rivera, es la unidad ejecutora del proyecto, que se extiende por 24 meses y comienza el 1ero de marzo, \u201cva a intentar fortalecer la comercializaci\u00f3n de la miel riverense\u201d.<\/p>\n<p>El proyecto se gest\u00f3 desde la Unidad de Desarrollo de la IDR, y se gener\u00f3 con la participaci\u00f3n de m\u00e1s de 12 apicultores que se comprometieron con la causa, \u201chay indicios que contamos con muy buena miel\u201d.<\/p>\n<p>Se busca valorizar la miel riverense, y se utiliza una estrategia de comercializaci\u00f3n, para lograr exportar directo desde Rivera y as\u00ed dejar m\u00e1s ganancias al productor; \u201c esto se logra trabajando mucho durante 24 meses, elaborando una marca que identifique las bondades de la miel riverense\u201d.<\/p>\n<p><strong>Miel riverense<\/strong><\/p>\n<p>La miel se caracteriza por no presentar glifosato y en algunos casos muy bajos niveles; el cual se debe al modelo productivo del departamento.<\/p>\n<p>Desde la intendencia de Rivera, se busca articular la academia (Universidad) con el sector productivo, para valorizar la miel desde el conocimiento y las bondades de la misma, as\u00ed lo inform\u00f3 el Tec. Rodrigo Vargas de divisi\u00f3n Estrategia de la IDR.<\/p>\n<p><iframe loading=\"lazy\" title=\"Rivera se destaca por la calidad de su miel sin glifosato\" width=\"1160\" height=\"653\" src=\"https:\/\/www.youtube.com\/embed\/TsKoQoMjl1o?feature=oembed\" frameborder=\"0\" allow=\"accelerometer; autoplay; encrypted-media; gyroscope; picture-in-picture\" allowfullscreen><\/iframe><\/p>\n","protected":false},"excerpt":{"rendered":"<p>-La IDR firma convenio con ANDE por $2.700.000 (dos millones setecientos mil pesos) -M\u00e1s de 12 apicultores comienzan a capacitarse el 1\u00b0 de marzo, durante 24 meses -El resultado final es exportar desde Rivera con un mejor precio En la ma\u00f1ana del mi\u00e9rcoles 8, el intendente Departamental de Rivera, Cr. Richard Sander Dar\u00edn, firm\u00f3 un [&hellip;]<\/p>\n","protected":false},"author":7,"featured_media":20893,"comment_status":"open","ping_status":"open","sticky":false,"template":"","format":"standard","meta":{"footnotes":""},"categories":[3,1],"tags":[],"class_list":["post-20892","post","type-post","status-publish","format-standard","has-post-thumbnail","hentry","category-multimedia","category-novedades"],"_links":{"self":[{"href":"https:\/\/www.rivera.gub.uy\/portal\/wp-json\/wp\/v2\/posts\/20892","targetHints":{"allow":["GET"]}}],"collection":[{"href":"https:\/\/www.rivera.gub.uy\/portal\/wp-json\/wp\/v2\/posts"}],"about":[{"href":"https:\/\/www.rivera.gub.uy\/portal\/wp-json\/wp\/v2\/types\/post"}],"author":[{"embeddable":true,"href":"https:\/\/www.rivera.gub.uy\/portal\/wp-json\/wp\/v2\/users\/7"}],"replies":[{"embeddable":true,"href":"https:\/\/www.rivera.gub.uy\/portal\/wp-json\/wp\/v2\/comments?post=20892"}],"version-history":[{"count":2,"href":"https:\/\/www.rivera.gub.uy\/portal\/wp-json\/wp\/v2\/posts\/20892\/revisions"}],"predecessor-version":[{"id":20895,"href":"https:\/\/www.rivera.gub.uy\/portal\/wp-json\/wp\/v2\/posts\/20892\/revisions\/20895"}],"wp:featuredmedia":[{"embeddable":true,"href":"https:\/\/www.rivera.gub.uy\/portal\/wp-json\/wp\/v2\/media\/20893"}],"wp:attachment":[{"href":"https:\/\/www.rivera.gub.uy\/portal\/wp-json\/wp\/v2\/media?parent=20892"}],"wp:term":[{"taxonomy":"category","embeddable":true,"href":"https:\/\/www.rivera.gub.uy\/portal\/wp-json\/wp\/v2\/categories?post=20892"},{"taxonomy":"post_tag","embeddable":true,"href":"https:\/\/www.rivera.gub.uy\/portal\/wp-json\/wp\/v2\/tags?post=20892"}],"curies":[{"name":"wp","href":"https:\/\/api.w.org\/{rel}","templated":true}]}}