{"id":21269,"date":"2020-01-31T20:31:48","date_gmt":"2020-01-31T23:31:48","guid":{"rendered":"https:\/\/www.rivera.gub.uy\/portal\/?p=21269"},"modified":"2020-01-31T20:35:20","modified_gmt":"2020-01-31T23:35:20","slug":"quedo-inaugurada-la-obra-del-puente-sobre-el-arroyo-cunapiru-en-paso-de-castro","status":"publish","type":"post","link":"https:\/\/www.rivera.gub.uy\/portal\/quedo-inaugurada-la-obra-del-puente-sobre-el-arroyo-cunapiru-en-paso-de-castro\/","title":{"rendered":"Se inaugur\u00f3 la obra del puente sobre el Arroyo Cu\u00f1apir\u00fa en Paso de Castro"},"content":{"rendered":"<p>Con la presencia del Ministro de Transportes y Obras P\u00fablicas, Sr. Victor Rossi y el intendente de Rivera, Cr. Richard Sander Dar\u00edn, se procedi\u00f3 en horas de la tarde-noche del d\u00eda jueves 30 de enero, a la ceremonia de inauguraci\u00f3n y entrega a la sociedad, de las obras de remodelaci\u00f3n y ensanche del puente sobre el Arroyo Cu\u00f1apir\u00fa en Paso de Castro.<!--more--><\/p>\n\r\n\t<div class=\"msacwl-slider-wrap msacwl-row-clearfix \" data-conf=\"{&quot;autoplay&quot;:&quot;true&quot;,&quot;autoplay_speed&quot;:3000,&quot;speed&quot;:300,&quot;arrows&quot;:&quot;true&quot;,&quot;dots&quot;:&quot;true&quot;,&quot;lazyload&quot;:&quot;&quot;}\">\r\n\t\t<div id=\"msacwl-slider-1\" class=\"msacwl-slider msacwl-common-slider msacwl-slider-popup\">\r\n\t\t\t\t\t\t<div class=\"msacwl-slide\" data-item-index=\"1\" >\r\n\t\t\t\t<a class=\"msacwl-img-link\" href=\"javascript:void(0);\" data-mfp-src=\"https:\/\/www.rivera.gub.uy\/portal\/wp-content\/uploads\/2020\/01\/puente-paso-de-castro.jpg\">\r\n\t\t\t\t\t<img decoding=\"async\" class=\"msacwl-img\" src=\"https:\/\/www.rivera.gub.uy\/portal\/wp-content\/uploads\/2020\/01\/puente-paso-de-castro.jpg\"  data-title=\"\" alt=\"\" \/>\r\n\t\t\t\t<\/a>\r\n\t\t\t\t\t\t\t\t\t<div class=\"msacwl-gallery-caption\">\r\n\t\t\t\t\t\t\t\t\t\t\t\t\t<span class=\"image_title\"><\/span>\r\n\t\t\t\t\t\t\t\t\t\t\t\t\t<span><\/span>\r\n\t\t\t\t\t\t \t\t\t\t\t<\/div>\r\n\t\t\t\t\t\t\t<\/div>\r\n\t\t\t\t\t\t<div class=\"msacwl-slide\" data-item-index=\"2\" >\r\n\t\t\t\t<a class=\"msacwl-img-link\" href=\"javascript:void(0);\" data-mfp-src=\"https:\/\/www.rivera.gub.uy\/portal\/wp-content\/uploads\/2020\/01\/inagururacion-1.jpg\">\r\n\t\t\t\t\t<img decoding=\"async\" class=\"msacwl-img\" src=\"https:\/\/www.rivera.gub.uy\/portal\/wp-content\/uploads\/2020\/01\/inagururacion-1.jpg\"  data-title=\"\" alt=\"\" \/>\r\n\t\t\t\t<\/a>\r\n\t\t\t\t\t\t\t\t\t<div class=\"msacwl-gallery-caption\">\r\n\t\t\t\t\t\t\t\t\t\t\t\t\t<span class=\"image_title\"><\/span>\r\n\t\t\t\t\t\t\t\t\t\t\t\t\t<span><\/span>\r\n\t\t\t\t\t\t \t\t\t\t\t<\/div>\r\n\t\t\t\t\t\t\t<\/div>\r\n\t\t\t\t\t\t<div class=\"msacwl-slide\" data-item-index=\"3\" >\r\n\t\t\t\t<a class=\"msacwl-img-link\" href=\"javascript:void(0);\" data-mfp-src=\"https:\/\/www.rivera.gub.uy\/portal\/wp-content\/uploads\/2020\/01\/DSC_0670.jpg\">\r\n\t\t\t\t\t<img decoding=\"async\" class=\"msacwl-img\" src=\"https:\/\/www.rivera.gub.uy\/portal\/wp-content\/uploads\/2020\/01\/DSC_0670.jpg\"  data-title=\"\" alt=\"\" \/>\r\n\t\t\t\t<\/a>\r\n\t\t\t\t\t\t\t\t\t<div class=\"msacwl-gallery-caption\">\r\n\t\t\t\t\t\t\t\t\t\t\t\t\t<span class=\"image_title\"><\/span>\r\n\t\t\t\t\t\t\t\t\t\t\t\t\t<span><\/span>\r\n\t\t\t\t\t\t \t\t\t\t\t<\/div>\r\n\t\t\t\t\t\t\t<\/div>\r\n\t\t\t\t\t<\/div>\r\n\t<\/div>\r\n\r\n\t\n<p>Sander, indic\u00f3, \u201cmuy contento en este obra que acabamos de inaugurar junto al ministro Rossi, que es la entrada al Uruguay, la entrada a la ciudad de Rivera, que viene a complementar el gran esfuerzo que ha hecho la intendencia Departamental con la ciclov\u00eda, con el puente La Racca, con Nemesio Escobar, con Guido Machado Brum, con los sem\u00e1foros nuevos, con todo el entorno de la UTEC y la Universidad de la Rep\u00fablica, con todo el esfuerzo que hacen todos los riverenses por dejar mejor a nuestro Departamento, creo que en definitiva es una noche muy especial\u201d.<\/p>\n<p>&nbsp;<\/p>\n<p><iframe loading=\"lazy\" title=\"Inauguraci\u00f3n Puente Paso de Castro\" width=\"1160\" height=\"653\" src=\"https:\/\/www.youtube.com\/embed\/OUWM5FOOpSI?feature=oembed\" frameborder=\"0\" allow=\"accelerometer; autoplay; encrypted-media; gyroscope; picture-in-picture\" allowfullscreen><\/iframe><\/p>\n","protected":false},"excerpt":{"rendered":"<p>Con la presencia del Ministro de Transportes y Obras P\u00fablicas, Sr. Victor Rossi y el intendente de Rivera, Cr. Richard Sander Dar\u00edn, se procedi\u00f3 en horas de la tarde-noche del d\u00eda jueves 30 de enero, a la ceremonia de inauguraci\u00f3n y entrega a la sociedad, de las obras de remodelaci\u00f3n y ensanche del puente sobre [&hellip;]<\/p>\n","protected":false},"author":1,"featured_media":21271,"comment_status":"open","ping_status":"open","sticky":false,"template":"","format":"standard","meta":{"footnotes":""},"categories":[3,1],"tags":[36,1065,33,104],"class_list":["post-21269","post","type-post","status-publish","format-standard","has-post-thumbnail","hentry","category-multimedia","category-novedades","tag-intendencia","tag-paso-de-castro","tag-rivera","tag-uruguay"],"_links":{"self":[{"href":"https:\/\/www.rivera.gub.uy\/portal\/wp-json\/wp\/v2\/posts\/21269","targetHints":{"allow":["GET"]}}],"collection":[{"href":"https:\/\/www.rivera.gub.uy\/portal\/wp-json\/wp\/v2\/posts"}],"about":[{"href":"https:\/\/www.rivera.gub.uy\/portal\/wp-json\/wp\/v2\/types\/post"}],"author":[{"embeddable":true,"href":"https:\/\/www.rivera.gub.uy\/portal\/wp-json\/wp\/v2\/users\/1"}],"replies":[{"embeddable":true,"href":"https:\/\/www.rivera.gub.uy\/portal\/wp-json\/wp\/v2\/comments?post=21269"}],"version-history":[{"count":3,"href":"https:\/\/www.rivera.gub.uy\/portal\/wp-json\/wp\/v2\/posts\/21269\/revisions"}],"predecessor-version":[{"id":21275,"href":"https:\/\/www.rivera.gub.uy\/portal\/wp-json\/wp\/v2\/posts\/21269\/revisions\/21275"}],"wp:featuredmedia":[{"embeddable":true,"href":"https:\/\/www.rivera.gub.uy\/portal\/wp-json\/wp\/v2\/media\/21271"}],"wp:attachment":[{"href":"https:\/\/www.rivera.gub.uy\/portal\/wp-json\/wp\/v2\/media?parent=21269"}],"wp:term":[{"taxonomy":"category","embeddable":true,"href":"https:\/\/www.rivera.gub.uy\/portal\/wp-json\/wp\/v2\/categories?post=21269"},{"taxonomy":"post_tag","embeddable":true,"href":"https:\/\/www.rivera.gub.uy\/portal\/wp-json\/wp\/v2\/tags?post=21269"}],"curies":[{"name":"wp","href":"https:\/\/api.w.org\/{rel}","templated":true}]}}