{"id":21338,"date":"2020-02-04T17:51:15","date_gmt":"2020-02-04T20:51:15","guid":{"rendered":"https:\/\/www.rivera.gub.uy\/portal\/?p=21338"},"modified":"2020-02-04T17:51:15","modified_gmt":"2020-02-04T20:51:15","slug":"se-realizo-en-montevideo-el-lanzamiento-de-la-29a-fiesta-de-la-sandia-y-la-forestacion","status":"publish","type":"post","link":"https:\/\/www.rivera.gub.uy\/portal\/se-realizo-en-montevideo-el-lanzamiento-de-la-29a-fiesta-de-la-sandia-y-la-forestacion\/","title":{"rendered":"Se realiz\u00f3 en Montevideo el lanzamiento de la 29a Fiesta de la Sand\u00eda y la Forestaci\u00f3n"},"content":{"rendered":"<p>El jueves 30 de enero, en el Mercado Modelo de Montevideo, se realiz\u00f3 el lanzamiento de la 29a Fiesta<br \/>\nde la Sand\u00eda y la Forestaci\u00f3n, a llevarse a cabo en Tranqueras, los d\u00edas 7, 8 y 9 de febrero 2020.<\/p>\n<p>El director General de Desarrollo y Medio Ambiente (I) de la IDR, Lic. Santiago Esteves, integr\u00f3 la<br \/>\ndelegaci\u00f3n que fue recibida por el gerente General del Mercado Modelo y el presidente de la Unidad<br \/>\nAgroalimentaria Metropolitana (UAM).<\/p>\n<p><!--more--><\/p>\n<p>Conformaron la delegaci\u00f3n integrantes del Rotary Club Tranqueras, quienes son los organizadores de<br \/>\nla fiesta, y los coordinadores de los proyectos REDEMA y Sand\u00edas de Rivera.<\/p>\n<p>La intendencia de Rivera, fue la primera intendencia en firmar con la UAM, un acuerdo de<br \/>\ncomplementaci\u00f3n, gracias a ese acuerdo es que se lleva adelante, un proyecto que incluye tener un<br \/>\nespacio en el pr\u00f3ximo Parque Agroalimentario, donde los productores de sand\u00eda de Rivera, tendr\u00e1n un<br \/>\nlugar para comercializar sus productos.<\/p>\n<p>&nbsp;<\/p>\n\r\n\t<div class=\"msacwl-slider-wrap msacwl-row-clearfix \" data-conf=\"{&quot;autoplay&quot;:&quot;true&quot;,&quot;autoplay_speed&quot;:3000,&quot;speed&quot;:300,&quot;arrows&quot;:&quot;true&quot;,&quot;dots&quot;:&quot;true&quot;,&quot;lazyload&quot;:&quot;&quot;}\">\r\n\t\t<div id=\"msacwl-slider-1\" class=\"msacwl-slider msacwl-common-slider msacwl-slider-popup\">\r\n\t\t\t\t\t\t<div class=\"msacwl-slide\" data-item-index=\"1\" >\r\n\t\t\t\t<a class=\"msacwl-img-link\" href=\"javascript:void(0);\" data-mfp-src=\"https:\/\/www.rivera.gub.uy\/portal\/wp-content\/uploads\/2020\/02\/DSC_0495.jpg\">\r\n\t\t\t\t\t<img decoding=\"async\" class=\"msacwl-img\" src=\"https:\/\/www.rivera.gub.uy\/portal\/wp-content\/uploads\/2020\/02\/DSC_0495.jpg\"  data-title=\"\" alt=\"\" \/>\r\n\t\t\t\t<\/a>\r\n\t\t\t\t\t\t\t\t\t<div class=\"msacwl-gallery-caption\">\r\n\t\t\t\t\t\t\t\t\t\t\t\t\t<span class=\"image_title\"><\/span>\r\n\t\t\t\t\t\t\t\t\t\t\t\t\t<span><\/span>\r\n\t\t\t\t\t\t \t\t\t\t\t<\/div>\r\n\t\t\t\t\t\t\t<\/div>\r\n\t\t\t\t\t\t<div class=\"msacwl-slide\" data-item-index=\"2\" >\r\n\t\t\t\t<a class=\"msacwl-img-link\" href=\"javascript:void(0);\" data-mfp-src=\"https:\/\/www.rivera.gub.uy\/portal\/wp-content\/uploads\/2020\/02\/DSC_0504.jpg\">\r\n\t\t\t\t\t<img decoding=\"async\" class=\"msacwl-img\" src=\"https:\/\/www.rivera.gub.uy\/portal\/wp-content\/uploads\/2020\/02\/DSC_0504.jpg\"  data-title=\"\" alt=\"\" \/>\r\n\t\t\t\t<\/a>\r\n\t\t\t\t\t\t\t\t\t<div class=\"msacwl-gallery-caption\">\r\n\t\t\t\t\t\t\t\t\t\t\t\t\t<span class=\"image_title\"><\/span>\r\n\t\t\t\t\t\t\t\t\t\t\t\t\t<span><\/span>\r\n\t\t\t\t\t\t \t\t\t\t\t<\/div>\r\n\t\t\t\t\t\t\t<\/div>\r\n\t\t\t\t\t\t<div class=\"msacwl-slide\" data-item-index=\"3\" >\r\n\t\t\t\t<a class=\"msacwl-img-link\" href=\"javascript:void(0);\" data-mfp-src=\"https:\/\/www.rivera.gub.uy\/portal\/wp-content\/uploads\/2020\/02\/DSC_0509.jpg\">\r\n\t\t\t\t\t<img decoding=\"async\" class=\"msacwl-img\" src=\"https:\/\/www.rivera.gub.uy\/portal\/wp-content\/uploads\/2020\/02\/DSC_0509.jpg\"  data-title=\"\" alt=\"\" \/>\r\n\t\t\t\t<\/a>\r\n\t\t\t\t\t\t\t\t\t<div class=\"msacwl-gallery-caption\">\r\n\t\t\t\t\t\t\t\t\t\t\t\t\t<span class=\"image_title\"><\/span>\r\n\t\t\t\t\t\t\t\t\t\t\t\t\t<span><\/span>\r\n\t\t\t\t\t\t \t\t\t\t\t<\/div>\r\n\t\t\t\t\t\t\t<\/div>\r\n\t\t\t\t\t\t<div class=\"msacwl-slide\" data-item-index=\"4\" >\r\n\t\t\t\t<a class=\"msacwl-img-link\" href=\"javascript:void(0);\" data-mfp-src=\"https:\/\/www.rivera.gub.uy\/portal\/wp-content\/uploads\/2020\/02\/DSC_0523.jpg\">\r\n\t\t\t\t\t<img decoding=\"async\" class=\"msacwl-img\" src=\"https:\/\/www.rivera.gub.uy\/portal\/wp-content\/uploads\/2020\/02\/DSC_0523.jpg\"  data-title=\"\" alt=\"\" \/>\r\n\t\t\t\t<\/a>\r\n\t\t\t\t\t\t\t\t\t<div class=\"msacwl-gallery-caption\">\r\n\t\t\t\t\t\t\t\t\t\t\t\t\t<span class=\"image_title\"><\/span>\r\n\t\t\t\t\t\t\t\t\t\t\t\t\t<span><\/span>\r\n\t\t\t\t\t\t \t\t\t\t\t<\/div>\r\n\t\t\t\t\t\t\t<\/div>\r\n\t\t\t\t\t\t<div class=\"msacwl-slide\" data-item-index=\"5\" >\r\n\t\t\t\t<a class=\"msacwl-img-link\" href=\"javascript:void(0);\" data-mfp-src=\"https:\/\/www.rivera.gub.uy\/portal\/wp-content\/uploads\/2020\/02\/DSC_0538.jpg\">\r\n\t\t\t\t\t<img decoding=\"async\" class=\"msacwl-img\" src=\"https:\/\/www.rivera.gub.uy\/portal\/wp-content\/uploads\/2020\/02\/DSC_0538.jpg\"  data-title=\"\" alt=\"\" \/>\r\n\t\t\t\t<\/a>\r\n\t\t\t\t\t\t\t\t\t<div class=\"msacwl-gallery-caption\">\r\n\t\t\t\t\t\t\t\t\t\t\t\t\t<span class=\"image_title\"><\/span>\r\n\t\t\t\t\t\t\t\t\t\t\t\t\t<span><\/span>\r\n\t\t\t\t\t\t \t\t\t\t\t<\/div>\r\n\t\t\t\t\t\t\t<\/div>\r\n\t\t\t\t\t\t<div class=\"msacwl-slide\" data-item-index=\"6\" >\r\n\t\t\t\t<a class=\"msacwl-img-link\" href=\"javascript:void(0);\" data-mfp-src=\"https:\/\/www.rivera.gub.uy\/portal\/wp-content\/uploads\/2020\/02\/DSC_0545.jpg\">\r\n\t\t\t\t\t<img decoding=\"async\" class=\"msacwl-img\" src=\"https:\/\/www.rivera.gub.uy\/portal\/wp-content\/uploads\/2020\/02\/DSC_0545.jpg\"  data-title=\"\" alt=\"\" \/>\r\n\t\t\t\t<\/a>\r\n\t\t\t\t\t\t\t\t\t<div class=\"msacwl-gallery-caption\">\r\n\t\t\t\t\t\t\t\t\t\t\t\t\t<span class=\"image_title\"><\/span>\r\n\t\t\t\t\t\t\t\t\t\t\t\t\t<span><\/span>\r\n\t\t\t\t\t\t \t\t\t\t\t<\/div>\r\n\t\t\t\t\t\t\t<\/div>\r\n\t\t\t\t\t\t<div class=\"msacwl-slide\" data-item-index=\"7\" >\r\n\t\t\t\t<a class=\"msacwl-img-link\" href=\"javascript:void(0);\" data-mfp-src=\"https:\/\/www.rivera.gub.uy\/portal\/wp-content\/uploads\/2020\/02\/DSC_0575.jpg\">\r\n\t\t\t\t\t<img decoding=\"async\" class=\"msacwl-img\" src=\"https:\/\/www.rivera.gub.uy\/portal\/wp-content\/uploads\/2020\/02\/DSC_0575.jpg\"  data-title=\"\" alt=\"\" \/>\r\n\t\t\t\t<\/a>\r\n\t\t\t\t\t\t\t\t\t<div class=\"msacwl-gallery-caption\">\r\n\t\t\t\t\t\t\t\t\t\t\t\t\t<span class=\"image_title\"><\/span>\r\n\t\t\t\t\t\t\t\t\t\t\t\t\t<span><\/span>\r\n\t\t\t\t\t\t \t\t\t\t\t<\/div>\r\n\t\t\t\t\t\t\t<\/div>\r\n\t\t\t\t\t\t<div class=\"msacwl-slide\" data-item-index=\"8\" >\r\n\t\t\t\t<a class=\"msacwl-img-link\" href=\"javascript:void(0);\" data-mfp-src=\"https:\/\/www.rivera.gub.uy\/portal\/wp-content\/uploads\/2020\/02\/DSC_0600.jpg\">\r\n\t\t\t\t\t<img decoding=\"async\" class=\"msacwl-img\" src=\"https:\/\/www.rivera.gub.uy\/portal\/wp-content\/uploads\/2020\/02\/DSC_0600.jpg\"  data-title=\"\" alt=\"\" \/>\r\n\t\t\t\t<\/a>\r\n\t\t\t\t\t\t\t\t\t<div class=\"msacwl-gallery-caption\">\r\n\t\t\t\t\t\t\t\t\t\t\t\t\t<span class=\"image_title\"><\/span>\r\n\t\t\t\t\t\t\t\t\t\t\t\t\t<span><\/span>\r\n\t\t\t\t\t\t \t\t\t\t\t<\/div>\r\n\t\t\t\t\t\t\t<\/div>\r\n\t\t\t\t\t\t<div class=\"msacwl-slide\" data-item-index=\"9\" >\r\n\t\t\t\t<a class=\"msacwl-img-link\" href=\"javascript:void(0);\" data-mfp-src=\"https:\/\/www.rivera.gub.uy\/portal\/wp-content\/uploads\/2020\/02\/DSC_0623.jpg\">\r\n\t\t\t\t\t<img decoding=\"async\" class=\"msacwl-img\" src=\"https:\/\/www.rivera.gub.uy\/portal\/wp-content\/uploads\/2020\/02\/DSC_0623.jpg\"  data-title=\"\" alt=\"\" \/>\r\n\t\t\t\t<\/a>\r\n\t\t\t\t\t\t\t\t\t<div class=\"msacwl-gallery-caption\">\r\n\t\t\t\t\t\t\t\t\t\t\t\t\t<span class=\"image_title\"><\/span>\r\n\t\t\t\t\t\t\t\t\t\t\t\t\t<span><\/span>\r\n\t\t\t\t\t\t \t\t\t\t\t<\/div>\r\n\t\t\t\t\t\t\t<\/div>\r\n\t\t\t\t\t<\/div>\r\n\t<\/div>\r\n\r\n\t\n<p>&nbsp;<\/p>\n<p>Sand\u00edas de Rivera<\/p>\n<p>La producci\u00f3n de sand\u00edas de Rivera, \u201ces mucho m\u00e1s que un producto, es una forma de trabajar\u201d, acerca<br \/>\nfamilias, conocimientos y experiencia a la capital, generando un \u00e1mbito diferencial y los aproxima al<br \/>\nnorte del pa\u00eds, as\u00ed lo expres\u00f3 el gerente General del Mercado Modelo, Ing. Enrique Rodr\u00edguez.<\/p>\n<p>&nbsp;<\/p>\n<p><iframe loading=\"lazy\" title=\"Fiesta de la Sandia en Montevideo\" width=\"1160\" height=\"653\" src=\"https:\/\/www.youtube.com\/embed\/m_uVXzQJ45M?feature=oembed\" frameborder=\"0\" allow=\"accelerometer; autoplay; encrypted-media; gyroscope; picture-in-picture\" allowfullscreen><\/iframe><\/p>\n<p>&nbsp;<\/p>\n","protected":false},"excerpt":{"rendered":"<p>El jueves 30 de enero, en el Mercado Modelo de Montevideo, se realiz\u00f3 el lanzamiento de la 29a Fiesta de la Sand\u00eda y la Forestaci\u00f3n, a llevarse a cabo en Tranqueras, los d\u00edas 7, 8 y 9 de febrero 2020. El director General de Desarrollo y Medio Ambiente (I) de la IDR, Lic. Santiago Esteves, [&hellip;]<\/p>\n","protected":false},"author":1,"featured_media":21228,"comment_status":"open","ping_status":"open","sticky":false,"template":"","format":"standard","meta":{"footnotes":""},"categories":[3,21,1],"tags":[],"class_list":["post-21338","post","type-post","status-publish","format-standard","has-post-thumbnail","hentry","category-multimedia","category-municipios","category-novedades"],"_links":{"self":[{"href":"https:\/\/www.rivera.gub.uy\/portal\/wp-json\/wp\/v2\/posts\/21338","targetHints":{"allow":["GET"]}}],"collection":[{"href":"https:\/\/www.rivera.gub.uy\/portal\/wp-json\/wp\/v2\/posts"}],"about":[{"href":"https:\/\/www.rivera.gub.uy\/portal\/wp-json\/wp\/v2\/types\/post"}],"author":[{"embeddable":true,"href":"https:\/\/www.rivera.gub.uy\/portal\/wp-json\/wp\/v2\/users\/1"}],"replies":[{"embeddable":true,"href":"https:\/\/www.rivera.gub.uy\/portal\/wp-json\/wp\/v2\/comments?post=21338"}],"version-history":[{"count":1,"href":"https:\/\/www.rivera.gub.uy\/portal\/wp-json\/wp\/v2\/posts\/21338\/revisions"}],"predecessor-version":[{"id":21357,"href":"https:\/\/www.rivera.gub.uy\/portal\/wp-json\/wp\/v2\/posts\/21338\/revisions\/21357"}],"wp:featuredmedia":[{"embeddable":true,"href":"https:\/\/www.rivera.gub.uy\/portal\/wp-json\/wp\/v2\/media\/21228"}],"wp:attachment":[{"href":"https:\/\/www.rivera.gub.uy\/portal\/wp-json\/wp\/v2\/media?parent=21338"}],"wp:term":[{"taxonomy":"category","embeddable":true,"href":"https:\/\/www.rivera.gub.uy\/portal\/wp-json\/wp\/v2\/categories?post=21338"},{"taxonomy":"post_tag","embeddable":true,"href":"https:\/\/www.rivera.gub.uy\/portal\/wp-json\/wp\/v2\/tags?post=21338"}],"curies":[{"name":"wp","href":"https:\/\/api.w.org\/{rel}","templated":true}]}}