{"id":21597,"date":"2020-02-17T11:45:45","date_gmt":"2020-02-17T14:45:45","guid":{"rendered":"https:\/\/www.rivera.gub.uy\/portal\/?p=21597"},"modified":"2020-02-17T12:03:00","modified_gmt":"2020-02-17T15:03:00","slug":"lanzamiento-carnaval-2020","status":"publish","type":"post","link":"https:\/\/www.rivera.gub.uy\/portal\/lanzamiento-carnaval-2020\/","title":{"rendered":"Lanzamiento: Carnaval 2020"},"content":{"rendered":"<p>Este martes 18 de febrero, se realizar\u00e1 el lanzamiento del Carnaval 2020 de Rivera.<\/p>\n<p>El mismo tendr\u00e1 lugar en Plaza Flores, a las 20 horas, y contar\u00e1 con la presencia de la intendente Alma Galup Migliarini.<\/p>\n<p>En caso de mal tiempo, el evento se trasladar\u00e1 al Sal\u00f3n de Actos de la IDR (Agraciada 570 &#8211; ss2).<\/p>\n","protected":false},"excerpt":{"rendered":"<p>Este martes 18 de febrero, se realizar\u00e1 el lanzamiento del Carnaval 2020 de Rivera. El mismo tendr\u00e1 lugar en Plaza Flores, a las 20 horas, y contar\u00e1 con la presencia de la intendente Alma Galup Migliarini. En caso de mal tiempo, el evento se trasladar\u00e1 al Sal\u00f3n de Actos de la IDR (Agraciada 570 &#8211; [&hellip;]<\/p>\n","protected":false},"author":1,"featured_media":21600,"comment_status":"open","ping_status":"open","sticky":false,"template":"","format":"standard","meta":{"footnotes":""},"categories":[6,1],"tags":[1070,396,36,33],"class_list":["post-21597","post","type-post","status-publish","format-standard","has-post-thumbnail","hentry","category-cultura","category-novedades","tag-1070","tag-carnaval","tag-intendencia","tag-rivera"],"_links":{"self":[{"href":"https:\/\/www.rivera.gub.uy\/portal\/wp-json\/wp\/v2\/posts\/21597","targetHints":{"allow":["GET"]}}],"collection":[{"href":"https:\/\/www.rivera.gub.uy\/portal\/wp-json\/wp\/v2\/posts"}],"about":[{"href":"https:\/\/www.rivera.gub.uy\/portal\/wp-json\/wp\/v2\/types\/post"}],"author":[{"embeddable":true,"href":"https:\/\/www.rivera.gub.uy\/portal\/wp-json\/wp\/v2\/users\/1"}],"replies":[{"embeddable":true,"href":"https:\/\/www.rivera.gub.uy\/portal\/wp-json\/wp\/v2\/comments?post=21597"}],"version-history":[{"count":1,"href":"https:\/\/www.rivera.gub.uy\/portal\/wp-json\/wp\/v2\/posts\/21597\/revisions"}],"predecessor-version":[{"id":21599,"href":"https:\/\/www.rivera.gub.uy\/portal\/wp-json\/wp\/v2\/posts\/21597\/revisions\/21599"}],"wp:featuredmedia":[{"embeddable":true,"href":"https:\/\/www.rivera.gub.uy\/portal\/wp-json\/wp\/v2\/media\/21600"}],"wp:attachment":[{"href":"https:\/\/www.rivera.gub.uy\/portal\/wp-json\/wp\/v2\/media?parent=21597"}],"wp:term":[{"taxonomy":"category","embeddable":true,"href":"https:\/\/www.rivera.gub.uy\/portal\/wp-json\/wp\/v2\/categories?post=21597"},{"taxonomy":"post_tag","embeddable":true,"href":"https:\/\/www.rivera.gub.uy\/portal\/wp-json\/wp\/v2\/tags?post=21597"}],"curies":[{"name":"wp","href":"https:\/\/api.w.org\/{rel}","templated":true}]}}