{"id":22061,"date":"2020-03-16T18:40:01","date_gmt":"2020-03-16T21:40:01","guid":{"rendered":"https:\/\/www.rivera.gub.uy\/portal\/?p=22061"},"modified":"2020-03-16T19:11:03","modified_gmt":"2020-03-16T22:11:03","slug":"comunicado-a-toda-la-poblacion","status":"publish","type":"post","link":"https:\/\/www.rivera.gub.uy\/portal\/comunicado-a-toda-la-poblacion\/","title":{"rendered":"COMUNICADO A TODA LA POBLACI\u00d3N"},"content":{"rendered":"<p><strong>Lunes 16 de Marzo de 2020<\/strong><\/p>\n<p>En el marco de la Resoluci\u00f3n del Poder Ejecutivo por el cual se decret\u00f3 la Emergencia Sanitaria en todo el territorio nacional, en acuerdo con las medidas preventivas tomadas ante la propagaci\u00f3n del Coronavirus (COVID-19) y reunido el Consejo Departamental de Gobierno<!--more--><br \/>\nLa Intendencia de Rivera comunica a toda la poblaci\u00f3n:<\/p>\n<ol>\n<li>Se exhorta a la ciudadan\u00eda a mantener la calma y la solidaridad p\u00fablica adoptando todas las medidas de prevenci\u00f3n determinadas por las autoridades de la salud.<\/li>\n<li>En cuanto a la atenci\u00f3n al p\u00fablico en las oficinas de esta Intendencia, se solicita a la poblaci\u00f3n en general la utilizaci\u00f3n de los medios electr\u00f3nicos disponibles, evitando dirigirse de forma personal.<\/li>\n<li>Se establece que la atenci\u00f3n al p\u00fablico, a trav\u00e9s de agenda electr\u00f3nica para Libreta de Conducir ser\u00e1 reprogramada y s\u00f3lo se atender\u00e1n a 20 n\u00fameros por d\u00eda.<\/li>\n<li>Asimismo en las oficinas de Divisi\u00f3n Tributos, Registro Civil y Tr\u00e1mites y Habilitaciones se expedir\u00e1n la misma cantidad de n\u00fameros (20) al inicio de cada jornada.<\/li>\n<li>Con respecto al Uso de la Terminal de \u00d3mnibus se solicita a la poblaci\u00f3n la colaboraci\u00f3n del caso, evitando permanecer en la misma y presentarse 10 minutos antes de la salida de cada servicio programado.<\/li>\n<li>Respecto al servicio de Comedores Municipales los mismos brindar\u00e1n su atenci\u00f3n a puertas cerradas con reparto de vianda a cada usuario.<\/li>\n<li>Ante la suspensi\u00f3n de clases en las distintas instituciones educativas se dispuso el cierre temporario de los Hogares Estudiantiles.<\/li>\n<\/ol>\n","protected":false},"excerpt":{"rendered":"<p>Lunes 16 de Marzo de 2020 En el marco de la Resoluci\u00f3n del Poder Ejecutivo por el cual se decret\u00f3 la Emergencia Sanitaria en todo el territorio nacional, en acuerdo con las medidas preventivas tomadas ante la propagaci\u00f3n del Coronavirus (COVID-19) y reunido el Consejo Departamental de Gobierno<\/p>\n","protected":false},"author":7,"featured_media":22062,"comment_status":"open","ping_status":"open","sticky":false,"template":"","format":"standard","meta":{"footnotes":""},"categories":[1],"tags":[804,1081,36],"class_list":["post-22061","post","type-post","status-publish","format-standard","has-post-thumbnail","hentry","category-novedades","tag-comunicado","tag-covid-19","tag-intendencia"],"_links":{"self":[{"href":"https:\/\/www.rivera.gub.uy\/portal\/wp-json\/wp\/v2\/posts\/22061","targetHints":{"allow":["GET"]}}],"collection":[{"href":"https:\/\/www.rivera.gub.uy\/portal\/wp-json\/wp\/v2\/posts"}],"about":[{"href":"https:\/\/www.rivera.gub.uy\/portal\/wp-json\/wp\/v2\/types\/post"}],"author":[{"embeddable":true,"href":"https:\/\/www.rivera.gub.uy\/portal\/wp-json\/wp\/v2\/users\/7"}],"replies":[{"embeddable":true,"href":"https:\/\/www.rivera.gub.uy\/portal\/wp-json\/wp\/v2\/comments?post=22061"}],"version-history":[{"count":1,"href":"https:\/\/www.rivera.gub.uy\/portal\/wp-json\/wp\/v2\/posts\/22061\/revisions"}],"predecessor-version":[{"id":22063,"href":"https:\/\/www.rivera.gub.uy\/portal\/wp-json\/wp\/v2\/posts\/22061\/revisions\/22063"}],"wp:featuredmedia":[{"embeddable":true,"href":"https:\/\/www.rivera.gub.uy\/portal\/wp-json\/wp\/v2\/media\/22062"}],"wp:attachment":[{"href":"https:\/\/www.rivera.gub.uy\/portal\/wp-json\/wp\/v2\/media?parent=22061"}],"wp:term":[{"taxonomy":"category","embeddable":true,"href":"https:\/\/www.rivera.gub.uy\/portal\/wp-json\/wp\/v2\/categories?post=22061"},{"taxonomy":"post_tag","embeddable":true,"href":"https:\/\/www.rivera.gub.uy\/portal\/wp-json\/wp\/v2\/tags?post=22061"}],"curies":[{"name":"wp","href":"https:\/\/api.w.org\/{rel}","templated":true}]}}