{"id":22135,"date":"2020-03-23T21:53:04","date_gmt":"2020-03-24T00:53:04","guid":{"rendered":"https:\/\/www.rivera.gub.uy\/portal\/?p=22135"},"modified":"2020-03-23T21:59:01","modified_gmt":"2020-03-24T00:59:01","slug":"transporte-urbano-y-rural","status":"publish","type":"post","link":"https:\/\/www.rivera.gub.uy\/portal\/transporte-urbano-y-rural\/","title":{"rendered":"Horarios de transporte urbano y rural"},"content":{"rendered":"<p>La Direcci\u00f3n de Tr\u00e1nsito y Transporte comunica a todos los usuarios de las l\u00edneas de transporte rurales, que el servicio se est\u00e1 brindando a la poblaci\u00f3n solamente a trav\u00e9s de dos frecuencias diarias: una en la ma\u00f1ana y otra en la tarde.<\/p>\n<p>Por otra parte, las l\u00edneas de transporte urbano se realizan con frecuencia horaria de domingos y feriados (una unidad por hora).<!--more--><\/p>\n<p>A partir del d\u00eda 24 de marzo, las l\u00edneas Departamentales contar\u00e1n con los siguientes horarios:<\/p>\n<p>Frecuencias al Municipio de <strong>Vichadero<\/strong> de <strong>lunes a s\u00e1bado<\/strong> por Ruta 27<\/p>\n<ul>\n<li>salidas de Vichadero a Rivera: 5:30 y 18 hs (Empresa JOTA TURISMO)<\/li>\n<li>salidas de Rivera a Vichadero: 5:30 y 18 hs (EMPRESA JOTA TURISMO).<\/li>\n<\/ul>\n<p>Frecuencias al Municipio de <strong>Minas de Corrales <\/strong><\/p>\n<p>RUTAS 27 y 28 (MACHADO TRANS y ONDA MARINA)<br \/>\nRUTAS 5 y 29 (RIMASIL)<\/p>\n<ul>\n<li>de lunes a viernes:\n<ul>\n<li>salidas de Minas de Corrales a Rivera\n<ul>\n<li>Hora : 6:00 (MACHADOTRANS)<\/li>\n<li>Hora 6:30 (RIMASIL)<\/li>\n<li>Hora 11:00 (ONDA MARINA)<\/li>\n<li>Hora 14:00 (RIMASIL)<\/li>\n<\/ul>\n<\/li>\n<li>salidas de Rivera a Minas de Corrales\n<ul>\n<li>Hora 11:30 (MACHADOTRANS)<\/li>\n<li>Hora 12:00 (RIMASIL)<\/li>\n<li>Hora 16:30 (RIMASIL)<\/li>\n<li>Hora 17:00 (ONDA MARINA)<\/li>\n<\/ul>\n<\/li>\n<\/ul>\n<\/li>\n<li>d\u00edas s\u00e1bado:\n<ul>\n<li>salidas de Minas de Corrales a Rivera\n<ul>\n<li>Hora 6:30 (EMPRESA RIMASIL)<\/li>\n<li>Hora 11:00 (ONDA MARINA)<\/li>\n<\/ul>\n<\/li>\n<li>salidas de Rivera a Minas de Corrales\n<ul>\n<li>Hora 12:00 (EMPRESA RIMASIL)<\/li>\n<li>Hora 17:00 (ONDA MARINA)<\/li>\n<\/ul>\n<\/li>\n<\/ul>\n<\/li>\n<\/ul>\n<p>Frecuencias a la Ciudad de <strong>Tranqueras<\/strong> de lunes a s\u00e1bado RUTAS 5 y 30<\/p>\n<ul>\n<li>salida de Tranqueras a Rivera hora 8:00 (EMPRESA COIT)<\/li>\n<li>salida de Rivera a Tranqueras hora 20 (EMPRESA COIT)<\/li>\n<\/ul>\n<p>Frecuencias de <strong>Masoller<\/strong> a Rivera (pasando por la Ciudad de Tranqueras) RUTAS 5 y 30<\/p>\n<ul>\n<li>de lunes a viernes:\n<ul>\n<li>salidas de Rivera a Masoller\n<ul>\n<li>Hora 6:30 (EMPRESA RUTAS DE ORO)<\/li>\n<li>Hora 16:30 (EMPRESA RIMASIL)<\/li>\n<\/ul>\n<\/li>\n<li>salidas de Masoller a Rivera\n<ul>\n<li>Hora 8:30 (EMPRESA RIMASIL)<\/li>\n<li>Hora 11:30 (EMPRESA RUTAS DE ORO)<\/li>\n<\/ul>\n<\/li>\n<\/ul>\n<\/li>\n<li>d\u00edas s\u00e1bado\n<ul>\n<li>salida de Masoller a Rivera: 8:30 (EMPRESA RIMASIL)<\/li>\n<li>salida de Rivera a Masoller: 16:30 (EMPRESA RIMASIL)<\/li>\n<\/ul>\n<\/li>\n<\/ul>\n<p>Frecuencias de Rivera a <strong>Las Flores<\/strong> lunes y viernes RUTA 27 &#8211; <strong>La Caillava<\/strong> &#8211; <strong>Amarillo<\/strong> y RUTA 44 hasta Las Flores<\/p>\n<ul>\n<li>salida de Las Flores a Rivera hora 5:15 (EMPRESA MB VIAJES)<\/li>\n<li>salida de Rivera a Las Flores hora 14:00 (EMPRESA MB VIAJES)<\/li>\n<\/ul>\n<p>Resoluci\u00f3n: (<a href=\"https:\/\/www.rivera.gub.uy\/portal\/wp-content\/uploads\/2020\/03\/resolucion-8720.pdf\" target=\"_blank\" rel=\"noopener noreferrer\">descargar<\/a>)<\/p>\n","protected":false},"excerpt":{"rendered":"<p>La Direcci\u00f3n de Tr\u00e1nsito y Transporte comunica a todos los usuarios de las l\u00edneas de transporte rurales, que el servicio se est\u00e1 brindando a la poblaci\u00f3n solamente a trav\u00e9s de dos frecuencias diarias: una en la ma\u00f1ana y otra en la tarde. Por otra parte, las l\u00edneas de transporte urbano se realizan con frecuencia horaria [&hellip;]<\/p>\n","protected":false},"author":7,"featured_media":22062,"comment_status":"open","ping_status":"open","sticky":false,"template":"","format":"standard","meta":{"footnotes":""},"categories":[1],"tags":[36,33,96],"class_list":["post-22135","post","type-post","status-publish","format-standard","has-post-thumbnail","hentry","category-novedades","tag-intendencia","tag-rivera","tag-transporte"],"_links":{"self":[{"href":"https:\/\/www.rivera.gub.uy\/portal\/wp-json\/wp\/v2\/posts\/22135","targetHints":{"allow":["GET"]}}],"collection":[{"href":"https:\/\/www.rivera.gub.uy\/portal\/wp-json\/wp\/v2\/posts"}],"about":[{"href":"https:\/\/www.rivera.gub.uy\/portal\/wp-json\/wp\/v2\/types\/post"}],"author":[{"embeddable":true,"href":"https:\/\/www.rivera.gub.uy\/portal\/wp-json\/wp\/v2\/users\/7"}],"replies":[{"embeddable":true,"href":"https:\/\/www.rivera.gub.uy\/portal\/wp-json\/wp\/v2\/comments?post=22135"}],"version-history":[{"count":6,"href":"https:\/\/www.rivera.gub.uy\/portal\/wp-json\/wp\/v2\/posts\/22135\/revisions"}],"predecessor-version":[{"id":22142,"href":"https:\/\/www.rivera.gub.uy\/portal\/wp-json\/wp\/v2\/posts\/22135\/revisions\/22142"}],"wp:featuredmedia":[{"embeddable":true,"href":"https:\/\/www.rivera.gub.uy\/portal\/wp-json\/wp\/v2\/media\/22062"}],"wp:attachment":[{"href":"https:\/\/www.rivera.gub.uy\/portal\/wp-json\/wp\/v2\/media?parent=22135"}],"wp:term":[{"taxonomy":"category","embeddable":true,"href":"https:\/\/www.rivera.gub.uy\/portal\/wp-json\/wp\/v2\/categories?post=22135"},{"taxonomy":"post_tag","embeddable":true,"href":"https:\/\/www.rivera.gub.uy\/portal\/wp-json\/wp\/v2\/tags?post=22135"}],"curies":[{"name":"wp","href":"https:\/\/api.w.org\/{rel}","templated":true}]}}