{"id":22240,"date":"2020-04-02T12:03:11","date_gmt":"2020-04-02T15:03:11","guid":{"rendered":"https:\/\/www.rivera.gub.uy\/portal\/?p=22240"},"modified":"2020-04-16T12:22:02","modified_gmt":"2020-04-16T15:22:02","slug":"cierre-temporal-de-espacios-publicos","status":"publish","type":"post","link":"https:\/\/www.rivera.gub.uy\/portal\/cierre-temporal-de-espacios-publicos\/","title":{"rendered":"Cierre temporal de espacios p\u00fablicos"},"content":{"rendered":"<p>Dado el estado de emergencia sanitaria vigente en todo el territorio nacional, la IDR resuelve el cierre de espacios p\u00fablicos .<\/p>\n<p><!--more--><\/p>\n<p>Rivera, 31 de marzo de 2020<br \/>\nResoluci\u00f3n N\u00b0899 \/2020<\/p>\n<p style=\"text-align: left\">VISTO el estado de emergencia sanitaria vigente en todo el territorio nacional<\/p>\n<p style=\"text-align: left\">CONSIDERANDO:<\/p>\n<p style=\"text-align: left\">I) las medidas adoptadas tanto a nivel departamental como nacional, en relaci\u00f3n a concientizar a la poblaci\u00f3n de la necesidad de permanecer en sus hogares.<\/p>\n<p>II) que en relaci\u00f3n a las medidas del Poder Ejecutivo en cuanto al cierre de espacios p\u00fablicos ante el advenimiento de la Semana Santa o de Turismo, se ha solicitado la colaboraci\u00f3n de la Intendencias Departamentales, en lo que refiere a las intervenciones locales.<\/p>\n<p>ATENTO: a lo expuesto, a la situaci\u00f3n de emergencia sanitaria, las facultades otorgadas por la Constituci\u00f3n de la Rep\u00fablica y las leyes vigentes<\/p>\n<p>LA INTENDENTE DE RIVERA<br \/>\nRESUELVE<\/p>\n<p style=\"text-align: left\">1\u00b0) PROC\u00c9DASE AL CIERRE al p\u00fablico en forma temporaria, desde el d\u00eda de la fecha, hasta el d\u00eda 13 de abril de 2020, del Parque Gran Breta\u00f1a, balneario Paso Serpa y zona del balneario municipal de Lagos del Norte.<\/p>\n<p>2\u00b0) Solicitase la colaboraci\u00f3n de la poblaci\u00f3n, exhortando a restringir la circulaci\u00f3n y permanencia en los espacios p\u00fablicos evitando aglomeraciones innecesarias. A modo de ejemplo se mencionan algunas zonas: Ruta cinco, zona de La Virgencita, Paseo Los Pinos en toda su extensi\u00f3n, Ciclov\u00eda; Parque bot\u00e1nico de Cu\u00f1apir\u00fa; Accesos al Aut\u00f3dromo; Ada. Italia zona de los Pl\u00e1tanos; Cerro del Marco; Plazas p\u00fablicas (Artigas, Flores, Rivera Chico, Insausti; Bisio; barrio 33 Orientales; Misiones, complejo Tres Cruces)<\/p>\n<p>3\u00b0) Pase a URHTL a efectos de dar difusi\u00f3n a las medidas adoptadas<\/p>\n<p>4\u00b0) Comun\u00edquese a CECOED; Ministerio de Salud P\u00fablica, Ministerio del Interior, Jefatura de Polic\u00eda de Rivera las medidas adoptadas a efectos de ser tenidas en cuenta en las acciones disuasivas que puedan corresponder<\/p>\n<p>Resoluci\u00f3n (<a href=\"https:\/\/www.rivera.gub.uy\/portal\/wp-content\/uploads\/2020\/04\/CIERRE-DE-PARQUES.pdf\" target=\"_blank\" rel=\"noopener noreferrer\">descargar<\/a>)<\/p>\n","protected":false},"excerpt":{"rendered":"<p>Dado el estado de emergencia sanitaria vigente en todo el territorio nacional, la IDR resuelve el cierre de espacios p\u00fablicos .<\/p>\n","protected":false},"author":7,"featured_media":22062,"comment_status":"open","ping_status":"open","sticky":false,"template":"","format":"standard","meta":{"footnotes":""},"categories":[1,477],"tags":[1082,36,33],"class_list":["post-22240","post","type-post","status-publish","format-standard","has-post-thumbnail","hentry","category-novedades","category-resoluciones","tag-coronavirus","tag-intendencia","tag-rivera"],"_links":{"self":[{"href":"https:\/\/www.rivera.gub.uy\/portal\/wp-json\/wp\/v2\/posts\/22240","targetHints":{"allow":["GET"]}}],"collection":[{"href":"https:\/\/www.rivera.gub.uy\/portal\/wp-json\/wp\/v2\/posts"}],"about":[{"href":"https:\/\/www.rivera.gub.uy\/portal\/wp-json\/wp\/v2\/types\/post"}],"author":[{"embeddable":true,"href":"https:\/\/www.rivera.gub.uy\/portal\/wp-json\/wp\/v2\/users\/7"}],"replies":[{"embeddable":true,"href":"https:\/\/www.rivera.gub.uy\/portal\/wp-json\/wp\/v2\/comments?post=22240"}],"version-history":[{"count":3,"href":"https:\/\/www.rivera.gub.uy\/portal\/wp-json\/wp\/v2\/posts\/22240\/revisions"}],"predecessor-version":[{"id":22413,"href":"https:\/\/www.rivera.gub.uy\/portal\/wp-json\/wp\/v2\/posts\/22240\/revisions\/22413"}],"wp:featuredmedia":[{"embeddable":true,"href":"https:\/\/www.rivera.gub.uy\/portal\/wp-json\/wp\/v2\/media\/22062"}],"wp:attachment":[{"href":"https:\/\/www.rivera.gub.uy\/portal\/wp-json\/wp\/v2\/media?parent=22240"}],"wp:term":[{"taxonomy":"category","embeddable":true,"href":"https:\/\/www.rivera.gub.uy\/portal\/wp-json\/wp\/v2\/categories?post=22240"},{"taxonomy":"post_tag","embeddable":true,"href":"https:\/\/www.rivera.gub.uy\/portal\/wp-json\/wp\/v2\/tags?post=22240"}],"curies":[{"name":"wp","href":"https:\/\/api.w.org\/{rel}","templated":true}]}}