{"id":22280,"date":"2020-04-03T17:07:33","date_gmt":"2020-04-03T20:07:33","guid":{"rendered":"https:\/\/www.rivera.gub.uy\/portal\/?p=22280"},"modified":"2020-04-15T15:05:02","modified_gmt":"2020-04-15T18:05:02","slug":"suspension-de-las-frecuencias-del-transporte-departamental-rural-y-urbano","status":"publish","type":"post","link":"https:\/\/www.rivera.gub.uy\/portal\/suspension-de-las-frecuencias-del-transporte-departamental-rural-y-urbano\/","title":{"rendered":"Suspensi\u00f3n de Transporte P\u00fablico Rural y Urbano"},"content":{"rendered":"<p>Se activa la &#8220;Etapa 3 del Plan de Contingencia para el Transporte Departamental Rural y Urbano&#8221;, suspendi\u00e9ndose todas las frecuencias del Transporte P\u00fablico por el d\u00eda domingo 05 de abril, sujeto a nuevas suspensiones seg\u00fan evaluaci\u00f3n del estado de situaci\u00f3n.<!--more--><\/p>\n<p>Esta decisi\u00f3n fue tomada en virtud de la confirmaci\u00f3n de un caso de COVID-19 en el Departamento y siguiendo las recomendaciones del MSP y el Gobierno Nacional, en cuanto a evitar la circulaci\u00f3n y aglomeraci\u00f3n de personas.<\/p>\n","protected":false},"excerpt":{"rendered":"<p>Se activa la &#8220;Etapa 3 del Plan de Contingencia para el Transporte Departamental Rural y Urbano&#8221;, suspendi\u00e9ndose todas las frecuencias del Transporte P\u00fablico por el d\u00eda domingo 05 de abril, sujeto a nuevas suspensiones seg\u00fan evaluaci\u00f3n del estado de situaci\u00f3n.<\/p>\n","protected":false},"author":7,"featured_media":22286,"comment_status":"open","ping_status":"open","sticky":false,"template":"","format":"standard","meta":{"footnotes":""},"categories":[1],"tags":[1082,36,33,96],"class_list":["post-22280","post","type-post","status-publish","format-standard","has-post-thumbnail","hentry","category-novedades","tag-coronavirus","tag-intendencia","tag-rivera","tag-transporte"],"_links":{"self":[{"href":"https:\/\/www.rivera.gub.uy\/portal\/wp-json\/wp\/v2\/posts\/22280","targetHints":{"allow":["GET"]}}],"collection":[{"href":"https:\/\/www.rivera.gub.uy\/portal\/wp-json\/wp\/v2\/posts"}],"about":[{"href":"https:\/\/www.rivera.gub.uy\/portal\/wp-json\/wp\/v2\/types\/post"}],"author":[{"embeddable":true,"href":"https:\/\/www.rivera.gub.uy\/portal\/wp-json\/wp\/v2\/users\/7"}],"replies":[{"embeddable":true,"href":"https:\/\/www.rivera.gub.uy\/portal\/wp-json\/wp\/v2\/comments?post=22280"}],"version-history":[{"count":5,"href":"https:\/\/www.rivera.gub.uy\/portal\/wp-json\/wp\/v2\/posts\/22280\/revisions"}],"predecessor-version":[{"id":22285,"href":"https:\/\/www.rivera.gub.uy\/portal\/wp-json\/wp\/v2\/posts\/22280\/revisions\/22285"}],"wp:featuredmedia":[{"embeddable":true,"href":"https:\/\/www.rivera.gub.uy\/portal\/wp-json\/wp\/v2\/media\/22286"}],"wp:attachment":[{"href":"https:\/\/www.rivera.gub.uy\/portal\/wp-json\/wp\/v2\/media?parent=22280"}],"wp:term":[{"taxonomy":"category","embeddable":true,"href":"https:\/\/www.rivera.gub.uy\/portal\/wp-json\/wp\/v2\/categories?post=22280"},{"taxonomy":"post_tag","embeddable":true,"href":"https:\/\/www.rivera.gub.uy\/portal\/wp-json\/wp\/v2\/tags?post=22280"}],"curies":[{"name":"wp","href":"https:\/\/api.w.org\/{rel}","templated":true}]}}