{"id":22457,"date":"2020-04-17T23:50:34","date_gmt":"2020-04-18T02:50:34","guid":{"rendered":"https:\/\/www.rivera.gub.uy\/portal\/?p=22457"},"modified":"2020-04-18T10:46:43","modified_gmt":"2020-04-18T13:46:43","slug":"reapertura-progresiva-de-los-servicios-de-atencion-al-publico-en-la-idr","status":"publish","type":"post","link":"https:\/\/www.rivera.gub.uy\/portal\/reapertura-progresiva-de-los-servicios-de-atencion-al-publico-en-la-idr\/","title":{"rendered":"Reapertura progresiva de los servicios de atenci\u00f3n al p\u00fablico en la IDR"},"content":{"rendered":"<p>La intendente Alma Galup inform\u00f3 las nuevas medidas tomadas, frente a la emergencia sanitaria que atraviesa el pa\u00eds.<!--more--><\/p>\n<p>El lunes 20 de abril, las oficinas ubicadas en el edificio comunal volver\u00e1n a brindar atenci\u00f3n al p\u00fablico, de 8:15 a 15:00 horas. Dicha atenci\u00f3n se realizar\u00e1 mediante expedici\u00f3n de n\u00fameros, en donde cada oficina atender\u00e1 a 20 personas, que deber\u00e1n ingresar al edificio utilizando barbijos.<\/p>\n<p>Por otra parte, se habilita la instalaci\u00f3n de ferias vecinales, bajo las medidas exigidas por el MSP (Ministerio de Salud P\u00fablica).<\/p>\n<p>En cuanto a los servicios de recolecci\u00f3n, barrido, barom\u00e9tricas, necr\u00f3polis, servicios m\u00e9dicos, comedores, refugio y merenderos, contin\u00faan con su funcionamiento habitual.<\/p>\n<p>&nbsp;<\/p>\n<p><iframe loading=\"lazy\" title=\"Reapertura progresiva de los servicios de atenci\u00f3n al p\u00fablico en la IDR\" width=\"1160\" height=\"653\" src=\"https:\/\/www.youtube.com\/embed\/1k2swxTmdKE?feature=oembed\" frameborder=\"0\" allow=\"accelerometer; autoplay; encrypted-media; gyroscope; picture-in-picture\" allowfullscreen><\/iframe><\/p>\n<p>&nbsp;<\/p>\n<p>Resoluci\u00f3n (<a href=\"https:\/\/www.rivera.gub.uy\/portal\/wp-content\/uploads\/2020\/04\/resolucion-9062020-0417.pdf\" target=\"_blank\" rel=\"noopener noreferrer\">descargar<\/a>)<\/p>\n<p>&nbsp;<\/p>\n<p>&nbsp;<\/p>\n<p>&nbsp;<\/p>\n<p>&nbsp;<\/p>\n","protected":false},"excerpt":{"rendered":"<p>La intendente Alma Galup inform\u00f3 las nuevas medidas tomadas, frente a la emergencia sanitaria que atraviesa el pa\u00eds.<\/p>\n","protected":false},"author":7,"featured_media":22177,"comment_status":"open","ping_status":"open","sticky":false,"template":"","format":"standard","meta":{"footnotes":""},"categories":[3,17,1,477],"tags":[1082,36,33,393],"class_list":["post-22457","post","type-post","status-publish","format-standard","has-post-thumbnail","hentry","category-multimedia","category-normativa","category-novedades","category-resoluciones","tag-coronavirus","tag-intendencia","tag-rivera","tag-servicios"],"_links":{"self":[{"href":"https:\/\/www.rivera.gub.uy\/portal\/wp-json\/wp\/v2\/posts\/22457","targetHints":{"allow":["GET"]}}],"collection":[{"href":"https:\/\/www.rivera.gub.uy\/portal\/wp-json\/wp\/v2\/posts"}],"about":[{"href":"https:\/\/www.rivera.gub.uy\/portal\/wp-json\/wp\/v2\/types\/post"}],"author":[{"embeddable":true,"href":"https:\/\/www.rivera.gub.uy\/portal\/wp-json\/wp\/v2\/users\/7"}],"replies":[{"embeddable":true,"href":"https:\/\/www.rivera.gub.uy\/portal\/wp-json\/wp\/v2\/comments?post=22457"}],"version-history":[{"count":4,"href":"https:\/\/www.rivera.gub.uy\/portal\/wp-json\/wp\/v2\/posts\/22457\/revisions"}],"predecessor-version":[{"id":22467,"href":"https:\/\/www.rivera.gub.uy\/portal\/wp-json\/wp\/v2\/posts\/22457\/revisions\/22467"}],"wp:featuredmedia":[{"embeddable":true,"href":"https:\/\/www.rivera.gub.uy\/portal\/wp-json\/wp\/v2\/media\/22177"}],"wp:attachment":[{"href":"https:\/\/www.rivera.gub.uy\/portal\/wp-json\/wp\/v2\/media?parent=22457"}],"wp:term":[{"taxonomy":"category","embeddable":true,"href":"https:\/\/www.rivera.gub.uy\/portal\/wp-json\/wp\/v2\/categories?post=22457"},{"taxonomy":"post_tag","embeddable":true,"href":"https:\/\/www.rivera.gub.uy\/portal\/wp-json\/wp\/v2\/tags?post=22457"}],"curies":[{"name":"wp","href":"https:\/\/api.w.org\/{rel}","templated":true}]}}