{"id":22549,"date":"2020-04-21T15:27:42","date_gmt":"2020-04-21T18:27:42","guid":{"rendered":"https:\/\/www.rivera.gub.uy\/portal\/?p=22549"},"modified":"2020-04-21T15:56:27","modified_gmt":"2020-04-21T18:56:27","slug":"la-intendencia-profundiza-lazos-de-amistad-con-el-mides","status":"publish","type":"post","link":"https:\/\/www.rivera.gub.uy\/portal\/la-intendencia-profundiza-lazos-de-amistad-con-el-mides\/","title":{"rendered":"La intendencia profundiza \u201clazos de amistad\u201d con el MIDES"},"content":{"rendered":"<p>La Intendente Departamental de Rivera, Alma Galup Migliarini, mantuvo una reuni\u00f3n con su equipo de Gobierno, donde se trataron temas importantes, entre ellos puntualmente asuntos referentes a la llegada __en estos d\u00edas__ del subsecretario del Ministerio de Desarrollo Social (MIDES), Dr. Armando Castaingdebat.<!--more--><\/p>\n<p>Una reuni\u00f3n \u201cmuy importante\u201d, as\u00ed calific\u00f3 la intendente de Rivera, \u201cun nuevo relacionamiento con MIDES en cuanto a las pol\u00edticas a implementar y sobre todo, de qu\u00e9 manera nos vamos a vincular\u201d.<\/p>\n<p>\u201cHay que buscar nuevos caminos, para salir del asistencialismo permanente\u201d as\u00ed lo expres\u00f3 Alma Galup, quien resalt\u00f3 que fue el motivo central de la reuni\u00f3n del Consejo de Directores.<\/p>\n<p>La situaci\u00f3n actual que vive el pa\u00eds (pandemia de COVID-19) , dio pie para que en el Congreso Nacional de Intendentes (31\/3\/2020) los Gobiernos Departamentales y el Ministerio de Desarrollo Social, hayan firmado un Convenio Marco de Cooperaci\u00f3n Institucional.<\/p>\n<p>&nbsp;<\/p>\n<p><iframe loading=\"lazy\" title=\"La intendencia profundiza \u201clazos de amistad\u201d con el MIDES\" width=\"1160\" height=\"653\" src=\"https:\/\/www.youtube.com\/embed\/s0hXYLLz4uw?feature=oembed\" frameborder=\"0\" allow=\"accelerometer; autoplay; encrypted-media; gyroscope; picture-in-picture\" allowfullscreen><\/iframe><\/p>\n<p>&nbsp;<\/p>\n<audio class=\"wp-audio-shortcode\" id=\"audio-22549-1\" preload=\"none\" style=\"width: 100%;\" controls=\"controls\"><source type=\"audio\/mpeg\" src=\"https:\/\/mx.ivoox.com\/es\/convenio-mides-idr_md_50268023_wp_1.mp3?_=1\" \/><a href=\"https:\/\/mx.ivoox.com\/es\/convenio-mides-idr_md_50268023_wp_1.mp3\">https:\/\/mx.ivoox.com\/es\/convenio-mides-idr_md_50268023_wp_1.mp3<\/a><\/audio>\n<p><a title=\"Convenio MIDES-IDR\" href=\"https:\/\/mx.ivoox.com\/es\/convenio-mides-idr-audios-mp3_rf_50268023_1.html\">Ir a descargar<\/a><\/p>\n<p>&nbsp;<\/p>\n","protected":false},"excerpt":{"rendered":"<p>La Intendente Departamental de Rivera, Alma Galup Migliarini, mantuvo una reuni\u00f3n con su equipo de Gobierno, donde se trataron temas importantes, entre ellos puntualmente asuntos referentes a la llegada __en estos d\u00edas__ del subsecretario del Ministerio de Desarrollo Social (MIDES), Dr. Armando Castaingdebat.<\/p>\n","protected":false},"author":7,"featured_media":22555,"comment_status":"open","ping_status":"open","sticky":false,"template":"","format":"standard","meta":{"footnotes":""},"categories":[3,1],"tags":[36,1091,1092,33],"class_list":["post-22549","post","type-post","status-publish","format-standard","has-post-thumbnail","hentry","category-multimedia","category-novedades","tag-intendencia","tag-mides","tag-pandemia","tag-rivera"],"_links":{"self":[{"href":"https:\/\/www.rivera.gub.uy\/portal\/wp-json\/wp\/v2\/posts\/22549","targetHints":{"allow":["GET"]}}],"collection":[{"href":"https:\/\/www.rivera.gub.uy\/portal\/wp-json\/wp\/v2\/posts"}],"about":[{"href":"https:\/\/www.rivera.gub.uy\/portal\/wp-json\/wp\/v2\/types\/post"}],"author":[{"embeddable":true,"href":"https:\/\/www.rivera.gub.uy\/portal\/wp-json\/wp\/v2\/users\/7"}],"replies":[{"embeddable":true,"href":"https:\/\/www.rivera.gub.uy\/portal\/wp-json\/wp\/v2\/comments?post=22549"}],"version-history":[{"count":2,"href":"https:\/\/www.rivera.gub.uy\/portal\/wp-json\/wp\/v2\/posts\/22549\/revisions"}],"predecessor-version":[{"id":22558,"href":"https:\/\/www.rivera.gub.uy\/portal\/wp-json\/wp\/v2\/posts\/22549\/revisions\/22558"}],"wp:featuredmedia":[{"embeddable":true,"href":"https:\/\/www.rivera.gub.uy\/portal\/wp-json\/wp\/v2\/media\/22555"}],"wp:attachment":[{"href":"https:\/\/www.rivera.gub.uy\/portal\/wp-json\/wp\/v2\/media?parent=22549"}],"wp:term":[{"taxonomy":"category","embeddable":true,"href":"https:\/\/www.rivera.gub.uy\/portal\/wp-json\/wp\/v2\/categories?post=22549"},{"taxonomy":"post_tag","embeddable":true,"href":"https:\/\/www.rivera.gub.uy\/portal\/wp-json\/wp\/v2\/tags?post=22549"}],"curies":[{"name":"wp","href":"https:\/\/api.w.org\/{rel}","templated":true}]}}