{"id":22847,"date":"2020-04-30T00:05:50","date_gmt":"2020-04-30T03:05:50","guid":{"rendered":"https:\/\/www.rivera.gub.uy\/portal\/?p=22847"},"modified":"2020-04-30T12:16:08","modified_gmt":"2020-04-30T15:16:08","slug":"transformacion-digital","status":"publish","type":"post","link":"https:\/\/www.rivera.gub.uy\/portal\/transformacion-digital\/","title":{"rendered":"Transformaci\u00f3n Digital"},"content":{"rendered":"<p>A partir del 5 de mayo comenzar\u00e1 el Curso de &#8220;Transformaci\u00f3n Digital&#8221;, que busca proporcionarle a las empresas informaci\u00f3n sobre el uso de herramientas online, con la finalidad de aumentar las ventas.<!--more--><\/p>\n<p>El curso, de cupos limitados, es una iniciativa del Centro de Competitividad Empresarial con el apoyo de la IDR, que se dictar\u00e1 a trav\u00e9s de la plataforma Zoom, los martes y jueves desde las 18:30 horas.<\/p>\n<p>Las inscripciones al curso se realizan v\u00eda Whatsapp, al <a href=\"tel:+59892231677\">092231677<\/a><\/p>\n<p>&nbsp;<\/p>\n<p><a href=\"https:\/\/www.rivera.gub.uy\/portal\/wp-content\/uploads\/2020\/04\/WhatsApp-Image-2020-04-30-at-11.21.18-AM.jpeg\"><img loading=\"lazy\" decoding=\"async\" class=\"aligncenter wp-image-22849 size-large\" src=\"https:\/\/www.rivera.gub.uy\/portal\/wp-content\/uploads\/2020\/04\/WhatsApp-Image-2020-04-30-at-11.21.18-AM-626x626.jpeg\" alt=\"\" width=\"626\" height=\"626\" srcset=\"https:\/\/www.rivera.gub.uy\/portal\/wp-content\/uploads\/2020\/04\/WhatsApp-Image-2020-04-30-at-11.21.18-AM-626x626.jpeg 626w, https:\/\/www.rivera.gub.uy\/portal\/wp-content\/uploads\/2020\/04\/WhatsApp-Image-2020-04-30-at-11.21.18-AM-94x94.jpeg 94w, https:\/\/www.rivera.gub.uy\/portal\/wp-content\/uploads\/2020\/04\/WhatsApp-Image-2020-04-30-at-11.21.18-AM-188x188.jpeg 188w, https:\/\/www.rivera.gub.uy\/portal\/wp-content\/uploads\/2020\/04\/WhatsApp-Image-2020-04-30-at-11.21.18-AM-768x768.jpeg 768w, https:\/\/www.rivera.gub.uy\/portal\/wp-content\/uploads\/2020\/04\/WhatsApp-Image-2020-04-30-at-11.21.18-AM.jpeg 800w\" sizes=\"auto, (max-width: 626px) 100vw, 626px\" \/><\/a><\/p>\n","protected":false},"excerpt":{"rendered":"<p>A partir del 5 de mayo comenzar\u00e1 el Curso de &#8220;Transformaci\u00f3n Digital&#8221;, que busca proporcionarle a las empresas informaci\u00f3n sobre el uso de herramientas online, con la finalidad de aumentar las ventas.<\/p>\n","protected":false},"author":7,"featured_media":22848,"comment_status":"open","ping_status":"open","sticky":false,"template":"","format":"standard","meta":{"footnotes":""},"categories":[1],"tags":[473,308,36,1101,33],"class_list":["post-22847","post","type-post","status-publish","format-standard","has-post-thumbnail","hentry","category-novedades","tag-curso","tag-empresas","tag-intendencia","tag-online","tag-rivera"],"_links":{"self":[{"href":"https:\/\/www.rivera.gub.uy\/portal\/wp-json\/wp\/v2\/posts\/22847","targetHints":{"allow":["GET"]}}],"collection":[{"href":"https:\/\/www.rivera.gub.uy\/portal\/wp-json\/wp\/v2\/posts"}],"about":[{"href":"https:\/\/www.rivera.gub.uy\/portal\/wp-json\/wp\/v2\/types\/post"}],"author":[{"embeddable":true,"href":"https:\/\/www.rivera.gub.uy\/portal\/wp-json\/wp\/v2\/users\/7"}],"replies":[{"embeddable":true,"href":"https:\/\/www.rivera.gub.uy\/portal\/wp-json\/wp\/v2\/comments?post=22847"}],"version-history":[{"count":1,"href":"https:\/\/www.rivera.gub.uy\/portal\/wp-json\/wp\/v2\/posts\/22847\/revisions"}],"predecessor-version":[{"id":22850,"href":"https:\/\/www.rivera.gub.uy\/portal\/wp-json\/wp\/v2\/posts\/22847\/revisions\/22850"}],"wp:featuredmedia":[{"embeddable":true,"href":"https:\/\/www.rivera.gub.uy\/portal\/wp-json\/wp\/v2\/media\/22848"}],"wp:attachment":[{"href":"https:\/\/www.rivera.gub.uy\/portal\/wp-json\/wp\/v2\/media?parent=22847"}],"wp:term":[{"taxonomy":"category","embeddable":true,"href":"https:\/\/www.rivera.gub.uy\/portal\/wp-json\/wp\/v2\/categories?post=22847"},{"taxonomy":"post_tag","embeddable":true,"href":"https:\/\/www.rivera.gub.uy\/portal\/wp-json\/wp\/v2\/tags?post=22847"}],"curies":[{"name":"wp","href":"https:\/\/api.w.org\/{rel}","templated":true}]}}