{"id":22967,"date":"2020-05-08T15:13:31","date_gmt":"2020-05-08T18:13:31","guid":{"rendered":"https:\/\/www.rivera.gub.uy\/portal\/?p=22967"},"modified":"2020-05-08T21:51:44","modified_gmt":"2020-05-09T00:51:44","slug":"en-su-primera-salida-el-ministro-de-transporte-y-obras-publicas-visita-rivera","status":"publish","type":"post","link":"https:\/\/www.rivera.gub.uy\/portal\/en-su-primera-salida-el-ministro-de-transporte-y-obras-publicas-visita-rivera\/","title":{"rendered":"En su primera salida el Ministro de Transporte y Obras P\u00fablicas visita Rivera"},"content":{"rendered":"<p>La Intendente Departamental de Rivera, Alma Galup Migliarini, recibi\u00f3 al Ministro de Transporte y Obras P\u00fablicas, Luis A. Heber, donde mantuvieron una reuni\u00f3n junto a los tres representantes Nacionales por el departamento; al termino de la misma se recibi\u00f3 a la prensa.<!--more--><\/p>\n<p>El secretario General de la Intendencia Departamental de Rivera, Arq. Jos\u00e9 Mazzoni Gollard\u00eda, brind\u00f3 detalles de la visita del Ministro al departamento de Rivera.<\/p>\n<p>\u201cConcretamente le planteamos el tema de ruta N\u00ba 27, que ya lo tiene en agenda.<br \/>\nEn cuanto al tema vial, es la continuaci\u00f3n de la ruta N\u00ba 30 desde la ruta N\u00ba 5 hasta la ruta N\u00ba 28\u201d, adem\u00e1s se expuso la necesidad de arreglos en ruta N\u00ba 6 y a nivel local se puso sobre la mesa el tema \u201cby pass\u201d carretero en el tramo comprendido entre La Virgencita a Puerto Seco.<\/p>\n<p>Se plantearon temas que involucran a la Administraci\u00f3n de Ferrocarriles del Estado, espec\u00edficamente terrenos que le pertenecen a A.F.E y la idea de la Intendencia es destinar parte de ellos para programas de viviendas con el Ministerio correspondiente.<\/p>\n<p>&nbsp;<\/p>\n\r\n\t<div class=\"msacwl-slider-wrap msacwl-row-clearfix \" data-conf=\"{&quot;autoplay&quot;:&quot;true&quot;,&quot;autoplay_speed&quot;:3000,&quot;speed&quot;:300,&quot;arrows&quot;:&quot;true&quot;,&quot;dots&quot;:&quot;true&quot;,&quot;lazyload&quot;:&quot;&quot;}\">\r\n\t\t<div id=\"msacwl-slider-1\" class=\"msacwl-slider msacwl-common-slider msacwl-slider-popup\">\r\n\t\t\t\t\t\t<div class=\"msacwl-slide\" data-item-index=\"1\" >\r\n\t\t\t\t<a class=\"msacwl-img-link\" href=\"javascript:void(0);\" data-mfp-src=\"https:\/\/www.rivera.gub.uy\/portal\/wp-content\/uploads\/2020\/05\/DSC_1046.jpg\">\r\n\t\t\t\t\t<img decoding=\"async\" class=\"msacwl-img\" src=\"https:\/\/www.rivera.gub.uy\/portal\/wp-content\/uploads\/2020\/05\/DSC_1046.jpg\"  data-title=\"\" alt=\"\" \/>\r\n\t\t\t\t<\/a>\r\n\t\t\t\t\t\t\t\t\t<div class=\"msacwl-gallery-caption\">\r\n\t\t\t\t\t\t\t\t\t\t\t\t\t<span class=\"image_title\"><\/span>\r\n\t\t\t\t\t\t\t\t\t\t\t\t\t<span><\/span>\r\n\t\t\t\t\t\t \t\t\t\t\t<\/div>\r\n\t\t\t\t\t\t\t<\/div>\r\n\t\t\t\t\t\t<div class=\"msacwl-slide\" data-item-index=\"2\" >\r\n\t\t\t\t<a class=\"msacwl-img-link\" href=\"javascript:void(0);\" data-mfp-src=\"https:\/\/www.rivera.gub.uy\/portal\/wp-content\/uploads\/2020\/05\/DSC_1059.jpg\">\r\n\t\t\t\t\t<img decoding=\"async\" class=\"msacwl-img\" src=\"https:\/\/www.rivera.gub.uy\/portal\/wp-content\/uploads\/2020\/05\/DSC_1059.jpg\"  data-title=\"\" alt=\"\" \/>\r\n\t\t\t\t<\/a>\r\n\t\t\t\t\t\t\t\t\t<div class=\"msacwl-gallery-caption\">\r\n\t\t\t\t\t\t\t\t\t\t\t\t\t<span class=\"image_title\"><\/span>\r\n\t\t\t\t\t\t\t\t\t\t\t\t\t<span><\/span>\r\n\t\t\t\t\t\t \t\t\t\t\t<\/div>\r\n\t\t\t\t\t\t\t<\/div>\r\n\t\t\t\t\t\t<div class=\"msacwl-slide\" data-item-index=\"3\" >\r\n\t\t\t\t<a class=\"msacwl-img-link\" href=\"javascript:void(0);\" data-mfp-src=\"https:\/\/www.rivera.gub.uy\/portal\/wp-content\/uploads\/2020\/05\/DSC_1061.jpg\">\r\n\t\t\t\t\t<img decoding=\"async\" class=\"msacwl-img\" src=\"https:\/\/www.rivera.gub.uy\/portal\/wp-content\/uploads\/2020\/05\/DSC_1061.jpg\"  data-title=\"\" alt=\"\" \/>\r\n\t\t\t\t<\/a>\r\n\t\t\t\t\t\t\t\t\t<div class=\"msacwl-gallery-caption\">\r\n\t\t\t\t\t\t\t\t\t\t\t\t\t<span class=\"image_title\"><\/span>\r\n\t\t\t\t\t\t\t\t\t\t\t\t\t<span><\/span>\r\n\t\t\t\t\t\t \t\t\t\t\t<\/div>\r\n\t\t\t\t\t\t\t<\/div>\r\n\t\t\t\t\t\t<div class=\"msacwl-slide\" data-item-index=\"4\" >\r\n\t\t\t\t<a class=\"msacwl-img-link\" href=\"javascript:void(0);\" data-mfp-src=\"https:\/\/www.rivera.gub.uy\/portal\/wp-content\/uploads\/2020\/05\/DSC_1069.jpg\">\r\n\t\t\t\t\t<img decoding=\"async\" class=\"msacwl-img\" src=\"https:\/\/www.rivera.gub.uy\/portal\/wp-content\/uploads\/2020\/05\/DSC_1069.jpg\"  data-title=\"\" alt=\"\" \/>\r\n\t\t\t\t<\/a>\r\n\t\t\t\t\t\t\t\t\t<div class=\"msacwl-gallery-caption\">\r\n\t\t\t\t\t\t\t\t\t\t\t\t\t<span class=\"image_title\"><\/span>\r\n\t\t\t\t\t\t\t\t\t\t\t\t\t<span><\/span>\r\n\t\t\t\t\t\t \t\t\t\t\t<\/div>\r\n\t\t\t\t\t\t\t<\/div>\r\n\t\t\t\t\t\t<div class=\"msacwl-slide\" data-item-index=\"5\" >\r\n\t\t\t\t<a class=\"msacwl-img-link\" href=\"javascript:void(0);\" data-mfp-src=\"https:\/\/www.rivera.gub.uy\/portal\/wp-content\/uploads\/2020\/05\/DSC_1079.jpg\">\r\n\t\t\t\t\t<img decoding=\"async\" class=\"msacwl-img\" src=\"https:\/\/www.rivera.gub.uy\/portal\/wp-content\/uploads\/2020\/05\/DSC_1079.jpg\"  data-title=\"\" alt=\"\" \/>\r\n\t\t\t\t<\/a>\r\n\t\t\t\t\t\t\t\t\t<div class=\"msacwl-gallery-caption\">\r\n\t\t\t\t\t\t\t\t\t\t\t\t\t<span class=\"image_title\"><\/span>\r\n\t\t\t\t\t\t\t\t\t\t\t\t\t<span><\/span>\r\n\t\t\t\t\t\t \t\t\t\t\t<\/div>\r\n\t\t\t\t\t\t\t<\/div>\r\n\t\t\t\t\t\t<div class=\"msacwl-slide\" data-item-index=\"6\" >\r\n\t\t\t\t<a class=\"msacwl-img-link\" href=\"javascript:void(0);\" data-mfp-src=\"https:\/\/www.rivera.gub.uy\/portal\/wp-content\/uploads\/2020\/05\/DSC_1085.jpg\">\r\n\t\t\t\t\t<img decoding=\"async\" class=\"msacwl-img\" src=\"https:\/\/www.rivera.gub.uy\/portal\/wp-content\/uploads\/2020\/05\/DSC_1085.jpg\"  data-title=\"\" alt=\"\" \/>\r\n\t\t\t\t<\/a>\r\n\t\t\t\t\t\t\t\t\t<div class=\"msacwl-gallery-caption\">\r\n\t\t\t\t\t\t\t\t\t\t\t\t\t<span class=\"image_title\"><\/span>\r\n\t\t\t\t\t\t\t\t\t\t\t\t\t<span><\/span>\r\n\t\t\t\t\t\t \t\t\t\t\t<\/div>\r\n\t\t\t\t\t\t\t<\/div>\r\n\t\t\t\t\t\t<div class=\"msacwl-slide\" data-item-index=\"7\" >\r\n\t\t\t\t<a class=\"msacwl-img-link\" href=\"javascript:void(0);\" data-mfp-src=\"https:\/\/www.rivera.gub.uy\/portal\/wp-content\/uploads\/2020\/05\/DSC_1093.jpg\">\r\n\t\t\t\t\t<img decoding=\"async\" class=\"msacwl-img\" src=\"https:\/\/www.rivera.gub.uy\/portal\/wp-content\/uploads\/2020\/05\/DSC_1093.jpg\"  data-title=\"\" alt=\"\" \/>\r\n\t\t\t\t<\/a>\r\n\t\t\t\t\t\t\t\t\t<div class=\"msacwl-gallery-caption\">\r\n\t\t\t\t\t\t\t\t\t\t\t\t\t<span class=\"image_title\"><\/span>\r\n\t\t\t\t\t\t\t\t\t\t\t\t\t<span><\/span>\r\n\t\t\t\t\t\t \t\t\t\t\t<\/div>\r\n\t\t\t\t\t\t\t<\/div>\r\n\t\t\t\t\t\t<div class=\"msacwl-slide\" data-item-index=\"8\" >\r\n\t\t\t\t<a class=\"msacwl-img-link\" href=\"javascript:void(0);\" data-mfp-src=\"https:\/\/www.rivera.gub.uy\/portal\/wp-content\/uploads\/2020\/05\/DSC_1101.jpg\">\r\n\t\t\t\t\t<img decoding=\"async\" class=\"msacwl-img\" src=\"https:\/\/www.rivera.gub.uy\/portal\/wp-content\/uploads\/2020\/05\/DSC_1101.jpg\"  data-title=\"\" alt=\"\" \/>\r\n\t\t\t\t<\/a>\r\n\t\t\t\t\t\t\t\t\t<div class=\"msacwl-gallery-caption\">\r\n\t\t\t\t\t\t\t\t\t\t\t\t\t<span class=\"image_title\"><\/span>\r\n\t\t\t\t\t\t\t\t\t\t\t\t\t<span><\/span>\r\n\t\t\t\t\t\t \t\t\t\t\t<\/div>\r\n\t\t\t\t\t\t\t<\/div>\r\n\t\t\t\t\t\t<div class=\"msacwl-slide\" data-item-index=\"9\" >\r\n\t\t\t\t<a class=\"msacwl-img-link\" href=\"javascript:void(0);\" data-mfp-src=\"https:\/\/www.rivera.gub.uy\/portal\/wp-content\/uploads\/2020\/05\/DSC_1104.jpg\">\r\n\t\t\t\t\t<img decoding=\"async\" class=\"msacwl-img\" src=\"https:\/\/www.rivera.gub.uy\/portal\/wp-content\/uploads\/2020\/05\/DSC_1104.jpg\"  data-title=\"\" alt=\"\" \/>\r\n\t\t\t\t<\/a>\r\n\t\t\t\t\t\t\t\t\t<div class=\"msacwl-gallery-caption\">\r\n\t\t\t\t\t\t\t\t\t\t\t\t\t<span class=\"image_title\"><\/span>\r\n\t\t\t\t\t\t\t\t\t\t\t\t\t<span><\/span>\r\n\t\t\t\t\t\t \t\t\t\t\t<\/div>\r\n\t\t\t\t\t\t\t<\/div>\r\n\t\t\t\t\t<\/div>\r\n\t<\/div>\r\n\r\n\t\n<p>&nbsp;<\/p>\n<p><strong>Zona Frontera<\/strong><\/p>\n<p>La caminer\u00eda rural lim\u00edtrofe abarca 228 Km con Brasil, Mazzoni la defini\u00f3 como \u201ctierra de nadie\u201d, donde muchas veces el gobierno Departamental hace el mantenimiento, en algunas ocasiones con la Prefeitura de Livramento, \u201cpero siempre deficitario con las necesidades\u201d.<\/p>\n<p>\u201cMuy esperanzados con la nueva administraci\u00f3n\u201d expres\u00f3 el secretario y cree que ahora se van a concretar proyectos que venimos trabajando hace muchos a\u00f1os, como el tema Puerto Seco, adem\u00e1s agreg\u00f3, que todo se viene alineando para que se materialicen proyectos importantes para Rivera como es el tema Parque Tecnol\u00f3gico.<\/p>\n<p>&nbsp;<\/p>\n<p><iframe loading=\"lazy\" title=\"En su primera salida el Ministro de Transporte y Obras P\u00fablicas visita Rivera\" width=\"1160\" height=\"653\" src=\"https:\/\/www.youtube.com\/embed\/TIgp1OERvgM?feature=oembed\" frameborder=\"0\" allow=\"accelerometer; autoplay; encrypted-media; gyroscope; picture-in-picture\" allowfullscreen><\/iframe><\/p>\n<p>&nbsp;<\/p>\n<p>&nbsp;<\/p>\n<audio class=\"wp-audio-shortcode\" id=\"audio-22967-1\" preload=\"none\" style=\"width: 100%;\" controls=\"controls\"><source type=\"audio\/mpeg\" src=\"https:\/\/mx.ivoox.com\/es\/en-su-primera-salida-ministro-transporte_md_50859777_wp_1.mp3?_=1\" \/><a href=\"https:\/\/mx.ivoox.com\/es\/en-su-primera-salida-ministro-transporte_md_50859777_wp_1.mp3\">https:\/\/mx.ivoox.com\/es\/en-su-primera-salida-ministro-transporte_md_50859777_wp_1.mp3<\/a><\/audio>\n<p><a title=\"En su primera salida el Ministro de Transporte y Obras P\u00fablicas visita Rivera\" href=\"https:\/\/mx.ivoox.com\/es\/en-su-primera-salida-ministro-transporte-audios-mp3_rf_50859777_1.html\">Ir a descargar<\/a><\/p>\n<p>&nbsp;<\/p>\n","protected":false},"excerpt":{"rendered":"<p>La Intendente Departamental de Rivera, Alma Galup Migliarini, recibi\u00f3 al Ministro de Transporte y Obras P\u00fablicas, Luis A. Heber, donde mantuvieron una reuni\u00f3n junto a los tres representantes Nacionales por el departamento; al termino de la misma se recibi\u00f3 a la prensa.<\/p>\n","protected":false},"author":7,"featured_media":22972,"comment_status":"open","ping_status":"open","sticky":false,"template":"","format":"standard","meta":{"footnotes":""},"categories":[3,1],"tags":[36,33,96],"class_list":["post-22967","post","type-post","status-publish","format-standard","has-post-thumbnail","hentry","category-multimedia","category-novedades","tag-intendencia","tag-rivera","tag-transporte"],"_links":{"self":[{"href":"https:\/\/www.rivera.gub.uy\/portal\/wp-json\/wp\/v2\/posts\/22967","targetHints":{"allow":["GET"]}}],"collection":[{"href":"https:\/\/www.rivera.gub.uy\/portal\/wp-json\/wp\/v2\/posts"}],"about":[{"href":"https:\/\/www.rivera.gub.uy\/portal\/wp-json\/wp\/v2\/types\/post"}],"author":[{"embeddable":true,"href":"https:\/\/www.rivera.gub.uy\/portal\/wp-json\/wp\/v2\/users\/7"}],"replies":[{"embeddable":true,"href":"https:\/\/www.rivera.gub.uy\/portal\/wp-json\/wp\/v2\/comments?post=22967"}],"version-history":[{"count":4,"href":"https:\/\/www.rivera.gub.uy\/portal\/wp-json\/wp\/v2\/posts\/22967\/revisions"}],"predecessor-version":[{"id":22986,"href":"https:\/\/www.rivera.gub.uy\/portal\/wp-json\/wp\/v2\/posts\/22967\/revisions\/22986"}],"wp:featuredmedia":[{"embeddable":true,"href":"https:\/\/www.rivera.gub.uy\/portal\/wp-json\/wp\/v2\/media\/22972"}],"wp:attachment":[{"href":"https:\/\/www.rivera.gub.uy\/portal\/wp-json\/wp\/v2\/media?parent=22967"}],"wp:term":[{"taxonomy":"category","embeddable":true,"href":"https:\/\/www.rivera.gub.uy\/portal\/wp-json\/wp\/v2\/categories?post=22967"},{"taxonomy":"post_tag","embeddable":true,"href":"https:\/\/www.rivera.gub.uy\/portal\/wp-json\/wp\/v2\/tags?post=22967"}],"curies":[{"name":"wp","href":"https:\/\/api.w.org\/{rel}","templated":true}]}}