{"id":22982,"date":"2020-05-08T17:11:48","date_gmt":"2020-05-08T20:11:48","guid":{"rendered":"https:\/\/www.rivera.gub.uy\/portal\/?p=22982"},"modified":"2020-05-25T22:15:53","modified_gmt":"2020-05-26T01:15:53","slug":"comunicado-a-la-poblacion","status":"publish","type":"post","link":"https:\/\/www.rivera.gub.uy\/portal\/comunicado-a-la-poblacion\/","title":{"rendered":"Comunicado a la poblaci\u00f3n"},"content":{"rendered":"<p>Ante la aparici\u00f3n del primer caso de COVID-19 en la ciudad, la Intendencia Departamental de Rivera, una vez m\u00e1s, exhorta a toda la poblaci\u00f3n a extremar las medidas sanitarias individuales y colectivas.<\/p>\n<p>&nbsp;<\/p>\n","protected":false},"excerpt":{"rendered":"<p>Ante la aparici\u00f3n del primer caso de COVID-19 en la ciudad, la Intendencia Departamental de Rivera, una vez m\u00e1s, exhorta a toda la poblaci\u00f3n a extremar las medidas sanitarias individuales y colectivas. &nbsp;<\/p>\n","protected":false},"author":7,"featured_media":22983,"comment_status":"open","ping_status":"open","sticky":false,"template":"","format":"standard","meta":{"footnotes":""},"categories":[3,1],"tags":[1082,36,869,33],"class_list":["post-22982","post","type-post","status-publish","format-standard","has-post-thumbnail","hentry","category-multimedia","category-novedades","tag-coronavirus","tag-intendencia","tag-prevencion","tag-rivera","has-post-video"],"_links":{"self":[{"href":"https:\/\/www.rivera.gub.uy\/portal\/wp-json\/wp\/v2\/posts\/22982","targetHints":{"allow":["GET"]}}],"collection":[{"href":"https:\/\/www.rivera.gub.uy\/portal\/wp-json\/wp\/v2\/posts"}],"about":[{"href":"https:\/\/www.rivera.gub.uy\/portal\/wp-json\/wp\/v2\/types\/post"}],"author":[{"embeddable":true,"href":"https:\/\/www.rivera.gub.uy\/portal\/wp-json\/wp\/v2\/users\/7"}],"replies":[{"embeddable":true,"href":"https:\/\/www.rivera.gub.uy\/portal\/wp-json\/wp\/v2\/comments?post=22982"}],"version-history":[{"count":1,"href":"https:\/\/www.rivera.gub.uy\/portal\/wp-json\/wp\/v2\/posts\/22982\/revisions"}],"predecessor-version":[{"id":22984,"href":"https:\/\/www.rivera.gub.uy\/portal\/wp-json\/wp\/v2\/posts\/22982\/revisions\/22984"}],"wp:featuredmedia":[{"embeddable":true,"href":"https:\/\/www.rivera.gub.uy\/portal\/wp-json\/wp\/v2\/media\/22983"}],"wp:attachment":[{"href":"https:\/\/www.rivera.gub.uy\/portal\/wp-json\/wp\/v2\/media?parent=22982"}],"wp:term":[{"taxonomy":"category","embeddable":true,"href":"https:\/\/www.rivera.gub.uy\/portal\/wp-json\/wp\/v2\/categories?post=22982"},{"taxonomy":"post_tag","embeddable":true,"href":"https:\/\/www.rivera.gub.uy\/portal\/wp-json\/wp\/v2\/tags?post=22982"}],"curies":[{"name":"wp","href":"https:\/\/api.w.org\/{rel}","templated":true}]}}