{"id":23075,"date":"2020-05-15T11:31:27","date_gmt":"2020-05-15T14:31:27","guid":{"rendered":"https:\/\/www.rivera.gub.uy\/portal\/?p=23075"},"modified":"2020-05-15T14:39:40","modified_gmt":"2020-05-15T17:39:40","slug":"comunicado-de-la-asociacion-patriotica-de-rivera","status":"publish","type":"post","link":"https:\/\/www.rivera.gub.uy\/portal\/comunicado-de-la-asociacion-patriotica-de-rivera\/","title":{"rendered":"Comunicado de la Asociaci\u00f3n Patri\u00f3tica de Rivera"},"content":{"rendered":"<p>La Asociaci\u00f3n Patri\u00f3tica de Rivera informa a la poblaci\u00f3n, que debido a las actuales restricciones de aglomeraci\u00f3n de personas ante la situaci\u00f3n de emergencia sanitaria, la ceremonia en el marco de un nuevo aniversario de la Batalla de las Piedras y D\u00eda del Ej\u00e9rcito Nacional, prevista para el d\u00eda lunes 18 de mayo de 2020 en el municipio de Vichadero, queda suspendida.<\/p>\n<p><!--more--><br \/>\nA tales efectos, la Asociaci\u00f3n Patri\u00f3tica de Rivera y el Comit\u00e9 Patri\u00f3tico de Vichadero recordar\u00e1n los 209 a\u00f1os de la gloriosa gesta, con la colocaci\u00f3n de ofrendas florales:<\/p>\n<ol>\n<li>al pie del monumento al Gral. Jos\u00e9 Gervasio Artigas, ubicado en Plaza Artigas de la ciudad de Rivera, el d\u00eda lunes 18 de mayo a la hora 09.00.<\/li>\n<li>en el busto al Gral. Jos\u00e9 Gervasio Artigas, ubicado en Bvard. Artigas y Kennedy, en el municipio de Vichadero, el lunes 18 de mayo a la hora 11.00.<\/li>\n<\/ol>\n","protected":false},"excerpt":{"rendered":"<p>La Asociaci\u00f3n Patri\u00f3tica de Rivera informa a la poblaci\u00f3n, que debido a las actuales restricciones de aglomeraci\u00f3n de personas ante la situaci\u00f3n de emergencia sanitaria, la ceremonia en el marco de un nuevo aniversario de la Batalla de las Piedras y D\u00eda del Ej\u00e9rcito Nacional, prevista para el d\u00eda lunes 18 de mayo de 2020 [&hellip;]<\/p>\n","protected":false},"author":7,"featured_media":23077,"comment_status":"open","ping_status":"open","sticky":false,"template":"","format":"standard","meta":{"footnotes":""},"categories":[1],"tags":[1113,36,33,118],"class_list":["post-23075","post","type-post","status-publish","format-standard","has-post-thumbnail","hentry","category-novedades","tag-batalla-de-las-piedras","tag-intendencia","tag-rivera","tag-vichadero"],"_links":{"self":[{"href":"https:\/\/www.rivera.gub.uy\/portal\/wp-json\/wp\/v2\/posts\/23075","targetHints":{"allow":["GET"]}}],"collection":[{"href":"https:\/\/www.rivera.gub.uy\/portal\/wp-json\/wp\/v2\/posts"}],"about":[{"href":"https:\/\/www.rivera.gub.uy\/portal\/wp-json\/wp\/v2\/types\/post"}],"author":[{"embeddable":true,"href":"https:\/\/www.rivera.gub.uy\/portal\/wp-json\/wp\/v2\/users\/7"}],"replies":[{"embeddable":true,"href":"https:\/\/www.rivera.gub.uy\/portal\/wp-json\/wp\/v2\/comments?post=23075"}],"version-history":[{"count":4,"href":"https:\/\/www.rivera.gub.uy\/portal\/wp-json\/wp\/v2\/posts\/23075\/revisions"}],"predecessor-version":[{"id":23081,"href":"https:\/\/www.rivera.gub.uy\/portal\/wp-json\/wp\/v2\/posts\/23075\/revisions\/23081"}],"wp:featuredmedia":[{"embeddable":true,"href":"https:\/\/www.rivera.gub.uy\/portal\/wp-json\/wp\/v2\/media\/23077"}],"wp:attachment":[{"href":"https:\/\/www.rivera.gub.uy\/portal\/wp-json\/wp\/v2\/media?parent=23075"}],"wp:term":[{"taxonomy":"category","embeddable":true,"href":"https:\/\/www.rivera.gub.uy\/portal\/wp-json\/wp\/v2\/categories?post=23075"},{"taxonomy":"post_tag","embeddable":true,"href":"https:\/\/www.rivera.gub.uy\/portal\/wp-json\/wp\/v2\/tags?post=23075"}],"curies":[{"name":"wp","href":"https:\/\/api.w.org\/{rel}","templated":true}]}}