{"id":23276,"date":"2020-05-31T16:19:49","date_gmt":"2020-05-31T19:19:49","guid":{"rendered":"https:\/\/www.rivera.gub.uy\/portal\/?p=23276"},"modified":"2020-05-31T16:22:47","modified_gmt":"2020-05-31T19:22:47","slug":"duelo-departamental","status":"publish","type":"post","link":"https:\/\/www.rivera.gub.uy\/portal\/duelo-departamental\/","title":{"rendered":"Duelo Departamental"},"content":{"rendered":"<p>La intendente de Rivera Alma Galup Migliarini, en raz\u00f3n de los hechos de p\u00fablico conocimiento, ha resuelto decretar tres d\u00edas de duelo departamental con el izamiento de bandera a media asta en todas las dependencias departamentales. <!--more--><\/p>\n<p>Hacemos llegar a los familiares nuestras condolencias ante tan triste p\u00e9rdida, que nos provoca como uruguayos y particularmente como riverenses, profunda congoja.<\/p>\n<p><a href=\"https:\/\/www.rivera.gub.uy\/portal\/wp-content\/uploads\/2020\/05\/Banner-Duelo-1.png\"><img loading=\"lazy\" decoding=\"async\" class=\"aligncenter wp-image-23278 size-large\" src=\"https:\/\/www.rivera.gub.uy\/portal\/wp-content\/uploads\/2020\/05\/Banner-Duelo-1-626x626.png\" alt=\"\" width=\"626\" height=\"626\" srcset=\"https:\/\/www.rivera.gub.uy\/portal\/wp-content\/uploads\/2020\/05\/Banner-Duelo-1-626x626.png 626w, https:\/\/www.rivera.gub.uy\/portal\/wp-content\/uploads\/2020\/05\/Banner-Duelo-1-94x94.png 94w, https:\/\/www.rivera.gub.uy\/portal\/wp-content\/uploads\/2020\/05\/Banner-Duelo-1-188x188.png 188w, https:\/\/www.rivera.gub.uy\/portal\/wp-content\/uploads\/2020\/05\/Banner-Duelo-1-768x768.png 768w, https:\/\/www.rivera.gub.uy\/portal\/wp-content\/uploads\/2020\/05\/Banner-Duelo-1-820x820.png 820w, https:\/\/www.rivera.gub.uy\/portal\/wp-content\/uploads\/2020\/05\/Banner-Duelo-1.png 1200w\" sizes=\"auto, (max-width: 626px) 100vw, 626px\" \/><\/a><\/p>\n<p>&nbsp;<\/p>\n","protected":false},"excerpt":{"rendered":"<p>La intendente de Rivera Alma Galup Migliarini, en raz\u00f3n de los hechos de p\u00fablico conocimiento, ha resuelto decretar tres d\u00edas de duelo departamental con el izamiento de bandera a media asta en todas las dependencias departamentales.<\/p>\n","protected":false},"author":7,"featured_media":23277,"comment_status":"open","ping_status":"open","sticky":false,"template":"","format":"standard","meta":{"footnotes":""},"categories":[1],"tags":[658,36,33],"class_list":["post-23276","post","type-post","status-publish","format-standard","has-post-thumbnail","hentry","category-novedades","tag-duelo","tag-intendencia","tag-rivera"],"_links":{"self":[{"href":"https:\/\/www.rivera.gub.uy\/portal\/wp-json\/wp\/v2\/posts\/23276","targetHints":{"allow":["GET"]}}],"collection":[{"href":"https:\/\/www.rivera.gub.uy\/portal\/wp-json\/wp\/v2\/posts"}],"about":[{"href":"https:\/\/www.rivera.gub.uy\/portal\/wp-json\/wp\/v2\/types\/post"}],"author":[{"embeddable":true,"href":"https:\/\/www.rivera.gub.uy\/portal\/wp-json\/wp\/v2\/users\/7"}],"replies":[{"embeddable":true,"href":"https:\/\/www.rivera.gub.uy\/portal\/wp-json\/wp\/v2\/comments?post=23276"}],"version-history":[{"count":1,"href":"https:\/\/www.rivera.gub.uy\/portal\/wp-json\/wp\/v2\/posts\/23276\/revisions"}],"predecessor-version":[{"id":23279,"href":"https:\/\/www.rivera.gub.uy\/portal\/wp-json\/wp\/v2\/posts\/23276\/revisions\/23279"}],"wp:featuredmedia":[{"embeddable":true,"href":"https:\/\/www.rivera.gub.uy\/portal\/wp-json\/wp\/v2\/media\/23277"}],"wp:attachment":[{"href":"https:\/\/www.rivera.gub.uy\/portal\/wp-json\/wp\/v2\/media?parent=23276"}],"wp:term":[{"taxonomy":"category","embeddable":true,"href":"https:\/\/www.rivera.gub.uy\/portal\/wp-json\/wp\/v2\/categories?post=23276"},{"taxonomy":"post_tag","embeddable":true,"href":"https:\/\/www.rivera.gub.uy\/portal\/wp-json\/wp\/v2\/tags?post=23276"}],"curies":[{"name":"wp","href":"https:\/\/api.w.org\/{rel}","templated":true}]}}