{"id":23345,"date":"2020-06-05T14:55:35","date_gmt":"2020-06-05T17:55:35","guid":{"rendered":"https:\/\/www.rivera.gub.uy\/portal\/?p=23345"},"modified":"2020-06-05T14:55:35","modified_gmt":"2020-06-05T17:55:35","slug":"audiencia-publica-plan-local-corredor-ruta-5","status":"publish","type":"post","link":"https:\/\/www.rivera.gub.uy\/portal\/audiencia-publica-plan-local-corredor-ruta-5\/","title":{"rendered":"Audiencia P\u00fablica : Plan Local Corredor Ruta 5"},"content":{"rendered":"<p>Establecida por el Art. 25 de la ley 18.308.<\/p>\n<p>La Unidad de Ordenamiento Territorial de la IDR realizar\u00e1 la audiencia p\u00fablica del <strong><a href=\"https:\/\/www.rivera.gub.uy\/portal\/plan-local-corredor-logistico-ruta-5\/\" target=\"_blank\" rel=\"noopener noreferrer\">Plan Local Corredor Log\u00edstico Ruta 5<\/a>, <\/strong>el d\u00eda jueves 11 de junio, a las 10 horas.<\/p>\n<p><!--more--><\/p>\n<p>Dicha audiencia se llevar\u00e1 a cabo en forma presencial en el sal\u00f3n de actos de la IDR (Agraciada 570, piso -2),\u00a0 y a trav\u00e9s de la plataforma Zoom (<a href=\"https:\/\/zoom.us\/j\/92299868911\" target=\"_blank\" rel=\"noopener noreferrer\">unirse aqu\u00ed<\/a> &#8211; ID: 922 9986 89 11).<\/p>\n<p>&nbsp;<\/p>\n<p>&nbsp;<\/p>\n<p>&nbsp;<\/p>\n<p>&nbsp;<\/p>\n","protected":false},"excerpt":{"rendered":"<p>Establecida por el Art. 25 de la ley 18.308. La Unidad de Ordenamiento Territorial de la IDR realizar\u00e1 la audiencia p\u00fablica del Plan Local Corredor Log\u00edstico Ruta 5, el d\u00eda jueves 11 de junio, a las 10 horas.<\/p>\n","protected":false},"author":7,"featured_media":23351,"comment_status":"open","ping_status":"open","sticky":false,"template":"","format":"standard","meta":{"footnotes":""},"categories":[1],"tags":[1125,36,359,937],"class_list":["post-23345","post","type-post","status-publish","format-standard","has-post-thumbnail","hentry","category-novedades","tag-corredor","tag-intendencia","tag-ruta-5","tag-udot"],"_links":{"self":[{"href":"https:\/\/www.rivera.gub.uy\/portal\/wp-json\/wp\/v2\/posts\/23345","targetHints":{"allow":["GET"]}}],"collection":[{"href":"https:\/\/www.rivera.gub.uy\/portal\/wp-json\/wp\/v2\/posts"}],"about":[{"href":"https:\/\/www.rivera.gub.uy\/portal\/wp-json\/wp\/v2\/types\/post"}],"author":[{"embeddable":true,"href":"https:\/\/www.rivera.gub.uy\/portal\/wp-json\/wp\/v2\/users\/7"}],"replies":[{"embeddable":true,"href":"https:\/\/www.rivera.gub.uy\/portal\/wp-json\/wp\/v2\/comments?post=23345"}],"version-history":[{"count":4,"href":"https:\/\/www.rivera.gub.uy\/portal\/wp-json\/wp\/v2\/posts\/23345\/revisions"}],"predecessor-version":[{"id":23352,"href":"https:\/\/www.rivera.gub.uy\/portal\/wp-json\/wp\/v2\/posts\/23345\/revisions\/23352"}],"wp:featuredmedia":[{"embeddable":true,"href":"https:\/\/www.rivera.gub.uy\/portal\/wp-json\/wp\/v2\/media\/23351"}],"wp:attachment":[{"href":"https:\/\/www.rivera.gub.uy\/portal\/wp-json\/wp\/v2\/media?parent=23345"}],"wp:term":[{"taxonomy":"category","embeddable":true,"href":"https:\/\/www.rivera.gub.uy\/portal\/wp-json\/wp\/v2\/categories?post=23345"},{"taxonomy":"post_tag","embeddable":true,"href":"https:\/\/www.rivera.gub.uy\/portal\/wp-json\/wp\/v2\/tags?post=23345"}],"curies":[{"name":"wp","href":"https:\/\/api.w.org\/{rel}","templated":true}]}}